{"id":2082,"date":"2026-04-01T10:35:21","date_gmt":"2026-04-01T10:35:21","guid":{"rendered":"https:\/\/karriere.compassio.de\/magazin\/?p=2082"},"modified":"2026-04-27T13:52:28","modified_gmt":"2026-04-27T11:52:28","slug":"soft-skills-in-der-pflege-so-staerkst-du-dein-team","status":"publish","type":"post","link":"https:\/\/karriere.compassio.de\/magazin\/soft-skills-in-der-pflege-so-staerkst-du-dein-team\/","title":{"rendered":"Soft Skills in der Pflege: So st\u00e4rkst du dein Team"},"content":{"rendered":"<div class=\"fusion-fullwidth fullwidth-box fusion-builder-row-1 fusion-flex-container has-pattern-background has-mask-background nonhundred-percent-fullwidth non-hundred-percent-height-scrolling\" style=\"--awb-border-radius-top-left:0px;--awb-border-radius-top-right:0px;--awb-border-radius-bottom-right:0px;--awb-border-radius-bottom-left:0px;--awb-flex-wrap:wrap;\" ><div class=\"fusion-builder-row fusion-row fusion-flex-align-items-flex-start fusion-flex-content-wrap\" style=\"max-width:1302px;margin-left: calc(-5% \/ 2 );margin-right: calc(-5% \/ 2 );\"><div class=\"fusion-layout-column fusion_builder_column fusion-builder-column-0 fusion_builder_column_1_1 1_1 fusion-flex-column\" style=\"--awb-bg-size:cover;--awb-width-large:100%;--awb-margin-top-large:0px;--awb-spacing-right-large:100px;--awb-margin-bottom-large:0px;--awb-spacing-left-large:100px;--awb-width-medium:100%;--awb-order-medium:0;--awb-spacing-right-medium:100px;--awb-spacing-left-medium:100px;--awb-width-small:100%;--awb-order-small:0;--awb-spacing-right-small:2.375%;--awb-spacing-left-small:2.375%;\"><div class=\"fusion-column-wrapper fusion-column-has-shadow fusion-flex-justify-content-flex-start fusion-content-layout-column\"><div class=\"fusion-text fusion-text-1\"><p>Wenn du \u00fcber eine <strong>Ausbildung <\/strong>in der Pflege nachdenkst, h\u00f6rst du sehr schnell von einem Begriff: <strong>Soft Skills in der Pflege<\/strong>. Sie tauchen in Stellenanzeigen, in der Schule, in Gespr\u00e4chen mit Praxisanleitern auf. Fachwissen und <strong>praktische Fertigkeiten<\/strong>, also deine Hard Skills, lernst du in der Ausbildung. Deine sozialen Kompetenzen entscheiden jedoch oft, ob du dich in diesem Beruf wohlf\u00fchlst, im Team ankommst und Bewohnern echte Lebensqualit\u00e4t gibst. Als compassio erleben wir jeden Tag in \u00fcber 100 Einrichtungen, wie stark gute Soft Skills die Arbeit erleichtern \u2013 und wie sie <strong>Azubis, Quereinsteigerinnen und Quereinsteiger<\/strong> wachsen lassen. In diesem Beitrag zeigen wir dir, welche Soft Skills in der Pflege wirklich z\u00e4hlen, wie du sie gezielt entwickelst und warum du damit bei compassio sehr viel bewegen kannst.<\/p>\n<\/div><div class=\"fusion-title title fusion-title-1 fusion-sep-none fusion-title-text fusion-title-size-four\" style=\"--awb-margin-top-small:10px;--awb-margin-right-small:0px;--awb-margin-bottom-small:10px;--awb-margin-left-small:0px;\"><h4 class=\"fusion-title-heading title-heading-left\" style=\"margin:0;\"><h2>Was sind Soft Skills in der Pflege \u2013 und wie unterscheiden sie sich von Hard Skills?<\/h2><\/h4><\/div><div class=\"fusion-text fusion-text-2\"><p>In der Pflege bilden <strong>Soft Skills<\/strong> das Fundament f\u00fcr eine gelungene Beziehungsgestaltung zu Bewohnern, Angeh\u00f6rigen und Fachkollegen. Diese pers\u00f6nlichen und sozialen F\u00e4higkeiten entscheiden dar\u00fcber, wie empathisch man auf die Bed\u00fcrfnisse anderer eingeht, wie stabil man in Stresssituationen bleibt und wie konstruktiv die Zusammenarbeit im Team sowie mit \u00c4rzten verl\u00e4uft. Zu den zentralen Kompetenzen z\u00e4hlen hierbei insbesondere Einf\u00fchlungsverm\u00f6gen, Kommunikationsst\u00e4rke, Teamf\u00e4higkeit sowie ein hohes Ma\u00df an Zuverl\u00e4ssigkeit und Konfliktf\u00e4higkeit.<\/p>\n<p>Demgegen\u00fcber stehen die <strong>Hard Skills<\/strong>, also jene fachlichen Kompetenzen, die durch Ausbildung und Zertifikate klar nachweisbar sind. Dazu geh\u00f6ren die praktische Grund- und Behandlungspflege, die fachgerechte Medikamentengabe und Wundversorgung sowie die fundierte Erstellung der Pflegedokumentation. Auch theoretisches Expertenwissen in den Bereichen Anatomie, Hygiene und Krankheitslehre ist hierbei essenziell, um die t\u00e4glichen pflegerischen Aufgaben sicher und professionell auszuf\u00fchren.<\/p>\n<p>Hard Skills lernst du in der Schule und in der Praxis. Soft Skills entwickeln sich in Begegnungen, in deinem Alltag mit Bewohnern, im Austausch mit Mentorinnen und Ausbildern. Im Pflegeberuf greifen beide Bereiche ineinander: <strong>Fachlich sauber arbeiten reicht nicht, wenn Empathie und Kommunikation fehlen<\/strong>. Genau dieses Zusammenspiel trainieren wir bei compassio ab dem ersten Ausbildungstag, etwa in unseren Programmen f\u00fcr <a href=\"https:\/\/karriere.compassio.de\/starter\/ausbildung\/\">Auszubildende in der Pflege<\/a> oder in der <a href=\"https:\/\/karriere.compassio.de\/pflege\/pflegefachkraft\/\">Arbeit als Pflegefachkraft<\/a>.<\/p>\n<\/div><div class=\"fusion-image-element \" style=\"--awb-caption-title-font-family:var(--h2_typography-font-family);--awb-caption-title-font-weight:var(--h2_typography-font-weight);--awb-caption-title-font-style:var(--h2_typography-font-style);--awb-caption-title-size:var(--h2_typography-font-size);--awb-caption-title-transform:var(--h2_typography-text-transform);--awb-caption-title-line-height:var(--h2_typography-line-height);--awb-caption-title-letter-spacing:var(--h2_typography-letter-spacing);\"><span class=\" fusion-imageframe imageframe-none imageframe-1 hover-type-none\"><img decoding=\"async\" width=\"800\" height=\"600\" alt=\"Gl\u00fcckliche Menschen posieren mit W\u00fcrfel in der Hand.\" title=\"F\u00fcrsorge und Freude bei Compassio.\" src=\"https:\/\/karriere.compassio.de\/magazin\/wp-content\/uploads\/2026\/04\/5.png\" data-orig-src=\"https:\/\/karriere.compassio.de\/magazin\/wp-content\/uploads\/2026\/04\/5.png\" class=\"lazyload img-responsive wp-image-2132\" srcset=\"data:image\/svg+xml,%3Csvg%20xmlns%3D%27http%3A%2F%2Fwww.w3.org%2F2000%2Fsvg%27%20width%3D%27800%27%20height%3D%27600%27%20viewBox%3D%270%200%20800%20600%27%3E%3Crect%20width%3D%27800%27%20height%3D%27600%27%20fill-opacity%3D%220%22%2F%3E%3C%2Fsvg%3E\" data-srcset=\"https:\/\/karriere.compassio.de\/magazin\/wp-content\/uploads\/2026\/04\/5-200x150.png 200w, https:\/\/karriere.compassio.de\/magazin\/wp-content\/uploads\/2026\/04\/5-400x300.png 400w, https:\/\/karriere.compassio.de\/magazin\/wp-content\/uploads\/2026\/04\/5-600x450.png 600w, https:\/\/karriere.compassio.de\/magazin\/wp-content\/uploads\/2026\/04\/5.png 800w\" data-sizes=\"auto\" data-orig-sizes=\"(max-width: 800px) 100vw, 800px\" \/><\/span><\/div><div class=\"fusion-title title fusion-title-2 fusion-sep-none fusion-title-text fusion-title-size-four\" style=\"--awb-margin-top-small:10px;--awb-margin-right-small:0px;--awb-margin-bottom-small:10px;--awb-margin-left-small:0px;\"><h4 class=\"fusion-title-heading title-heading-left\" style=\"margin:0;\"><h2>Soft Skills in der Pflege: Warum sie so gefragt sind<\/h2><\/h4><\/div><div class=\"fusion-text fusion-text-3\"><p>Pflege hat sich in den letzten Jahren stark ver\u00e4ndert: <strong>Mehr Dokumentation, mehr digitale Tools, komplexere Krankheitsbilder<\/strong>, h\u00f6here Erwartungen von Angeh\u00f6rigen. Parallel dazu w\u00e4chst der Fachkr\u00e4ftemangel. Arbeitgeber achten deswegen sehr genau auf Soft Skills, weil Teams nur funktionieren, wenn sie auch in hektischen Situationen professionell und wertsch\u00e4tzend bleiben. F\u00fcr dich als Azubi oder Einsteiger bedeutet das:<\/p>\n<h4><strong>Soft Skills in der Pflege er\u00f6ffnen dir Chancen<\/strong>:<\/h4>\n<\/div><ul style=\"--awb-item-padding-top:10px;--awb-item-padding-left:25px;--awb-iconcolor:var(--awb-color4);--awb-line-height:27.2px;--awb-icon-width:27.2px;--awb-icon-height:27.2px;--awb-icon-margin:11.2px;--awb-content-margin:38.4px;--awb-circlecolor:hsla(var(--awb-color4-h),var(--awb-color4-s),var(--awb-color4-l),calc(var(--awb-color4-a) - 90%));--awb-circle-yes-font-size:14.08px;\" class=\"fusion-checklist fusion-checklist-1 type-icons\"><li class=\"fusion-li-item\" style=\"\"><span class=\"icon-wrapper circle-yes\"><i class=\"fusion-li-icon awb-magazine-angle-right-solid\" aria-hidden=\"true\"><\/i><\/span><div class=\"fusion-li-item-content\">\n<p>Du findest leichter einen Ausbildungsplatz oder Job, weil Einrichtungen gezielt nach Empathie, Teamf\u00e4higkeit und Belastbarkeit suchen.<\/p>\n<\/div><\/li><li class=\"fusion-li-item\" style=\"\"><span class=\"icon-wrapper circle-yes\"><i class=\"fusion-li-icon awb-magazine-angle-right-solid\" aria-hidden=\"true\"><\/i><\/span><div class=\"fusion-li-item-content\">\n<p>Du entwickelst dich weiter \u2013 zum Beispiel Richtung <a href=\"https:\/\/karriere.compassio.de\/fuehrungskraefte\/pflegedienstleitung-2\/\">Pflegedienstleitung<\/a>, Qualit\u00e4tsmanagement oder Praxisanleitung.<\/p>\n<\/div><\/li><li class=\"fusion-li-item\" style=\"\"><span class=\"icon-wrapper circle-yes\"><i class=\"fusion-li-icon awb-magazine-angle-right-solid\" aria-hidden=\"true\"><\/i><\/span><div class=\"fusion-li-item-content\">\n<p>Du gestaltest deinen Arbeitsalltag aktiver mit, weil du klar kommunizierst, Konflikte ansprichst und Verantwortung \u00fcbernimmst.<\/p>\n<\/div><\/li><\/ul><div class=\"fusion-text fusion-text-4\"><p>In unseren <a href=\"https:\/\/karriere.compassio.de\/pflege\/\">Pflege-Jobs spielen Soft Skills deshalb eine gro\u00dfe Rolle \u2013 vom ersten Praktikum \u00fcber das <\/a><a href=\"https:\/\/karriere.compassio.de\/starter\/freiwilliges-soziales-jahr\/\">Freiwillige Soziale Jahr<\/a> bis hin zur erfahrenen Fachkraft.<\/p>\n<\/div><div class=\"fusion-title title fusion-title-3 fusion-sep-none fusion-title-text fusion-title-size-four\" style=\"--awb-margin-top-small:10px;--awb-margin-right-small:0px;--awb-margin-bottom-small:10px;--awb-margin-left-small:0px;\"><h4 class=\"fusion-title-heading title-heading-left\" style=\"margin:0;\"><h2>Soft Skills in der modernen Pflege<\/h2><\/h4><\/div><div class=\"fusion-text fusion-text-5\"><h3>Empathie: Mitf\u00fchlen statt mitleiden<\/h3>\n<div>\n<p>Empathie bedeutet, die <strong>Bed\u00fcrfnisse der Bewohner<\/strong> achtsam wahrzunehmen und respektvoll darauf zu reagieren, ohne dabei die eigene professionelle Distanz zu verlieren. In der Praxis zeigt sich dies durch aktives Zuh\u00f6ren und <strong>biografisches Interesse<\/strong>, etwa wenn bei Unruhe gezielt nach vertrauten Ritualen gesucht wird. Um diese F\u00e4higkeit in der Ausbildung zu st\u00e4rken, setzen wir auf einen intensiven Austausch mit der Praxisanleitung sowie eine <strong>offene Feedbackkultur<\/strong> im Team, die Raum f\u00fcr Reflexion und pers\u00f6nliche Weiterentwicklung bietet.<\/p>\n<h3>Belastbarkeit: Stabil bleiben in intensiven Phasen<\/h3>\n<p>Ein emotional fordernder Beruf wie die Pflege erfordert eine hohe , um auch unter Zeitdruck oder in Krisensituationen sicher zu entscheiden und die eigene Gesundheit zu sch\u00fctzen. <strong>Belastbarkeit <\/strong>bedeutet dabei keineswegs stilles Ertragen, sondern das rechtzeitige Erkennen <strong>eigener Grenzen<\/strong> und das Nutzen von Hilfsangeboten. Wir unterst\u00fctzen unsere Mitarbeiter durch strukturierte Einarbeitung sowie Fortbildungen zu <strong>Resilienz <\/strong>und Selbstf\u00fcrsorge, damit sie von den ersten Eins\u00e4tzen als <a href=\"https:\/\/karriere.compassio.de\/starter\/praktikum\/\">Praktikant <\/a>bis hin zur F\u00fchrungskraft stabil in ihre anspruchsvollen Rollen hineinwachsen k\u00f6nnen.<\/p>\n<h3>Kommunikation: Klar sprechen, achtsam zuh\u00f6ren<\/h3>\n<p>Effektive verbindet fachliche Pr\u00e4zision bei \u00dcbergaben mit emotionaler Achtsamkeit im Umgang mit Bewohnern und Angeh\u00f6rigen. Durch den bewussten Einsatz von <strong>Mimik, Ber\u00fchrung und verst\u00e4ndlicher Sprache<\/strong> lassen sich Missverst\u00e4ndnisse vermeiden und die Versorgungsqualit\u00e4t sichern. Wir f\u00f6rdern diese Kompetenz gezielt durch Schulungen und Leitf\u00e4den, wobei der Fokus auf <strong>wertsch\u00e4tzendem Feedback<\/strong> und dem Einsatz von Ich-Botschaften liegt, um Konflikte im Team konstruktiv zu l\u00f6sen und den t\u00e4glichen Druck zu senken.<\/p>\n<h3>Teamf\u00e4higkeit: Pflege als Mannschaftssport<\/h3>\n<p>Da <a href=\"https:\/\/karriere.compassio.de\/pflege\/pflegehilfskraft\/\">Pflege <\/a>eine Gemeinschaftsleistung ist, z\u00e4hlt zu den essenziellen Grundlagen f\u00fcr eine sichere und menschliche Bewohnerversorgung. Sie zeigt sich durch Verl\u00e4sslichkeit bei <strong>Absprachen, gegenseitige Hilfsbereitschaft und die Offenheit<\/strong> f\u00fcr unterschiedliche Kulturen und Lebenswege innerhalb der Belegschaft. Als moderner Arbeitgeber f\u00f6rdern wir diesen Zusammenhalt durch regelm\u00e4\u00dfige Teambesprechungen und eine gelebte Feedbackkultur, in der Wissen geteilt und Konflikte offen angesprochen werden, um ein <strong>wertsch\u00e4tzendes Arbeitsumfeld<\/strong> f\u00fcr alle Berufsgruppen zu schaffen.<\/p>\n<\/div>\n<\/div><div class=\"fusion-image-element \" style=\"--awb-caption-title-font-family:var(--h2_typography-font-family);--awb-caption-title-font-weight:var(--h2_typography-font-weight);--awb-caption-title-font-style:var(--h2_typography-font-style);--awb-caption-title-size:var(--h2_typography-font-size);--awb-caption-title-transform:var(--h2_typography-text-transform);--awb-caption-title-line-height:var(--h2_typography-line-height);--awb-caption-title-letter-spacing:var(--h2_typography-letter-spacing);\"><span class=\" fusion-imageframe imageframe-none imageframe-2 hover-type-none\"><img decoding=\"async\" width=\"800\" height=\"600\" alt=\"Frau auf Bild und Einblendung mit Symbol.\" title=\"Zuschl\u00e4ge in der Pflege.\" src=\"https:\/\/karriere.compassio.de\/magazin\/wp-content\/uploads\/2026\/04\/17.png\" data-orig-src=\"https:\/\/karriere.compassio.de\/magazin\/wp-content\/uploads\/2026\/04\/17.png\" class=\"lazyload img-responsive wp-image-2139\" srcset=\"data:image\/svg+xml,%3Csvg%20xmlns%3D%27http%3A%2F%2Fwww.w3.org%2F2000%2Fsvg%27%20width%3D%27800%27%20height%3D%27600%27%20viewBox%3D%270%200%20800%20600%27%3E%3Crect%20width%3D%27800%27%20height%3D%27600%27%20fill-opacity%3D%220%22%2F%3E%3C%2Fsvg%3E\" data-srcset=\"https:\/\/karriere.compassio.de\/magazin\/wp-content\/uploads\/2026\/04\/17-200x150.png 200w, https:\/\/karriere.compassio.de\/magazin\/wp-content\/uploads\/2026\/04\/17-400x300.png 400w, https:\/\/karriere.compassio.de\/magazin\/wp-content\/uploads\/2026\/04\/17-600x450.png 600w, https:\/\/karriere.compassio.de\/magazin\/wp-content\/uploads\/2026\/04\/17.png 800w\" data-sizes=\"auto\" data-orig-sizes=\"(max-width: 800px) 100vw, 800px\" \/><\/span><\/div><div class=\"fusion-title title fusion-title-4 fusion-sep-none fusion-title-text fusion-title-size-four\" style=\"--awb-margin-top-small:10px;--awb-margin-right-small:0px;--awb-margin-bottom-small:10px;--awb-margin-left-small:0px;\"><h4 class=\"fusion-title-heading title-heading-left\" style=\"margin:0;\"><h2>F\u00fcnf zentrale Kompetenzen in der Pflege \u2013 wie Soft Skills und Hard Skills zusammenspielen<\/h2><\/h4><\/div><div class=\"fusion-text fusion-text-6\"><p>Oft liest du von den \u201e5 Kompetenzen in der Pflege\u201c. Sie decken sich inhaltlich stark mit den Anforderungen an moderne Pflegeberufe und verbinden Soft Skills mit fachlichen F\u00e4higkeiten:<\/p>\n<\/div>\n<div class=\"table-1\">\n<table width=\"100%\">\n<thead>\n<tr>\n<th align=\"left\">Kompetenzbereich<\/th>\n<th align=\"left\">Beispiele f\u00fcr Hard Skills<\/th>\n<th align=\"left\">Beispiele f\u00fcr Soft Skills in der Pflege<\/th>\n<\/tr>\n<\/thead>\n<tbody>\n<tr>\n<td align=\"left\">Fachliche Kompetenz<\/td>\n<td align=\"left\">Pflegeplanung, Behandlungspflege, Dokumentation<\/td>\n<td align=\"left\">Genauigkeit, Verantwortungsbewusstsein<\/td>\n<\/tr>\n<tr>\n<td align=\"left\">Soziale Kompetenz<\/td>\n<td align=\"left\">Biografiearbeit, Angeh\u00f6rigengespr\u00e4che<\/td>\n<td align=\"left\">Empathie, Kommunikationsf\u00e4higkeit, Teamf\u00e4higkeit<\/td>\n<\/tr>\n<tr>\n<td align=\"left\">Personale Kompetenz<\/td>\n<td align=\"left\">Selbstorganisation im Schichtdienst<\/td>\n<td align=\"left\">Reflexionsf\u00e4higkeit, Belastbarkeit, Zuverl\u00e4ssigkeit<\/td>\n<\/tr>\n<tr>\n<td align=\"left\">Methodenkompetenz<\/td>\n<td align=\"left\">Anwenden von Expertenstandards, Einsatz von Pflegemodellen<\/td>\n<td align=\"left\">Probleml\u00f6sef\u00e4higkeit, strukturiertes Vorgehen<\/td>\n<\/tr>\n<tr>\n<td align=\"left\">Digitale Kompetenz<\/td>\n<td align=\"left\">Umgang mit digitaler Dokumentation, Assistenzsystemen<\/td>\n<td align=\"left\">Offenheit f\u00fcr Neues, Lernbereitschaft<\/td>\n<\/tr>\n<\/tbody>\n<\/table>\n<\/div>\n<div class=\"fusion-text fusion-text-7\"><p>Qualitativ hochwertige Pflege entsteht, wenn diese f\u00fcnf Kompetenzfelder ineinandergreifen. Unsere Weiterbildungsangebote, etwa im Qualit\u00e4tsmanagement oder in der au\u00dferklinischen Intensivpflege, bauen genau darauf auf.<\/p>\n<\/div><div class=\"fusion-title title fusion-title-5 fusion-sep-none fusion-title-text fusion-title-size-four\" style=\"--awb-margin-top-small:10px;--awb-margin-right-small:0px;--awb-margin-bottom-small:10px;--awb-margin-left-small:0px;\"><h4 class=\"fusion-title-heading title-heading-left\" style=\"margin:0;\"><h2>Wie du deine Soft Skills in der Pflege w\u00e4hrend Ausbildung und Einstieg st\u00e4rkst<\/h2><\/h4><\/div><div class=\"fusion-text fusion-text-8\"><p>Soft Skills wachsen im Tun. Du brauchst jedoch einen Rahmen, der dich unterst\u00fctzt. Bei compassio verbinden wir praktische Eins\u00e4tze mit gezielter F\u00f6rderung deiner pers\u00f6nlichen Kompetenzen.<\/p>\n<h4><strong>Konkrete Ansatzpunkte:<\/strong><\/h4>\n<p><strong>1. Bewusste Praxisphasen<\/strong><br \/>\nIn der pflegerischen Ausbildung lassen sich soziale Kompetenzen gezielt durch <strong>bewusste Praxisphasen<\/strong> weiterentwickeln. Hierbei hilft es, jede Praxiseinheit konsequent nachzubereiten und sich kritische Fragen zur eigenen Empathie, dem pers\u00f6nlichen Verhalten unter Druck sowie der Dynamik innerhalb des Teams zu stellen. Indem Beobachtungen schriftlich festgehalten werden, lassen sich langfristige Verhaltensmuster und individuelle Lernfortschritte deutlich leichter identifizieren.<\/p>\n<p><strong>2. Feedback aktiv einholen<\/strong><br \/>\nErg\u00e4nzend dazu ist das <strong>aktive Einholen von Feedback<\/strong> ein entscheidender Faktor f\u00fcr die pers\u00f6nliche Reife. Anstatt auf allgemeine R\u00fcckmeldungen zu warten, sollten gezielt Situationen mit Praxisanleitern oder Mentoren besprochen werden \u2013 beispielsweise die Wirkung eines Gespr\u00e4chs mit Bewohnern oder die Effektivit\u00e4t der internen Kommunikation. Ein solcher fachlicher Austausch ist oft wertvoller als jede starre Checkliste, um die eigenen Soft Skills in der Pflege nachhaltig auszubauen.<\/p>\n<p><strong>3. Weiterbildungen und interne Angebote nutzen<\/strong><br \/>\nOb <strong>Kommunikationstraining<\/strong>, Deeskalationstraining oder Resilienzworkshop: Diese Formate helfen dir, deinen Alltag zu reflektieren und neue Strategien zu entwickeln. \u00dcber interne Programme st\u00e4rkst du zum Beispiel deine F\u00e4higkeiten f\u00fcr Rollen wie <a href=\"https:\/\/karriere.compassio.de\/pflege\/qualitaetsmanagement\/\">Qualit\u00e4tsbeauftragte oder Qualit\u00e4tsmanager<\/a>.<\/p>\n<p><strong>4. Selbstf\u00fcrsorge ernst nehmen<\/strong><br \/>\nBelastbarkeit w\u00e4chst nicht durch \u201eZ\u00e4hne zusammenbei\u00dfen\u201c, sondern durch gesundes <strong>Selbstmanagement<\/strong>: Pausen, Austausch, Hobbys, klare Grenzen. Unsere Teams achten darauf, dass Selfcare nicht als Egoismus gilt, sondern als Voraussetzung f\u00fcr verl\u00e4ssliche Pflege.<\/p>\n<\/div><div class=\"fusion-image-element \" style=\"--awb-caption-title-font-family:var(--h2_typography-font-family);--awb-caption-title-font-weight:var(--h2_typography-font-weight);--awb-caption-title-font-style:var(--h2_typography-font-style);--awb-caption-title-size:var(--h2_typography-font-size);--awb-caption-title-transform:var(--h2_typography-text-transform);--awb-caption-title-line-height:var(--h2_typography-line-height);--awb-caption-title-letter-spacing:var(--h2_typography-letter-spacing);\"><span class=\" fusion-imageframe imageframe-none imageframe-3 hover-type-none\"><img decoding=\"async\" width=\"800\" height=\"600\" alt=\"Frau mit Blumenstrau\u00df und Einblendung mit Symbol.\" title=\"Zuschl\u00e4ge und Erfolge bei Compassio.\" src=\"https:\/\/karriere.compassio.de\/magazin\/wp-content\/uploads\/2026\/04\/18.png\" data-orig-src=\"https:\/\/karriere.compassio.de\/magazin\/wp-content\/uploads\/2026\/04\/18.png\" class=\"lazyload img-responsive wp-image-2140\" srcset=\"data:image\/svg+xml,%3Csvg%20xmlns%3D%27http%3A%2F%2Fwww.w3.org%2F2000%2Fsvg%27%20width%3D%27800%27%20height%3D%27600%27%20viewBox%3D%270%200%20800%20600%27%3E%3Crect%20width%3D%27800%27%20height%3D%27600%27%20fill-opacity%3D%220%22%2F%3E%3C%2Fsvg%3E\" data-srcset=\"https:\/\/karriere.compassio.de\/magazin\/wp-content\/uploads\/2026\/04\/18-200x150.png 200w, https:\/\/karriere.compassio.de\/magazin\/wp-content\/uploads\/2026\/04\/18-400x300.png 400w, https:\/\/karriere.compassio.de\/magazin\/wp-content\/uploads\/2026\/04\/18-600x450.png 600w, https:\/\/karriere.compassio.de\/magazin\/wp-content\/uploads\/2026\/04\/18.png 800w\" data-sizes=\"auto\" data-orig-sizes=\"(max-width: 800px) 100vw, 800px\" \/><\/span><\/div><div class=\"fusion-title title fusion-title-6 fusion-sep-none fusion-title-text fusion-title-size-four\" style=\"--awb-margin-top-small:10px;--awb-margin-right-small:0px;--awb-margin-bottom-small:10px;--awb-margin-left-small:0px;\"><h4 class=\"fusion-title-heading title-heading-left\" style=\"margin:0;\"><h2>Soft Skills in der Pflege und deine Karrierechancen bei compassio<\/h2><\/h4><\/div><div class=\"fusion-text fusion-text-9\"><p>Soft Skills sind ma\u00dfgeblich daf\u00fcr verantwortlich, ob man sich in seinem Beruf langfristig wohlf\u00fchlt und wie erfolgreich die pers\u00f6nliche Weiterentwicklung verl\u00e4uft. Bei compassio wird diese menschliche Seite gezielt mit <strong>finanzieller Wertsch\u00e4tzung und klaren Karrierewegen<\/strong> verkn\u00fcpft. Ein zentraler Baustein ist hierbei der innovative Tarif \u201eZEITENWENDE\u201c, der durch eine verbesserte Verg\u00fctung ein deutliches Signal f\u00fcr Sicherheit und Anerkennung im Pflegebereich setzt.<\/p>\n<p>Dies spiegelt sich bereits in der attraktiven Ausbildungsverg\u00fctung wider, die im ersten Lehrjahr durchschnittlich bei <strong>1.341 \u20ac brutto<\/strong> liegt und bis zum dritten Jahr auf <strong>1.504 \u20ac<\/strong> ansteigt. Auch f\u00fcr Quereinsteiger bietet das Unternehmen attraktive Perspektiven: \u00dcber spezielle Programme wie das Qualifizierungschancengesetz sind in gef\u00f6rderten Zweitausbildungen monatliche Geh\u00e4lter von <strong>bis zu 2.400 \u20ac brutto<\/strong> m\u00f6glich, um den beruflichen Neustart solide abzusichern. Wenn du Soft Skills in der Pflege mitbringst und Lust hast, sie weiterzuentwickeln, \u00f6ffnen sich dir viele T\u00fcren \u2013 von ersten Eins\u00e4tzen im <a href=\"https:\/\/karriere.compassio.de\/starter\/praktikum\/\">Pflegepraktikum<\/a> bis hin zu verantwortungsvollen Aufgaben in Leitung und Qualit\u00e4tsmanagement.<\/p>\n<\/div><\/div><\/div><\/div><\/div>\n","protected":false},"excerpt":{"rendered":"<p>In diesem Beitrag zeigen wir dir, welche Soft Skills in der Pflege wirklich z\u00e4hlen, wie du sie gezielt entwickelst und warum du damit bei compassio sehr viel bewegen kannst.<\/p>\n","protected":false},"author":3,"featured_media":2127,"comment_status":"open","ping_status":"open","sticky":false,"template":"","format":"standard","meta":{"footnotes":""},"categories":[64],"tags":[82,70,85],"class_list":["post-2082","post","type-post","status-publish","format-standard","has-post-thumbnail","hentry","category-arbeit-in-der-pflege","tag-arbeit","tag-pflege","tag-soft-skills"],"yoast_head":"<!-- This site is optimized with the Yoast SEO plugin v27.4 - https:\/\/yoast.com\/product\/yoast-seo-wordpress\/ -->\n<title>Soft Skills in der Pflege: So st\u00e4rkst du dein Team<\/title>\n<meta name=\"description\" content=\"Entdecke, warum Soft Skills in der Pflege entscheidend f\u00fcr Teamspirit, Entlastung im Alltag und wertsch\u00e4tzende Zusammenarbeit sind \u2013 und wie du sie gezielt st\u00e4rkst.\" \/>\n<meta name=\"robots\" content=\"index, follow, max-snippet:-1, max-image-preview:large, max-video-preview:-1\" \/>\n<link rel=\"canonical\" href=\"https:\/\/karriere.compassio.de\/magazin\/soft-skills-in-der-pflege-so-staerkst-du-dein-team\/\" \/>\n<meta property=\"og:locale\" content=\"de_DE\" \/>\n<meta property=\"og:type\" content=\"article\" \/>\n<meta property=\"og:title\" content=\"Soft Skills in der Pflege: So st\u00e4rkst du dein Team\" \/>\n<meta property=\"og:description\" content=\"Entdecke, warum Soft Skills in der Pflege entscheidend f\u00fcr Teamspirit, Entlastung im Alltag und wertsch\u00e4tzende Zusammenarbeit sind \u2013 und wie du sie gezielt st\u00e4rkst.\" \/>\n<meta property=\"og:url\" content=\"https:\/\/karriere.compassio.de\/magazin\/soft-skills-in-der-pflege-so-staerkst-du-dein-team\/\" \/>\n<meta property=\"og:site_name\" content=\"Avada Magazine\" \/>\n<meta property=\"article:publisher\" content=\"https:\/\/www.facebook.com\/compassiokarriere\/\" \/>\n<meta property=\"article:published_time\" content=\"2026-04-01T10:35:21+00:00\" \/>\n<meta property=\"article:modified_time\" content=\"2026-04-27T11:52:28+00:00\" \/>\n<meta property=\"og:image\" content=\"https:\/\/karriere.compassio.de\/magazin\/wp-content\/uploads\/2026\/04\/15.png\" \/>\n\t<meta property=\"og:image:width\" content=\"800\" \/>\n\t<meta property=\"og:image:height\" content=\"600\" \/>\n\t<meta property=\"og:image:type\" content=\"image\/png\" \/>\n<meta name=\"author\" content=\"Vanessa Angrick\" \/>\n<meta name=\"twitter:card\" content=\"summary_large_image\" \/>\n<meta name=\"twitter:label1\" content=\"Verfasst von\" \/>\n\t<meta name=\"twitter:data1\" content=\"Vanessa Angrick\" \/>\n\t<meta name=\"twitter:label2\" content=\"Gesch\u00e4tzte Lesezeit\" \/>\n\t<meta name=\"twitter:data2\" content=\"9\u00a0Minuten\" \/>\n<script type=\"application\/ld+json\" class=\"yoast-schema-graph\">{\"@context\":\"https:\\\/\\\/schema.org\",\"@graph\":[{\"@type\":\"Article\",\"@id\":\"https:\\\/\\\/karriere.compassio.de\\\/magazin\\\/soft-skills-in-der-pflege-so-staerkst-du-dein-team\\\/#article\",\"isPartOf\":{\"@id\":\"https:\\\/\\\/karriere.compassio.de\\\/magazin\\\/soft-skills-in-der-pflege-so-staerkst-du-dein-team\\\/\"},\"author\":{\"name\":\"Vanessa Angrick\",\"@id\":\"https:\\\/\\\/karriere.compassio.de\\\/magazin\\\/#\\\/schema\\\/person\\\/f82989bad171edfe2367aab4b6602eff\"},\"headline\":\"Soft Skills in der Pflege: So st\u00e4rkst du dein Team\",\"datePublished\":\"2026-04-01T10:35:21+00:00\",\"dateModified\":\"2026-04-27T11:52:28+00:00\",\"mainEntityOfPage\":{\"@id\":\"https:\\\/\\\/karriere.compassio.de\\\/magazin\\\/soft-skills-in-der-pflege-so-staerkst-du-dein-team\\\/\"},\"wordCount\":5713,\"commentCount\":0,\"publisher\":{\"@id\":\"https:\\\/\\\/karriere.compassio.de\\\/magazin\\\/#organization\"},\"image\":{\"@id\":\"https:\\\/\\\/karriere.compassio.de\\\/magazin\\\/soft-skills-in-der-pflege-so-staerkst-du-dein-team\\\/#primaryimage\"},\"thumbnailUrl\":\"https:\\\/\\\/karriere.compassio.de\\\/magazin\\\/wp-content\\\/uploads\\\/2026\\\/04\\\/15.png\",\"keywords\":[\"Arbeit\",\"Pflege\",\"Soft Skills\"],\"articleSection\":[\"Arbeit &amp; Leben in der Pflege\"],\"inLanguage\":\"de\",\"potentialAction\":[{\"@type\":\"CommentAction\",\"name\":\"Comment\",\"target\":[\"https:\\\/\\\/karriere.compassio.de\\\/magazin\\\/soft-skills-in-der-pflege-so-staerkst-du-dein-team\\\/#respond\"]}]},{\"@type\":\"WebPage\",\"@id\":\"https:\\\/\\\/karriere.compassio.de\\\/magazin\\\/soft-skills-in-der-pflege-so-staerkst-du-dein-team\\\/\",\"url\":\"https:\\\/\\\/karriere.compassio.de\\\/magazin\\\/soft-skills-in-der-pflege-so-staerkst-du-dein-team\\\/\",\"name\":\"Soft Skills in der Pflege: So st\u00e4rkst du dein Team\",\"isPartOf\":{\"@id\":\"https:\\\/\\\/karriere.compassio.de\\\/magazin\\\/#website\"},\"primaryImageOfPage\":{\"@id\":\"https:\\\/\\\/karriere.compassio.de\\\/magazin\\\/soft-skills-in-der-pflege-so-staerkst-du-dein-team\\\/#primaryimage\"},\"image\":{\"@id\":\"https:\\\/\\\/karriere.compassio.de\\\/magazin\\\/soft-skills-in-der-pflege-so-staerkst-du-dein-team\\\/#primaryimage\"},\"thumbnailUrl\":\"https:\\\/\\\/karriere.compassio.de\\\/magazin\\\/wp-content\\\/uploads\\\/2026\\\/04\\\/15.png\",\"datePublished\":\"2026-04-01T10:35:21+00:00\",\"dateModified\":\"2026-04-27T11:52:28+00:00\",\"description\":\"Entdecke, warum Soft Skills in der Pflege entscheidend f\u00fcr Teamspirit, Entlastung im Alltag und wertsch\u00e4tzende Zusammenarbeit sind \u2013 und wie du sie gezielt st\u00e4rkst.\",\"breadcrumb\":{\"@id\":\"https:\\\/\\\/karriere.compassio.de\\\/magazin\\\/soft-skills-in-der-pflege-so-staerkst-du-dein-team\\\/#breadcrumb\"},\"inLanguage\":\"de\",\"potentialAction\":[{\"@type\":\"ReadAction\",\"target\":[\"https:\\\/\\\/karriere.compassio.de\\\/magazin\\\/soft-skills-in-der-pflege-so-staerkst-du-dein-team\\\/\"]}]},{\"@type\":\"ImageObject\",\"inLanguage\":\"de\",\"@id\":\"https:\\\/\\\/karriere.compassio.de\\\/magazin\\\/soft-skills-in-der-pflege-so-staerkst-du-dein-team\\\/#primaryimage\",\"url\":\"https:\\\/\\\/karriere.compassio.de\\\/magazin\\\/wp-content\\\/uploads\\\/2026\\\/04\\\/15.png\",\"contentUrl\":\"https:\\\/\\\/karriere.compassio.de\\\/magazin\\\/wp-content\\\/uploads\\\/2026\\\/04\\\/15.png\",\"width\":800,\"height\":600,\"caption\":\"Gl\u00fcckliche Menschen lachen zusammen.\"},{\"@type\":\"BreadcrumbList\",\"@id\":\"https:\\\/\\\/karriere.compassio.de\\\/magazin\\\/soft-skills-in-der-pflege-so-staerkst-du-dein-team\\\/#breadcrumb\",\"itemListElement\":[{\"@type\":\"ListItem\",\"position\":1,\"name\":\"Start\",\"item\":\"https:\\\/\\\/karriere.compassio.de\\\/magazin\\\/\"},{\"@type\":\"ListItem\",\"position\":2,\"name\":\"Soft Skills in der Pflege: So st\u00e4rkst du dein Team\"}]},{\"@type\":\"WebSite\",\"@id\":\"https:\\\/\\\/karriere.compassio.de\\\/magazin\\\/#website\",\"url\":\"https:\\\/\\\/karriere.compassio.de\\\/magazin\\\/\",\"name\":\"compassio Karriere Magazin\",\"description\":\"\",\"publisher\":{\"@id\":\"https:\\\/\\\/karriere.compassio.de\\\/magazin\\\/#organization\"},\"potentialAction\":[{\"@type\":\"SearchAction\",\"target\":{\"@type\":\"EntryPoint\",\"urlTemplate\":\"https:\\\/\\\/karriere.compassio.de\\\/magazin\\\/?s={search_term_string}\"},\"query-input\":{\"@type\":\"PropertyValueSpecification\",\"valueRequired\":true,\"valueName\":\"search_term_string\"}}],\"inLanguage\":\"de\"},{\"@type\":\"Organization\",\"@id\":\"https:\\\/\\\/karriere.compassio.de\\\/magazin\\\/#organization\",\"name\":\"compassio Karriere\",\"url\":\"https:\\\/\\\/karriere.compassio.de\\\/magazin\\\/\",\"logo\":{\"@type\":\"ImageObject\",\"inLanguage\":\"de\",\"@id\":\"https:\\\/\\\/karriere.compassio.de\\\/magazin\\\/#\\\/schema\\\/logo\\\/image\\\/\",\"url\":\"https:\\\/\\\/karriere.compassio.de\\\/magazin\\\/wp-content\\\/uploads\\\/2026\\\/03\\\/logo.png\",\"contentUrl\":\"https:\\\/\\\/karriere.compassio.de\\\/magazin\\\/wp-content\\\/uploads\\\/2026\\\/03\\\/logo.png\",\"width\":952,\"height\":348,\"caption\":\"compassio Karriere\"},\"image\":{\"@id\":\"https:\\\/\\\/karriere.compassio.de\\\/magazin\\\/#\\\/schema\\\/logo\\\/image\\\/\"},\"sameAs\":[\"https:\\\/\\\/www.facebook.com\\\/compassiokarriere\\\/\"]},{\"@type\":\"Person\",\"@id\":\"https:\\\/\\\/karriere.compassio.de\\\/magazin\\\/#\\\/schema\\\/person\\\/f82989bad171edfe2367aab4b6602eff\",\"name\":\"Vanessa Angrick\",\"image\":{\"@type\":\"ImageObject\",\"inLanguage\":\"de\",\"@id\":\"https:\\\/\\\/secure.gravatar.com\\\/avatar\\\/a954875a6c9d925c6a81849d6229350a9ad62f3583dc3627aa42a030b0b2777e?s=96&d=mm&r=g\",\"url\":\"https:\\\/\\\/secure.gravatar.com\\\/avatar\\\/a954875a6c9d925c6a81849d6229350a9ad62f3583dc3627aa42a030b0b2777e?s=96&d=mm&r=g\",\"contentUrl\":\"https:\\\/\\\/secure.gravatar.com\\\/avatar\\\/a954875a6c9d925c6a81849d6229350a9ad62f3583dc3627aa42a030b0b2777e?s=96&d=mm&r=g\",\"caption\":\"Vanessa Angrick\"}}]}<\/script>\n<!-- \/ Yoast SEO plugin. -->","yoast_head_json":{"title":"Soft Skills in der Pflege: So st\u00e4rkst du dein Team","description":"Entdecke, warum Soft Skills in der Pflege entscheidend f\u00fcr Teamspirit, Entlastung im Alltag und wertsch\u00e4tzende Zusammenarbeit sind \u2013 und wie du sie gezielt st\u00e4rkst.","robots":{"index":"index","follow":"follow","max-snippet":"max-snippet:-1","max-image-preview":"max-image-preview:large","max-video-preview":"max-video-preview:-1"},"canonical":"https:\/\/karriere.compassio.de\/magazin\/soft-skills-in-der-pflege-so-staerkst-du-dein-team\/","og_locale":"de_DE","og_type":"article","og_title":"Soft Skills in der Pflege: So st\u00e4rkst du dein Team","og_description":"Entdecke, warum Soft Skills in der Pflege entscheidend f\u00fcr Teamspirit, Entlastung im Alltag und wertsch\u00e4tzende Zusammenarbeit sind \u2013 und wie du sie gezielt st\u00e4rkst.","og_url":"https:\/\/karriere.compassio.de\/magazin\/soft-skills-in-der-pflege-so-staerkst-du-dein-team\/","og_site_name":"Avada Magazine","article_publisher":"https:\/\/www.facebook.com\/compassiokarriere\/","article_published_time":"2026-04-01T10:35:21+00:00","article_modified_time":"2026-04-27T11:52:28+00:00","og_image":[{"width":800,"height":600,"url":"https:\/\/karriere.compassio.de\/magazin\/wp-content\/uploads\/2026\/04\/15.png","type":"image\/png"}],"author":"Vanessa Angrick","twitter_card":"summary_large_image","twitter_misc":{"Verfasst von":"Vanessa Angrick","Gesch\u00e4tzte Lesezeit":"9\u00a0Minuten"},"schema":{"@context":"https:\/\/schema.org","@graph":[{"@type":"Article","@id":"https:\/\/karriere.compassio.de\/magazin\/soft-skills-in-der-pflege-so-staerkst-du-dein-team\/#article","isPartOf":{"@id":"https:\/\/karriere.compassio.de\/magazin\/soft-skills-in-der-pflege-so-staerkst-du-dein-team\/"},"author":{"name":"Vanessa Angrick","@id":"https:\/\/karriere.compassio.de\/magazin\/#\/schema\/person\/f82989bad171edfe2367aab4b6602eff"},"headline":"Soft Skills in der Pflege: So st\u00e4rkst du dein Team","datePublished":"2026-04-01T10:35:21+00:00","dateModified":"2026-04-27T11:52:28+00:00","mainEntityOfPage":{"@id":"https:\/\/karriere.compassio.de\/magazin\/soft-skills-in-der-pflege-so-staerkst-du-dein-team\/"},"wordCount":5713,"commentCount":0,"publisher":{"@id":"https:\/\/karriere.compassio.de\/magazin\/#organization"},"image":{"@id":"https:\/\/karriere.compassio.de\/magazin\/soft-skills-in-der-pflege-so-staerkst-du-dein-team\/#primaryimage"},"thumbnailUrl":"https:\/\/karriere.compassio.de\/magazin\/wp-content\/uploads\/2026\/04\/15.png","keywords":["Arbeit","Pflege","Soft Skills"],"articleSection":["Arbeit &amp; Leben in der Pflege"],"inLanguage":"de","potentialAction":[{"@type":"CommentAction","name":"Comment","target":["https:\/\/karriere.compassio.de\/magazin\/soft-skills-in-der-pflege-so-staerkst-du-dein-team\/#respond"]}]},{"@type":"WebPage","@id":"https:\/\/karriere.compassio.de\/magazin\/soft-skills-in-der-pflege-so-staerkst-du-dein-team\/","url":"https:\/\/karriere.compassio.de\/magazin\/soft-skills-in-der-pflege-so-staerkst-du-dein-team\/","name":"Soft Skills in der Pflege: So st\u00e4rkst du dein Team","isPartOf":{"@id":"https:\/\/karriere.compassio.de\/magazin\/#website"},"primaryImageOfPage":{"@id":"https:\/\/karriere.compassio.de\/magazin\/soft-skills-in-der-pflege-so-staerkst-du-dein-team\/#primaryimage"},"image":{"@id":"https:\/\/karriere.compassio.de\/magazin\/soft-skills-in-der-pflege-so-staerkst-du-dein-team\/#primaryimage"},"thumbnailUrl":"https:\/\/karriere.compassio.de\/magazin\/wp-content\/uploads\/2026\/04\/15.png","datePublished":"2026-04-01T10:35:21+00:00","dateModified":"2026-04-27T11:52:28+00:00","description":"Entdecke, warum Soft Skills in der Pflege entscheidend f\u00fcr Teamspirit, Entlastung im Alltag und wertsch\u00e4tzende Zusammenarbeit sind \u2013 und wie du sie gezielt st\u00e4rkst.","breadcrumb":{"@id":"https:\/\/karriere.compassio.de\/magazin\/soft-skills-in-der-pflege-so-staerkst-du-dein-team\/#breadcrumb"},"inLanguage":"de","potentialAction":[{"@type":"ReadAction","target":["https:\/\/karriere.compassio.de\/magazin\/soft-skills-in-der-pflege-so-staerkst-du-dein-team\/"]}]},{"@type":"ImageObject","inLanguage":"de","@id":"https:\/\/karriere.compassio.de\/magazin\/soft-skills-in-der-pflege-so-staerkst-du-dein-team\/#primaryimage","url":"https:\/\/karriere.compassio.de\/magazin\/wp-content\/uploads\/2026\/04\/15.png","contentUrl":"https:\/\/karriere.compassio.de\/magazin\/wp-content\/uploads\/2026\/04\/15.png","width":800,"height":600,"caption":"Gl\u00fcckliche Menschen lachen zusammen."},{"@type":"BreadcrumbList","@id":"https:\/\/karriere.compassio.de\/magazin\/soft-skills-in-der-pflege-so-staerkst-du-dein-team\/#breadcrumb","itemListElement":[{"@type":"ListItem","position":1,"name":"Start","item":"https:\/\/karriere.compassio.de\/magazin\/"},{"@type":"ListItem","position":2,"name":"Soft Skills in der Pflege: So st\u00e4rkst du dein Team"}]},{"@type":"WebSite","@id":"https:\/\/karriere.compassio.de\/magazin\/#website","url":"https:\/\/karriere.compassio.de\/magazin\/","name":"compassio Karriere Magazin","description":"","publisher":{"@id":"https:\/\/karriere.compassio.de\/magazin\/#organization"},"potentialAction":[{"@type":"SearchAction","target":{"@type":"EntryPoint","urlTemplate":"https:\/\/karriere.compassio.de\/magazin\/?s={search_term_string}"},"query-input":{"@type":"PropertyValueSpecification","valueRequired":true,"valueName":"search_term_string"}}],"inLanguage":"de"},{"@type":"Organization","@id":"https:\/\/karriere.compassio.de\/magazin\/#organization","name":"compassio Karriere","url":"https:\/\/karriere.compassio.de\/magazin\/","logo":{"@type":"ImageObject","inLanguage":"de","@id":"https:\/\/karriere.compassio.de\/magazin\/#\/schema\/logo\/image\/","url":"https:\/\/karriere.compassio.de\/magazin\/wp-content\/uploads\/2026\/03\/logo.png","contentUrl":"https:\/\/karriere.compassio.de\/magazin\/wp-content\/uploads\/2026\/03\/logo.png","width":952,"height":348,"caption":"compassio Karriere"},"image":{"@id":"https:\/\/karriere.compassio.de\/magazin\/#\/schema\/logo\/image\/"},"sameAs":["https:\/\/www.facebook.com\/compassiokarriere\/"]},{"@type":"Person","@id":"https:\/\/karriere.compassio.de\/magazin\/#\/schema\/person\/f82989bad171edfe2367aab4b6602eff","name":"Vanessa Angrick","image":{"@type":"ImageObject","inLanguage":"de","@id":"https:\/\/secure.gravatar.com\/avatar\/a954875a6c9d925c6a81849d6229350a9ad62f3583dc3627aa42a030b0b2777e?s=96&d=mm&r=g","url":"https:\/\/secure.gravatar.com\/avatar\/a954875a6c9d925c6a81849d6229350a9ad62f3583dc3627aa42a030b0b2777e?s=96&d=mm&r=g","contentUrl":"https:\/\/secure.gravatar.com\/avatar\/a954875a6c9d925c6a81849d6229350a9ad62f3583dc3627aa42a030b0b2777e?s=96&d=mm&r=g","caption":"Vanessa Angrick"}}]}},"_links":{"self":[{"href":"https:\/\/karriere.compassio.de\/magazin\/wp-json\/wp\/v2\/posts\/2082","targetHints":{"allow":["GET"]}}],"collection":[{"href":"https:\/\/karriere.compassio.de\/magazin\/wp-json\/wp\/v2\/posts"}],"about":[{"href":"https:\/\/karriere.compassio.de\/magazin\/wp-json\/wp\/v2\/types\/post"}],"author":[{"embeddable":true,"href":"https:\/\/karriere.compassio.de\/magazin\/wp-json\/wp\/v2\/users\/3"}],"replies":[{"embeddable":true,"href":"https:\/\/karriere.compassio.de\/magazin\/wp-json\/wp\/v2\/comments?post=2082"}],"version-history":[{"count":8,"href":"https:\/\/karriere.compassio.de\/magazin\/wp-json\/wp\/v2\/posts\/2082\/revisions"}],"predecessor-version":[{"id":2379,"href":"https:\/\/karriere.compassio.de\/magazin\/wp-json\/wp\/v2\/posts\/2082\/revisions\/2379"}],"wp:featuredmedia":[{"embeddable":true,"href":"https:\/\/karriere.compassio.de\/magazin\/wp-json\/wp\/v2\/media\/2127"}],"wp:attachment":[{"href":"https:\/\/karriere.compassio.de\/magazin\/wp-json\/wp\/v2\/media?parent=2082"}],"wp:term":[{"taxonomy":"category","embeddable":true,"href":"https:\/\/karriere.compassio.de\/magazin\/wp-json\/wp\/v2\/categories?post=2082"},{"taxonomy":"post_tag","embeddable":true,"href":"https:\/\/karriere.compassio.de\/magazin\/wp-json\/wp\/v2\/tags?post=2082"}],"curies":[{"name":"wp","href":"https:\/\/api.w.org\/{rel}","templated":true}]}}