{"id":2084,"date":"2026-04-01T10:36:39","date_gmt":"2026-04-01T10:36:39","guid":{"rendered":"https:\/\/karriere.compassio.de\/magazin\/?p=2084"},"modified":"2026-04-27T13:51:30","modified_gmt":"2026-04-27T11:51:30","slug":"stress-in-der-pflege-so-schuetzt-du-dich-im-alltag","status":"publish","type":"post","link":"https:\/\/karriere.compassio.de\/magazin\/stress-in-der-pflege-so-schuetzt-du-dich-im-alltag\/","title":{"rendered":"Stress in der Pflege: So sch\u00fctzt du dich im Alltag"},"content":{"rendered":"<div class=\"fusion-fullwidth fullwidth-box fusion-builder-row-1 fusion-flex-container has-pattern-background has-mask-background nonhundred-percent-fullwidth non-hundred-percent-height-scrolling\" style=\"--awb-border-radius-top-left:0px;--awb-border-radius-top-right:0px;--awb-border-radius-bottom-right:0px;--awb-border-radius-bottom-left:0px;--awb-flex-wrap:wrap;\" ><div class=\"fusion-builder-row fusion-row fusion-flex-align-items-flex-start fusion-flex-content-wrap\" style=\"max-width:1302px;margin-left: calc(-5% \/ 2 );margin-right: calc(-5% \/ 2 );\"><div class=\"fusion-layout-column fusion_builder_column fusion-builder-column-0 fusion_builder_column_1_1 1_1 fusion-flex-column\" style=\"--awb-bg-size:cover;--awb-width-large:100%;--awb-margin-top-large:0px;--awb-spacing-right-large:100px;--awb-margin-bottom-large:0px;--awb-spacing-left-large:100px;--awb-width-medium:100%;--awb-order-medium:0;--awb-spacing-right-medium:100px;--awb-spacing-left-medium:100px;--awb-width-small:100%;--awb-order-small:0;--awb-spacing-right-small:2.375%;--awb-spacing-left-small:2.375%;\"><div class=\"fusion-column-wrapper fusion-column-has-shadow fusion-flex-justify-content-flex-start fusion-content-layout-column\"><div class=\"fusion-text fusion-text-1\"><p><strong>Stress in der Pflege<\/strong> geh\u00f6rt f\u00fcr viele Pflegefachkr\u00e4fte, Pflegehilfskr\u00e4fte und Auszubildende leider zum Alltag. <strong>Hohe Verantwortung, ein enger Personalschl\u00fcssel<\/strong>, Schichtsystem mit Nachtdiensten und die st\u00e4ndige N\u00e4he zu Leid und Abschied fordern dich <strong>k\u00f6rperlich und psychisch<\/strong>. In diesem Beitrag zeigen wir dir, wie Stress in der Pflege entsteht, was Studien dazu sagen und wie wir bei compassio gemeinsam mit dir gegensteuern.<\/p>\n<\/div><div class=\"fusion-title title fusion-title-1 fusion-sep-none fusion-title-text fusion-title-size-four\" style=\"--awb-margin-top-small:10px;--awb-margin-right-small:0px;--awb-margin-bottom-small:10px;--awb-margin-left-small:0px;\"><h4 class=\"fusion-title-heading title-heading-left\" style=\"margin:0;\"><h2>Stress in der Pflege: Mehr als nur \u201eviel zu tun\u201c<\/h2><\/h4><\/div><div class=\"fusion-text fusion-text-2\"><p>Wenn du in der Pflege arbeitest, kennst du das Gef\u00fchl: Kaum beginnt der Dienst, stapeln sich die Aufgaben. Eine Bewohnerin braucht Hilfe beim Aufstehen, ein Angeh\u00f6riger hat <strong>dringende Fragen<\/strong>, zwei Kolleginnen fallen krankheitsbedingt aus, die Medikamentenrunde wartet. <strong>Stress in der Pflege<\/strong> entsteht nicht nur durch viele Aufgaben, sondern durch mehrere Faktoren, die gleichzeitig auf dich einwirken:<\/p>\n<\/div><ul style=\"--awb-item-padding-top:10px;--awb-item-padding-left:25px;--awb-iconcolor:var(--awb-color4);--awb-line-height:27.2px;--awb-icon-width:27.2px;--awb-icon-height:27.2px;--awb-icon-margin:11.2px;--awb-content-margin:38.4px;--awb-circlecolor:hsla(var(--awb-color4-h),var(--awb-color4-s),var(--awb-color4-l),calc(var(--awb-color4-a) - 90%));--awb-circle-yes-font-size:14.08px;\" class=\"fusion-checklist fusion-checklist-1 type-icons\"><li class=\"fusion-li-item\" style=\"\"><span class=\"icon-wrapper circle-yes\"><i class=\"fusion-li-icon awb-magazine-angle-right-solid\" aria-hidden=\"true\"><\/i><\/span><div class=\"fusion-li-item-content\">\n<p>Hohe <strong>Pflegeintensit\u00e4t <\/strong>bei komplexen Krankheitsbildern<\/p>\n<\/div><\/li><li class=\"fusion-li-item\" style=\"\"><span class=\"icon-wrapper circle-yes\"><i class=\"fusion-li-icon awb-magazine-angle-right-solid\" aria-hidden=\"true\"><\/i><\/span><div class=\"fusion-li-item-content\">\n<p>Emotionale <strong>Belastung <\/strong>durch Leid, Demenz, Krisen und Tod<\/p>\n<\/div><\/li><li class=\"fusion-li-item\" style=\"\"><span class=\"icon-wrapper circle-yes\"><i class=\"fusion-li-icon awb-magazine-angle-right-solid\" aria-hidden=\"true\"><\/i><\/span><div class=\"fusion-li-item-content\">\n<p><strong>Organisatorischer Druck<\/strong> durch Dokumentation, Qualit\u00e4tsanforderungen und Zeitvorgaben<\/p>\n<\/div><\/li><li class=\"fusion-li-item\" style=\"\"><span class=\"icon-wrapper circle-yes\"><i class=\"fusion-li-icon awb-magazine-angle-right-solid\" aria-hidden=\"true\"><\/i><\/span><div class=\"fusion-li-item-content\">\n<p><strong>Unvorhersehbarkeit<\/strong>: Notf\u00e4lle, St\u00fcrze, Verschlechterungen<\/p>\n<\/div><\/li><\/ul><div class=\"fusion-text fusion-text-3\"><p>Stress in der Pflege ist ein Dauerzustand, wenn <strong>Belastung, Verantwortung und Emotionen<\/strong> sich \u00fcberlagern und <strong>Erholungsphasen fehlen<\/strong>. Genau hier liegt das Risiko f\u00fcr Ersch\u00f6pfung und Burnout in der Pflege.<\/p>\n<\/div><div class=\"fusion-image-element \" style=\"--awb-caption-title-font-family:var(--h2_typography-font-family);--awb-caption-title-font-weight:var(--h2_typography-font-weight);--awb-caption-title-font-style:var(--h2_typography-font-style);--awb-caption-title-size:var(--h2_typography-font-size);--awb-caption-title-transform:var(--h2_typography-text-transform);--awb-caption-title-line-height:var(--h2_typography-line-height);--awb-caption-title-letter-spacing:var(--h2_typography-letter-spacing);\"><span class=\" fusion-imageframe imageframe-none imageframe-1 hover-type-none\"><img decoding=\"async\" width=\"800\" height=\"600\" alt=\"Menschen halten Puzzleteile zusammen.\" title=\"Symbolbild Teamarbeit.\" src=\"https:\/\/karriere.compassio.de\/magazin\/wp-content\/uploads\/2026\/04\/11.png\" data-orig-src=\"https:\/\/karriere.compassio.de\/magazin\/wp-content\/uploads\/2026\/04\/11.png\" class=\"lazyload img-responsive wp-image-2138\" srcset=\"data:image\/svg+xml,%3Csvg%20xmlns%3D%27http%3A%2F%2Fwww.w3.org%2F2000%2Fsvg%27%20width%3D%27800%27%20height%3D%27600%27%20viewBox%3D%270%200%20800%20600%27%3E%3Crect%20width%3D%27800%27%20height%3D%27600%27%20fill-opacity%3D%220%22%2F%3E%3C%2Fsvg%3E\" data-srcset=\"https:\/\/karriere.compassio.de\/magazin\/wp-content\/uploads\/2026\/04\/11-200x150.png 200w, https:\/\/karriere.compassio.de\/magazin\/wp-content\/uploads\/2026\/04\/11-400x300.png 400w, https:\/\/karriere.compassio.de\/magazin\/wp-content\/uploads\/2026\/04\/11-600x450.png 600w, https:\/\/karriere.compassio.de\/magazin\/wp-content\/uploads\/2026\/04\/11.png 800w\" data-sizes=\"auto\" data-orig-sizes=\"(max-width: 800px) 100vw, 800px\" \/><\/span><\/div><div class=\"fusion-text fusion-text-4\"><h3>Personalschl\u00fcssel: Wenn jede fehlende Hand Stress verst\u00e4rkt<\/h3>\n<p>Ein <strong>unzureichender Personalschl\u00fcssel<\/strong> gilt als zentraler Stressor, der den Druck auf die einzelne Pflegekraft massiv erh\u00f6ht und laut Gesundheitsreports zu \u00fcberdurchschnittlich <strong>hohen Krankenst\u00e4nden<\/strong> f\u00fchrt. In der Praxis bedeutet dies oft eine h\u00f6here Anzahl zu versorgender Bewohner pro Schicht, <strong>Zeitmangel <\/strong>f\u00fcr die Dokumentation und verk\u00fcrzte Pausen. Besonders belastend wirkt dabei der \u201e<strong>moralische Stress<\/strong>\u201c: das Gef\u00fchl, dem eigenen fachlichen und menschlichen Anspruch aufgrund der Rahmenbedingungen nicht gerecht werden zu k\u00f6nnen.<\/p>\n<p>Bei compassio begegnen wir dieser Herausforderung durch eine verl\u00e4ssliche Besetzung und <strong>moderne, digitale Dienstplanungstools<\/strong>, die fr\u00fchzeitige <strong>Planungssicherheit <\/strong>und individuelle Freir\u00e4ume schaffen.<\/p>\n<h3>Schichtsystem: Wie dein Biorhythmus im Dienst mitarbeitet<\/h3>\n<p>Das Schichtsystem stellt f\u00fcr den K\u00f6rper eine erhebliche Belastungsprobe dar, da <strong>verschobene Schlafrhythmen<\/strong> und verk\u00fcrzte Regenerationsphasen das Risiko f\u00fcr Ersch\u00f6pfung sowie Herz-Kreislauf-Probleme erh\u00f6hen k\u00f6nnen. Gleichzeitig erschwert die Arbeit rund um die Uhr oft die <strong>soziale Teilhabe<\/strong>, da freie Zeiten selten mit dem privaten Umfeld korrespondieren. Dennoch bietet ein gut organisiertes System auch Vorteile wie planbare Freizeitbl\u00f6cke und flexible Arbeitsmodelle.<\/p>\n<p>Entscheidend ist hierbei die <strong>Mitgestaltung<\/strong>: compassio setzt daher auf <strong>Wunschdienstpl\u00e4ne<\/strong>, Teilzeitl\u00f6sungen und , um Engp\u00e4sse abzufedern und die Balance zwischen Beruf und <strong>Biorhythmus <\/strong>zu verbessern.<\/p>\n<h3>Psychische Belastung: Wenn Mitgef\u00fchl zur Dauerbelastung wird<\/h3>\n<p>Die<strong> emotionale N\u00e4he<\/strong> in der Pflege verleiht dem Beruf Sinn, birgt jedoch bei dauerhaftem Zeitdruck und Krisensituationen das Risiko einer \u201eCompassion Fatigue\u201c. Diese emotionale Ersch\u00f6pfung entsteht schleichend durch Ohnmachtsgef\u00fchle oder belastende Abschiede und \u00e4u\u00dfert sich oft in <strong>Konzentrationsproblemen<\/strong>, innerer Unruhe oder Zynismus. Wissenschaftliche Untersuchungen belegen, dass diese psychosomatischen Symptome ernstzunehmende Signale f\u00fcr eine \u00dcberlastung der Beziehungsarbeit sind.<\/p>\n<p>Ein fr\u00fchzeitiges Gegensteuern ist hier essenziell, um die <strong>Freude am Mitgef\u00fchl<\/strong> langfristig zu erhalten, ohne die eigene psychische Gesundheit zu gef\u00e4hrden.<\/p>\n<h3>Burnout in der Pflege: Zahlen, Erfahrungen und Warnsignale<\/h3>\n<p>Studien zeigen regelm\u00e4\u00dfig, dass Pflegeberufe <strong>international Spitzenwerte bei Burnout-Raten<\/strong> und emotionaler Ersch\u00f6pfung erreichen, was oft auf chronische System\u00fcberlastung zur\u00fcckzuf\u00fchren ist. Typische Warnsignale sind ein anhaltendes Gef\u00fchl des \u201e<strong>Abarbeitens<\/strong>\u201c, wachsende Distanz zum Team oder Bewohnern sowie ein <strong>Leistungsabfall <\/strong>trotz Erholungsversuchen. Burnout ist dabei kein Zeichen pers\u00f6nlicher Schw\u00e4che, sondern das Resultat ignorierter Warnsignale in einem fordernden Umfeld.<\/p>\n<p>Wir f\u00f6rdern daher bei compassio eine Kultur der <strong>offenen Feedbackrunden<\/strong> und regelm\u00e4\u00dfige Gespr\u00e4che mit F\u00fchrungskr\u00e4ften, damit psychische Gesundheit pr\u00e4ventiv und ernsthaft thematisiert wird.<\/p>\n<\/div><div class=\"fusion-image-element \" style=\"--awb-caption-title-font-family:var(--h2_typography-font-family);--awb-caption-title-font-weight:var(--h2_typography-font-weight);--awb-caption-title-font-style:var(--h2_typography-font-style);--awb-caption-title-size:var(--h2_typography-font-size);--awb-caption-title-transform:var(--h2_typography-text-transform);--awb-caption-title-line-height:var(--h2_typography-line-height);--awb-caption-title-letter-spacing:var(--h2_typography-letter-spacing);\"><span class=\" fusion-imageframe imageframe-none imageframe-2 hover-type-none\"><img decoding=\"async\" width=\"800\" height=\"600\" alt=\"Gl\u00fcckliche Mitarbeiter posieren.\" title=\"Teamarbeit bei Compassio.\" src=\"https:\/\/karriere.compassio.de\/magazin\/wp-content\/uploads\/2026\/04\/7.png\" data-orig-src=\"https:\/\/karriere.compassio.de\/magazin\/wp-content\/uploads\/2026\/04\/7.png\" class=\"lazyload img-responsive wp-image-2134\" srcset=\"data:image\/svg+xml,%3Csvg%20xmlns%3D%27http%3A%2F%2Fwww.w3.org%2F2000%2Fsvg%27%20width%3D%27800%27%20height%3D%27600%27%20viewBox%3D%270%200%20800%20600%27%3E%3Crect%20width%3D%27800%27%20height%3D%27600%27%20fill-opacity%3D%220%22%2F%3E%3C%2Fsvg%3E\" data-srcset=\"https:\/\/karriere.compassio.de\/magazin\/wp-content\/uploads\/2026\/04\/7-200x150.png 200w, https:\/\/karriere.compassio.de\/magazin\/wp-content\/uploads\/2026\/04\/7-400x300.png 400w, https:\/\/karriere.compassio.de\/magazin\/wp-content\/uploads\/2026\/04\/7-600x450.png 600w, https:\/\/karriere.compassio.de\/magazin\/wp-content\/uploads\/2026\/04\/7.png 800w\" data-sizes=\"auto\" data-orig-sizes=\"(max-width: 800px) 100vw, 800px\" \/><\/span><\/div><div class=\"fusion-title title fusion-title-2 fusion-sep-none fusion-title-text fusion-title-size-four\" style=\"--awb-margin-top-small:10px;--awb-margin-right-small:0px;--awb-margin-bottom-small:10px;--awb-margin-left-small:0px;\"><h4 class=\"fusion-title-heading title-heading-left\" style=\"margin:0;\"><h2>Was du selbst gegen Stress in der Pflege tun kannst<\/h2><\/h4><\/div><div class=\"fusion-text fusion-text-5\"><h3><\/h3>\n<p>Eine h\u00e4ufige Frage lautet: \u201eWas kann man gegen Stress in der Pflege tun?\u201c Du kannst die Rahmenbedingungen nicht alleine \u00e4ndern, aber du hast Einfluss auf deinen Umgang mit Belastung. Einige praxiserprobte Strategien aus Teams, mit denen wir arbeiten:<\/p>\n<p><strong>1. Eigene Grenzen erkennen und kommunizieren<\/strong><br \/>\nNimm Warnsignale ernst: Schlafprobleme, st\u00e4ndige Gereiztheit, Gedankenkreisen nach dem Dienst. Sprich fr\u00fchzeitig mit deiner Leitung oder einer Vertrauensperson im Team. Klar formulierte Grenzen helfen dir und dem Team, L\u00f6sungen zu finden \u2013 zum Beispiel andere Dienste, Unterst\u00fctzung durch Springer oder Anpassungen der Aufgabenverteilung.<\/p>\n<p><strong>2. Mikropausen und clevere Routinen<\/strong><br \/>\nSchon wenige Minuten bewusster Pause im Dienst senken dein Stresslevel: kurz durchatmen, Wasser trinken, die Station f\u00fcr einen Moment verlassen, um den Kopf zu kl\u00e4ren. Baue kleine Routinen ein, etwa eine bewusste \u00dcbergabe mit klarer Struktur oder feste Abl\u00e4ufe f\u00fcr Dokumentation, um Chaos zu reduzieren.<\/p>\n<p><strong>3. Teamkultur st\u00e4rken<\/strong><br \/>\nEin gutes Team f\u00e4ngt Stress ab. Klare Absprachen, gegenseitige Unterst\u00fctzung und wertsch\u00e4tzende Kommunikation senken die psychische Belastung sp\u00fcrbar. Nutze Besprechungen, um Probleme offen anzusprechen und gemeinsam bessere L\u00f6sungen zu finden \u2013 vom \u00dcbergabemodell bis zur Wegeorganisation.<\/p>\n<p><strong>4. Professioneller Umgang mit Emotionen<\/strong><br \/>\nPflege bedeutet Mitgef\u00fchl, nicht Selbstaufgabe. Lerne, innerlich Abstand zu schaffen, ohne kalt zu werden: Supervision, kollegiale Fallbesprechung oder Schulungen zu Kommunikation und Deeskalation st\u00e4rken deine Handlungssicherheit. Du arbeitest dann nicht \u201eh\u00e4rter\u201c, sondern kl\u00fcger.<\/p>\n<p><strong>5. Gesundheit aktiv sch\u00fctzen<\/strong><br \/>\nRegelm\u00e4\u00dfige Bewegung, ausgewogene Ern\u00e4hrung und ausreichend Schlaf klingen einfach, geraten im Schichtdienst aber schnell unter die R\u00e4der. Plane Erholung bewusst ein, statt sie \u201eirgendwann\u201c nachzuholen. Nutze Angebote des betrieblichen Gesundheitsmanagements und tausche dich mit Kolleginnen und Kollegen aus, welche Strategien im Schichtsystem realistisch funktionieren.<\/p>\n<\/div><div class=\"fusion-title title fusion-title-3 fusion-sep-none fusion-title-text fusion-title-size-four\" style=\"--awb-margin-top-small:10px;--awb-margin-right-small:0px;--awb-margin-bottom-small:10px;--awb-margin-left-small:0px;\"><h4 class=\"fusion-title-heading title-heading-left\" style=\"margin:0;\"><h2>Was Arbeitgeber konkret gegen Stress in der Pflege tun sollten \u2013 unser Ansatz bei compassio<\/h2><\/h4><\/div><div class=\"fusion-text fusion-text-6\"><p>Nach vielen Jahren Erfahrung in der Pflege wissen wir: Du tr\u00e4gst viel Verantwortung, die Verantwortung f\u00fcr gesunde Arbeitsbedingungen liegt bei uns als Arbeitgeber. Aus Studien zu Stress in der Pflege, Statistiken der Krankenkassen und eigenen Mitarbeitenden-Befragungen leiten wir mehrere Handlungsfelder ab:<\/p>\n<p><strong>1. Faire Verg\u00fctung und transparente Entgeltordnung<\/strong><br \/>\nMit unserem Tarif \u201eZEITENWENDE\u201c setzen wir ein Zeichen f\u00fcr bessere Bezahlung im Pflegebereich. Eine angemessene Verg\u00fctung reduziert finanziellen Druck, st\u00e4rkt Wertsch\u00e4tzung und macht den Beruf attraktiver \u2013 ein wichtiger Faktor, um mehr Menschen f\u00fcr Pflegejobs zu gewinnen und den Personalschl\u00fcssel langfristig zu verbessern.<\/p>\n<p><strong>2. Moderne Dienstplanung und flexible Arbeitszeitmodelle<\/strong><br \/>\nDigitale Dienstplanungstools, Wunschdienstsysteme im Team und Teilzeitmodelle erleichtern die Vereinbarkeit von Beruf und Privatleben. Gemeinsam mit dir suchen wir Arbeitszeitmodelle, die zu deiner Lebensphase passen \u2013 als junge Fachkraft, als Elternteil oder im sp\u00e4teren Berufsleben.<\/p>\n<p><strong>3. Entlastung durch Technik und klare Prozesse<\/strong><br \/>\nDigitale Dokumentationssysteme, strukturierte Pflegeplanung und standardisierte Abl\u00e4ufe entlasten dich von unn\u00f6tiger B\u00fcrokratie. Der Fokus soll auf menschlicher Zuwendung und fachlicher Pflege liegen, nicht auf Papierstapeln.<\/p>\n<p><strong>4. F\u00fchrung, die zuh\u00f6rt<\/strong><br \/>\nWir qualifizieren unsere Leitungskr\u00e4fte daf\u00fcr, Belastungen im Team fr\u00fch zu erkennen, offene Gespr\u00e4che zu f\u00fchren und gemeinsam L\u00f6sungen zu entwickeln. F\u00fchrung versteht sich bei compassio als Beziehungsarbeit: transparent, nahbar, auf Augenh\u00f6he.<\/p>\n<p><strong>5. Entwicklungsm\u00f6glichkeiten und Sinn<\/strong><br \/>\nFort- und Weiterbildungen, Spezialisierungen und Karrierewege \u2013 etwa in Richtung Gerontofachkraft, Qualit\u00e4tsmanagement oder Pflegedienstleitung \u2013 st\u00e4rken deine Selbstwirksamkeit. Wer seine Kompetenzen ausbauen und Verantwortung gezielt \u00fcbernehmen kann, erlebt weniger Ohnmacht und mehr Sinn. Einen Einblick in Entwicklungspfade bietet die Seite zu <a href=\"https:\/\/karriere.compassio.de\/pflege\/qualitaetsmanagement\/\">Karriere im Qualit\u00e4tsmanagement der Pflege<\/a>.<\/p>\n<\/div><div class=\"fusion-image-element \" style=\"--awb-caption-title-font-family:var(--h2_typography-font-family);--awb-caption-title-font-weight:var(--h2_typography-font-weight);--awb-caption-title-font-style:var(--h2_typography-font-style);--awb-caption-title-size:var(--h2_typography-font-size);--awb-caption-title-transform:var(--h2_typography-text-transform);--awb-caption-title-line-height:var(--h2_typography-line-height);--awb-caption-title-letter-spacing:var(--h2_typography-letter-spacing);\"><span class=\" fusion-imageframe imageframe-none imageframe-3 hover-type-none\"><img decoding=\"async\" width=\"800\" height=\"600\" alt=\"Frau auf Bild und Einblendung mit Symbol.\" title=\"Zuschl\u00e4ge in der Pflege.\" src=\"https:\/\/karriere.compassio.de\/magazin\/wp-content\/uploads\/2026\/04\/17.png\" data-orig-src=\"https:\/\/karriere.compassio.de\/magazin\/wp-content\/uploads\/2026\/04\/17.png\" class=\"lazyload img-responsive wp-image-2139\" srcset=\"data:image\/svg+xml,%3Csvg%20xmlns%3D%27http%3A%2F%2Fwww.w3.org%2F2000%2Fsvg%27%20width%3D%27800%27%20height%3D%27600%27%20viewBox%3D%270%200%20800%20600%27%3E%3Crect%20width%3D%27800%27%20height%3D%27600%27%20fill-opacity%3D%220%22%2F%3E%3C%2Fsvg%3E\" data-srcset=\"https:\/\/karriere.compassio.de\/magazin\/wp-content\/uploads\/2026\/04\/17-200x150.png 200w, https:\/\/karriere.compassio.de\/magazin\/wp-content\/uploads\/2026\/04\/17-400x300.png 400w, https:\/\/karriere.compassio.de\/magazin\/wp-content\/uploads\/2026\/04\/17-600x450.png 600w, https:\/\/karriere.compassio.de\/magazin\/wp-content\/uploads\/2026\/04\/17.png 800w\" data-sizes=\"auto\" data-orig-sizes=\"(max-width: 800px) 100vw, 800px\" \/><\/span><\/div><div class=\"fusion-title title fusion-title-4 fusion-sep-none fusion-title-text fusion-title-size-four\" style=\"--awb-margin-top-small:10px;--awb-margin-right-small:0px;--awb-margin-bottom-small:10px;--awb-margin-left-small:0px;\"><h4 class=\"fusion-title-heading title-heading-left\" style=\"margin:0;\"><h2>Stress in der Pflege im Blick behalten \u2013 dein n\u00e4chster Schritt<\/h2><\/h4><\/div><div class=\"fusion-text fusion-text-7\"><p>Stress in der Pflege verschwindet nicht von allein. Doch lassen sich aber aktiv L\u00f6sungen finden: durch <strong>gute Rahmenbedingungen<\/strong>, ein starkes Team und deinen <strong>bewussten Umgang mit Belastungen<\/strong>. F\u00fcr uns bei compassio steht fest: Pflege verdient <strong>Leichtigkeit, moderne Strukturen, faire Bezahlung <\/strong>und eine Kultur, in der du als Mensch gesehen wirst. Wenn du sp\u00fcrst, dass es Zeit f\u00fcr Ver\u00e4nderung ist \u2013 sei es durch einen Wechsel des Arbeitgebers, einen neuen Aufgabenbereich oder den Einstieg in die Pflege \u2013, findest du auf unserer \u00dcbersichtsseite zu <a href=\"https:\/\/karriere.compassio.de\/pflege\/\">Pflegejobs bei compassio<\/a> <strong>aktuelle Stellenangebote<\/strong>. Du m\u00f6chtest die Pflege erst kennenlernen oder nach einer Pause neu einsteigen? Dann informiere dich \u00fcber Einstiegswege, zum Beispiel \u00fcber <a href=\"https:\/\/karriere.compassio.de\/starter\/freiwilliges-soziales-jahr\/\">Freiwilliges Soziales Jahr in der Pflege<\/a> oder \u00fcber unsere Angebote f\u00fcr <a href=\"https:\/\/karriere.compassio.de\/pflege\/pflegehilfskraft\/\">Pflegehilfskr\u00e4fte<\/a>.<\/p>\n<\/div><div class=\"fusion-title title fusion-title-5 fusion-sep-none fusion-title-text fusion-title-size-three\" style=\"--awb-margin-top-small:10px;--awb-margin-right-small:0px;--awb-margin-bottom-small:10px;--awb-margin-left-small:0px;\"><h3 class=\"fusion-title-heading title-heading-left\" style=\"margin:0;\"><\/h3><\/div><\/div><\/div><\/div><\/div>\n","protected":false},"excerpt":{"rendered":"<p>In diesem Beitrag zeigen wir dir, wie Stress in der Pflege entsteht, was Studien dazu sagen und wie wir bei compassio gemeinsam mit dir gegensteuern.<\/p>\n","protected":false},"author":3,"featured_media":2149,"comment_status":"open","ping_status":"open","sticky":false,"template":"","format":"standard","meta":{"footnotes":""},"categories":[64],"tags":[70,84],"class_list":["post-2084","post","type-post","status-publish","format-standard","has-post-thumbnail","hentry","category-arbeit-in-der-pflege","tag-pflege","tag-stress"],"yoast_head":"<!-- This site is optimized with the Yoast SEO plugin v27.4 - https:\/\/yoast.com\/product\/yoast-seo-wordpress\/ -->\n<title>Stress in der Pflege: So sch\u00fctzt du dich im Alltag<\/title>\n<meta name=\"description\" content=\"Erfahre, wie du Stress in der Pflege erkennst, reduzierst und besser mit emotionalen Momenten umgehst \ud83d\udc9a f\u00fcr mehr Leichtigkeit, Sinn und Sicherheit im Job.\" \/>\n<meta name=\"robots\" content=\"index, follow, max-snippet:-1, max-image-preview:large, max-video-preview:-1\" \/>\n<link rel=\"canonical\" href=\"https:\/\/karriere.compassio.de\/magazin\/stress-in-der-pflege-so-schuetzt-du-dich-im-alltag\/\" \/>\n<meta property=\"og:locale\" content=\"de_DE\" \/>\n<meta property=\"og:type\" content=\"article\" \/>\n<meta property=\"og:title\" content=\"Stress in der Pflege: So sch\u00fctzt du dich im Alltag\" \/>\n<meta property=\"og:description\" content=\"Erfahre, wie du Stress in der Pflege erkennst, reduzierst und besser mit emotionalen Momenten umgehst \ud83d\udc9a f\u00fcr mehr Leichtigkeit, Sinn und Sicherheit im Job.\" \/>\n<meta property=\"og:url\" content=\"https:\/\/karriere.compassio.de\/magazin\/stress-in-der-pflege-so-schuetzt-du-dich-im-alltag\/\" \/>\n<meta property=\"og:site_name\" content=\"Avada Magazine\" \/>\n<meta property=\"article:publisher\" content=\"https:\/\/www.facebook.com\/compassiokarriere\/\" \/>\n<meta property=\"article:published_time\" content=\"2026-04-01T10:36:39+00:00\" \/>\n<meta property=\"article:modified_time\" content=\"2026-04-27T11:51:30+00:00\" \/>\n<meta property=\"og:image\" content=\"https:\/\/karriere.compassio.de\/magazin\/wp-content\/uploads\/2026\/04\/20.png\" \/>\n\t<meta property=\"og:image:width\" content=\"800\" \/>\n\t<meta property=\"og:image:height\" content=\"600\" \/>\n\t<meta property=\"og:image:type\" content=\"image\/png\" \/>\n<meta name=\"author\" content=\"Vanessa Angrick\" \/>\n<meta name=\"twitter:card\" content=\"summary_large_image\" \/>\n<meta name=\"twitter:label1\" content=\"Verfasst von\" \/>\n\t<meta name=\"twitter:data1\" content=\"Vanessa Angrick\" \/>\n\t<meta name=\"twitter:label2\" content=\"Gesch\u00e4tzte Lesezeit\" \/>\n\t<meta name=\"twitter:data2\" content=\"8\u00a0Minuten\" \/>\n<script type=\"application\/ld+json\" class=\"yoast-schema-graph\">{\"@context\":\"https:\\\/\\\/schema.org\",\"@graph\":[{\"@type\":\"Article\",\"@id\":\"https:\\\/\\\/karriere.compassio.de\\\/magazin\\\/stress-in-der-pflege-so-schuetzt-du-dich-im-alltag\\\/#article\",\"isPartOf\":{\"@id\":\"https:\\\/\\\/karriere.compassio.de\\\/magazin\\\/stress-in-der-pflege-so-schuetzt-du-dich-im-alltag\\\/\"},\"author\":{\"name\":\"Vanessa Angrick\",\"@id\":\"https:\\\/\\\/karriere.compassio.de\\\/magazin\\\/#\\\/schema\\\/person\\\/f82989bad171edfe2367aab4b6602eff\"},\"headline\":\"Stress in der Pflege: So sch\u00fctzt du dich im Alltag\",\"datePublished\":\"2026-04-01T10:36:39+00:00\",\"dateModified\":\"2026-04-27T11:51:30+00:00\",\"mainEntityOfPage\":{\"@id\":\"https:\\\/\\\/karriere.compassio.de\\\/magazin\\\/stress-in-der-pflege-so-schuetzt-du-dich-im-alltag\\\/\"},\"wordCount\":3575,\"commentCount\":0,\"publisher\":{\"@id\":\"https:\\\/\\\/karriere.compassio.de\\\/magazin\\\/#organization\"},\"image\":{\"@id\":\"https:\\\/\\\/karriere.compassio.de\\\/magazin\\\/stress-in-der-pflege-so-schuetzt-du-dich-im-alltag\\\/#primaryimage\"},\"thumbnailUrl\":\"https:\\\/\\\/karriere.compassio.de\\\/magazin\\\/wp-content\\\/uploads\\\/2026\\\/04\\\/20.png\",\"keywords\":[\"Pflege\",\"Stress\"],\"articleSection\":[\"Arbeit &amp; Leben in der Pflege\"],\"inLanguage\":\"de\",\"potentialAction\":[{\"@type\":\"CommentAction\",\"name\":\"Comment\",\"target\":[\"https:\\\/\\\/karriere.compassio.de\\\/magazin\\\/stress-in-der-pflege-so-schuetzt-du-dich-im-alltag\\\/#respond\"]}]},{\"@type\":\"WebPage\",\"@id\":\"https:\\\/\\\/karriere.compassio.de\\\/magazin\\\/stress-in-der-pflege-so-schuetzt-du-dich-im-alltag\\\/\",\"url\":\"https:\\\/\\\/karriere.compassio.de\\\/magazin\\\/stress-in-der-pflege-so-schuetzt-du-dich-im-alltag\\\/\",\"name\":\"Stress in der Pflege: So sch\u00fctzt du dich im Alltag\",\"isPartOf\":{\"@id\":\"https:\\\/\\\/karriere.compassio.de\\\/magazin\\\/#website\"},\"primaryImageOfPage\":{\"@id\":\"https:\\\/\\\/karriere.compassio.de\\\/magazin\\\/stress-in-der-pflege-so-schuetzt-du-dich-im-alltag\\\/#primaryimage\"},\"image\":{\"@id\":\"https:\\\/\\\/karriere.compassio.de\\\/magazin\\\/stress-in-der-pflege-so-schuetzt-du-dich-im-alltag\\\/#primaryimage\"},\"thumbnailUrl\":\"https:\\\/\\\/karriere.compassio.de\\\/magazin\\\/wp-content\\\/uploads\\\/2026\\\/04\\\/20.png\",\"datePublished\":\"2026-04-01T10:36:39+00:00\",\"dateModified\":\"2026-04-27T11:51:30+00:00\",\"description\":\"Erfahre, wie du Stress in der Pflege erkennst, reduzierst und besser mit emotionalen Momenten umgehst \ud83d\udc9a f\u00fcr mehr Leichtigkeit, Sinn und Sicherheit im Job.\",\"breadcrumb\":{\"@id\":\"https:\\\/\\\/karriere.compassio.de\\\/magazin\\\/stress-in-der-pflege-so-schuetzt-du-dich-im-alltag\\\/#breadcrumb\"},\"inLanguage\":\"de\",\"potentialAction\":[{\"@type\":\"ReadAction\",\"target\":[\"https:\\\/\\\/karriere.compassio.de\\\/magazin\\\/stress-in-der-pflege-so-schuetzt-du-dich-im-alltag\\\/\"]}]},{\"@type\":\"ImageObject\",\"inLanguage\":\"de\",\"@id\":\"https:\\\/\\\/karriere.compassio.de\\\/magazin\\\/stress-in-der-pflege-so-schuetzt-du-dich-im-alltag\\\/#primaryimage\",\"url\":\"https:\\\/\\\/karriere.compassio.de\\\/magazin\\\/wp-content\\\/uploads\\\/2026\\\/04\\\/20.png\",\"contentUrl\":\"https:\\\/\\\/karriere.compassio.de\\\/magazin\\\/wp-content\\\/uploads\\\/2026\\\/04\\\/20.png\",\"width\":800,\"height\":600,\"caption\":\"Frau blickt in die Kamera. Im Hintergrund Menschen die lernen.\"},{\"@type\":\"BreadcrumbList\",\"@id\":\"https:\\\/\\\/karriere.compassio.de\\\/magazin\\\/stress-in-der-pflege-so-schuetzt-du-dich-im-alltag\\\/#breadcrumb\",\"itemListElement\":[{\"@type\":\"ListItem\",\"position\":1,\"name\":\"Start\",\"item\":\"https:\\\/\\\/karriere.compassio.de\\\/magazin\\\/\"},{\"@type\":\"ListItem\",\"position\":2,\"name\":\"Stress in der Pflege: So sch\u00fctzt du dich im Alltag\"}]},{\"@type\":\"WebSite\",\"@id\":\"https:\\\/\\\/karriere.compassio.de\\\/magazin\\\/#website\",\"url\":\"https:\\\/\\\/karriere.compassio.de\\\/magazin\\\/\",\"name\":\"compassio Karriere Magazin\",\"description\":\"\",\"publisher\":{\"@id\":\"https:\\\/\\\/karriere.compassio.de\\\/magazin\\\/#organization\"},\"potentialAction\":[{\"@type\":\"SearchAction\",\"target\":{\"@type\":\"EntryPoint\",\"urlTemplate\":\"https:\\\/\\\/karriere.compassio.de\\\/magazin\\\/?s={search_term_string}\"},\"query-input\":{\"@type\":\"PropertyValueSpecification\",\"valueRequired\":true,\"valueName\":\"search_term_string\"}}],\"inLanguage\":\"de\"},{\"@type\":\"Organization\",\"@id\":\"https:\\\/\\\/karriere.compassio.de\\\/magazin\\\/#organization\",\"name\":\"compassio Karriere\",\"url\":\"https:\\\/\\\/karriere.compassio.de\\\/magazin\\\/\",\"logo\":{\"@type\":\"ImageObject\",\"inLanguage\":\"de\",\"@id\":\"https:\\\/\\\/karriere.compassio.de\\\/magazin\\\/#\\\/schema\\\/logo\\\/image\\\/\",\"url\":\"https:\\\/\\\/karriere.compassio.de\\\/magazin\\\/wp-content\\\/uploads\\\/2026\\\/03\\\/logo.png\",\"contentUrl\":\"https:\\\/\\\/karriere.compassio.de\\\/magazin\\\/wp-content\\\/uploads\\\/2026\\\/03\\\/logo.png\",\"width\":952,\"height\":348,\"caption\":\"compassio Karriere\"},\"image\":{\"@id\":\"https:\\\/\\\/karriere.compassio.de\\\/magazin\\\/#\\\/schema\\\/logo\\\/image\\\/\"},\"sameAs\":[\"https:\\\/\\\/www.facebook.com\\\/compassiokarriere\\\/\"]},{\"@type\":\"Person\",\"@id\":\"https:\\\/\\\/karriere.compassio.de\\\/magazin\\\/#\\\/schema\\\/person\\\/f82989bad171edfe2367aab4b6602eff\",\"name\":\"Vanessa Angrick\",\"image\":{\"@type\":\"ImageObject\",\"inLanguage\":\"de\",\"@id\":\"https:\\\/\\\/secure.gravatar.com\\\/avatar\\\/a954875a6c9d925c6a81849d6229350a9ad62f3583dc3627aa42a030b0b2777e?s=96&d=mm&r=g\",\"url\":\"https:\\\/\\\/secure.gravatar.com\\\/avatar\\\/a954875a6c9d925c6a81849d6229350a9ad62f3583dc3627aa42a030b0b2777e?s=96&d=mm&r=g\",\"contentUrl\":\"https:\\\/\\\/secure.gravatar.com\\\/avatar\\\/a954875a6c9d925c6a81849d6229350a9ad62f3583dc3627aa42a030b0b2777e?s=96&d=mm&r=g\",\"caption\":\"Vanessa Angrick\"}}]}<\/script>\n<!-- \/ Yoast SEO plugin. -->","yoast_head_json":{"title":"Stress in der Pflege: So sch\u00fctzt du dich im Alltag","description":"Erfahre, wie du Stress in der Pflege erkennst, reduzierst und besser mit emotionalen Momenten umgehst \ud83d\udc9a f\u00fcr mehr Leichtigkeit, Sinn und Sicherheit im Job.","robots":{"index":"index","follow":"follow","max-snippet":"max-snippet:-1","max-image-preview":"max-image-preview:large","max-video-preview":"max-video-preview:-1"},"canonical":"https:\/\/karriere.compassio.de\/magazin\/stress-in-der-pflege-so-schuetzt-du-dich-im-alltag\/","og_locale":"de_DE","og_type":"article","og_title":"Stress in der Pflege: So sch\u00fctzt du dich im Alltag","og_description":"Erfahre, wie du Stress in der Pflege erkennst, reduzierst und besser mit emotionalen Momenten umgehst \ud83d\udc9a f\u00fcr mehr Leichtigkeit, Sinn und Sicherheit im Job.","og_url":"https:\/\/karriere.compassio.de\/magazin\/stress-in-der-pflege-so-schuetzt-du-dich-im-alltag\/","og_site_name":"Avada Magazine","article_publisher":"https:\/\/www.facebook.com\/compassiokarriere\/","article_published_time":"2026-04-01T10:36:39+00:00","article_modified_time":"2026-04-27T11:51:30+00:00","og_image":[{"width":800,"height":600,"url":"https:\/\/karriere.compassio.de\/magazin\/wp-content\/uploads\/2026\/04\/20.png","type":"image\/png"}],"author":"Vanessa Angrick","twitter_card":"summary_large_image","twitter_misc":{"Verfasst von":"Vanessa Angrick","Gesch\u00e4tzte Lesezeit":"8\u00a0Minuten"},"schema":{"@context":"https:\/\/schema.org","@graph":[{"@type":"Article","@id":"https:\/\/karriere.compassio.de\/magazin\/stress-in-der-pflege-so-schuetzt-du-dich-im-alltag\/#article","isPartOf":{"@id":"https:\/\/karriere.compassio.de\/magazin\/stress-in-der-pflege-so-schuetzt-du-dich-im-alltag\/"},"author":{"name":"Vanessa Angrick","@id":"https:\/\/karriere.compassio.de\/magazin\/#\/schema\/person\/f82989bad171edfe2367aab4b6602eff"},"headline":"Stress in der Pflege: So sch\u00fctzt du dich im Alltag","datePublished":"2026-04-01T10:36:39+00:00","dateModified":"2026-04-27T11:51:30+00:00","mainEntityOfPage":{"@id":"https:\/\/karriere.compassio.de\/magazin\/stress-in-der-pflege-so-schuetzt-du-dich-im-alltag\/"},"wordCount":3575,"commentCount":0,"publisher":{"@id":"https:\/\/karriere.compassio.de\/magazin\/#organization"},"image":{"@id":"https:\/\/karriere.compassio.de\/magazin\/stress-in-der-pflege-so-schuetzt-du-dich-im-alltag\/#primaryimage"},"thumbnailUrl":"https:\/\/karriere.compassio.de\/magazin\/wp-content\/uploads\/2026\/04\/20.png","keywords":["Pflege","Stress"],"articleSection":["Arbeit &amp; Leben in der Pflege"],"inLanguage":"de","potentialAction":[{"@type":"CommentAction","name":"Comment","target":["https:\/\/karriere.compassio.de\/magazin\/stress-in-der-pflege-so-schuetzt-du-dich-im-alltag\/#respond"]}]},{"@type":"WebPage","@id":"https:\/\/karriere.compassio.de\/magazin\/stress-in-der-pflege-so-schuetzt-du-dich-im-alltag\/","url":"https:\/\/karriere.compassio.de\/magazin\/stress-in-der-pflege-so-schuetzt-du-dich-im-alltag\/","name":"Stress in der Pflege: So sch\u00fctzt du dich im Alltag","isPartOf":{"@id":"https:\/\/karriere.compassio.de\/magazin\/#website"},"primaryImageOfPage":{"@id":"https:\/\/karriere.compassio.de\/magazin\/stress-in-der-pflege-so-schuetzt-du-dich-im-alltag\/#primaryimage"},"image":{"@id":"https:\/\/karriere.compassio.de\/magazin\/stress-in-der-pflege-so-schuetzt-du-dich-im-alltag\/#primaryimage"},"thumbnailUrl":"https:\/\/karriere.compassio.de\/magazin\/wp-content\/uploads\/2026\/04\/20.png","datePublished":"2026-04-01T10:36:39+00:00","dateModified":"2026-04-27T11:51:30+00:00","description":"Erfahre, wie du Stress in der Pflege erkennst, reduzierst und besser mit emotionalen Momenten umgehst \ud83d\udc9a f\u00fcr mehr Leichtigkeit, Sinn und Sicherheit im Job.","breadcrumb":{"@id":"https:\/\/karriere.compassio.de\/magazin\/stress-in-der-pflege-so-schuetzt-du-dich-im-alltag\/#breadcrumb"},"inLanguage":"de","potentialAction":[{"@type":"ReadAction","target":["https:\/\/karriere.compassio.de\/magazin\/stress-in-der-pflege-so-schuetzt-du-dich-im-alltag\/"]}]},{"@type":"ImageObject","inLanguage":"de","@id":"https:\/\/karriere.compassio.de\/magazin\/stress-in-der-pflege-so-schuetzt-du-dich-im-alltag\/#primaryimage","url":"https:\/\/karriere.compassio.de\/magazin\/wp-content\/uploads\/2026\/04\/20.png","contentUrl":"https:\/\/karriere.compassio.de\/magazin\/wp-content\/uploads\/2026\/04\/20.png","width":800,"height":600,"caption":"Frau blickt in die Kamera. Im Hintergrund Menschen die lernen."},{"@type":"BreadcrumbList","@id":"https:\/\/karriere.compassio.de\/magazin\/stress-in-der-pflege-so-schuetzt-du-dich-im-alltag\/#breadcrumb","itemListElement":[{"@type":"ListItem","position":1,"name":"Start","item":"https:\/\/karriere.compassio.de\/magazin\/"},{"@type":"ListItem","position":2,"name":"Stress in der Pflege: So sch\u00fctzt du dich im Alltag"}]},{"@type":"WebSite","@id":"https:\/\/karriere.compassio.de\/magazin\/#website","url":"https:\/\/karriere.compassio.de\/magazin\/","name":"compassio Karriere Magazin","description":"","publisher":{"@id":"https:\/\/karriere.compassio.de\/magazin\/#organization"},"potentialAction":[{"@type":"SearchAction","target":{"@type":"EntryPoint","urlTemplate":"https:\/\/karriere.compassio.de\/magazin\/?s={search_term_string}"},"query-input":{"@type":"PropertyValueSpecification","valueRequired":true,"valueName":"search_term_string"}}],"inLanguage":"de"},{"@type":"Organization","@id":"https:\/\/karriere.compassio.de\/magazin\/#organization","name":"compassio Karriere","url":"https:\/\/karriere.compassio.de\/magazin\/","logo":{"@type":"ImageObject","inLanguage":"de","@id":"https:\/\/karriere.compassio.de\/magazin\/#\/schema\/logo\/image\/","url":"https:\/\/karriere.compassio.de\/magazin\/wp-content\/uploads\/2026\/03\/logo.png","contentUrl":"https:\/\/karriere.compassio.de\/magazin\/wp-content\/uploads\/2026\/03\/logo.png","width":952,"height":348,"caption":"compassio Karriere"},"image":{"@id":"https:\/\/karriere.compassio.de\/magazin\/#\/schema\/logo\/image\/"},"sameAs":["https:\/\/www.facebook.com\/compassiokarriere\/"]},{"@type":"Person","@id":"https:\/\/karriere.compassio.de\/magazin\/#\/schema\/person\/f82989bad171edfe2367aab4b6602eff","name":"Vanessa Angrick","image":{"@type":"ImageObject","inLanguage":"de","@id":"https:\/\/secure.gravatar.com\/avatar\/a954875a6c9d925c6a81849d6229350a9ad62f3583dc3627aa42a030b0b2777e?s=96&d=mm&r=g","url":"https:\/\/secure.gravatar.com\/avatar\/a954875a6c9d925c6a81849d6229350a9ad62f3583dc3627aa42a030b0b2777e?s=96&d=mm&r=g","contentUrl":"https:\/\/secure.gravatar.com\/avatar\/a954875a6c9d925c6a81849d6229350a9ad62f3583dc3627aa42a030b0b2777e?s=96&d=mm&r=g","caption":"Vanessa Angrick"}}]}},"_links":{"self":[{"href":"https:\/\/karriere.compassio.de\/magazin\/wp-json\/wp\/v2\/posts\/2084","targetHints":{"allow":["GET"]}}],"collection":[{"href":"https:\/\/karriere.compassio.de\/magazin\/wp-json\/wp\/v2\/posts"}],"about":[{"href":"https:\/\/karriere.compassio.de\/magazin\/wp-json\/wp\/v2\/types\/post"}],"author":[{"embeddable":true,"href":"https:\/\/karriere.compassio.de\/magazin\/wp-json\/wp\/v2\/users\/3"}],"replies":[{"embeddable":true,"href":"https:\/\/karriere.compassio.de\/magazin\/wp-json\/wp\/v2\/comments?post=2084"}],"version-history":[{"count":9,"href":"https:\/\/karriere.compassio.de\/magazin\/wp-json\/wp\/v2\/posts\/2084\/revisions"}],"predecessor-version":[{"id":2378,"href":"https:\/\/karriere.compassio.de\/magazin\/wp-json\/wp\/v2\/posts\/2084\/revisions\/2378"}],"wp:featuredmedia":[{"embeddable":true,"href":"https:\/\/karriere.compassio.de\/magazin\/wp-json\/wp\/v2\/media\/2149"}],"wp:attachment":[{"href":"https:\/\/karriere.compassio.de\/magazin\/wp-json\/wp\/v2\/media?parent=2084"}],"wp:term":[{"taxonomy":"category","embeddable":true,"href":"https:\/\/karriere.compassio.de\/magazin\/wp-json\/wp\/v2\/categories?post=2084"},{"taxonomy":"post_tag","embeddable":true,"href":"https:\/\/karriere.compassio.de\/magazin\/wp-json\/wp\/v2\/tags?post=2084"}],"curies":[{"name":"wp","href":"https:\/\/api.w.org\/{rel}","templated":true}]}}