{"id":2087,"date":"2026-04-01T10:37:04","date_gmt":"2026-04-01T10:37:04","guid":{"rendered":"https:\/\/karriere.compassio.de\/magazin\/?p=2087"},"modified":"2026-04-27T13:50:43","modified_gmt":"2026-04-27T11:50:43","slug":"wie-viele-bewohner-pro-pflegekraft-faire-loesungen","status":"publish","type":"post","link":"https:\/\/karriere.compassio.de\/magazin\/wie-viele-bewohner-pro-pflegekraft-faire-loesungen\/","title":{"rendered":"Wie viele Bewohner pro Pflegekraft: faire L\u00f6sungen"},"content":{"rendered":"<div class=\"fusion-fullwidth fullwidth-box fusion-builder-row-1 fusion-flex-container has-pattern-background has-mask-background nonhundred-percent-fullwidth non-hundred-percent-height-scrolling\" style=\"--awb-border-radius-top-left:0px;--awb-border-radius-top-right:0px;--awb-border-radius-bottom-right:0px;--awb-border-radius-bottom-left:0px;--awb-flex-wrap:wrap;\" ><div class=\"fusion-builder-row fusion-row fusion-flex-align-items-flex-start fusion-flex-content-wrap\" style=\"max-width:1302px;margin-left: calc(-5% \/ 2 );margin-right: calc(-5% \/ 2 );\"><div class=\"fusion-layout-column fusion_builder_column fusion-builder-column-0 fusion_builder_column_1_1 1_1 fusion-flex-column\" style=\"--awb-bg-size:cover;--awb-width-large:100%;--awb-margin-top-large:0px;--awb-spacing-right-large:100px;--awb-margin-bottom-large:0px;--awb-spacing-left-large:100px;--awb-width-medium:100%;--awb-order-medium:0;--awb-spacing-right-medium:100px;--awb-spacing-left-medium:100px;--awb-width-small:100%;--awb-order-small:0;--awb-spacing-right-small:2.375%;--awb-spacing-left-small:2.375%;\"><div class=\"fusion-column-wrapper fusion-column-has-shadow fusion-flex-justify-content-flex-start fusion-content-layout-column\"><div class=\"fusion-text fusion-text-1\"><p>Schon beim ersten Dienst in einem neuen Haus taucht sie auf: die Frage, wie viele Bewohner pro Pflegekraft eigentlich vorgesehen sind. Du erlebst <strong>vollen Dienstplan, hohe Verantwortung, viele \u00dcbergaben<\/strong> \u2013 und fragst dich, ob dieser Personalschl\u00fcssel noch im Rahmen liegt oder schon kritisch ist. In diesem Beitrag geben wir dir einen <strong>strukturierten, rechtlich fundierten \u00dcberblick<\/strong> und zeigen, wie wir bei compassio mit dem Thema umgehen.<\/p>\n<h2 class=\"fusion-responsive-typography-calculated\" style=\"--fontsize: 36; line-height: 1.3;\" data-fontsize=\"36\" data-lineheight=\"46.8px\">Warum es keine einfache Zahl \u201eX Bewohner pro Pflegekraft\u201c gibt<\/h2>\n<p>In Deutschland gibt es keinen einheitlichen, bundesweiten Personalschl\u00fcssel, der die maximale Anzahl der zu versorgenden Bewohner pro Pflegekraft festlegt. Die tats\u00e4chliche Personalst\u00e4rke ergibt sich stattdessen aus einem komplexen Zusammenspiel verschiedener Ebenen, zu denen landesrechtliche Vorgaben der Heimgesetze, Rahmenvertr\u00e4ge der Pflegekassen sowie die neue <strong>bundesweite Personalbemessung f\u00fcr station\u00e4re Langzeitpflege (PeBeM)<\/strong> geh\u00f6ren. Erg\u00e4nzend dazu bestimmen die internen Dienstpl\u00e4ne und <strong>individuellen Qualit\u00e4tsstandards der jeweiligen Einrichtungen<\/strong>, wie viele helfende H\u00e4nde im Alltag tats\u00e4chlich zur Verf\u00fcgung stehen.<\/p>\n<p>F\u00fcr dich im Alltag bedeutet das: Der rechtlich zul\u00e4ssige <strong>Personalschl\u00fcssel <\/strong>h\u00e4ngt von <strong>Bundesland, Tr\u00e4ger, Pflegegradstruktur <\/strong>und <strong>Schicht<\/strong> ab. Trotzdem l\u00e4sst sich erkl\u00e4ren, was \u201enormal\u201c, was problematisch und was aus fachlicher Sicht nicht mehr vertretbar wirkt.<\/p>\n<\/div><div class=\"fusion-image-element \" style=\"--awb-caption-title-font-family:var(--h2_typography-font-family);--awb-caption-title-font-weight:var(--h2_typography-font-weight);--awb-caption-title-font-style:var(--h2_typography-font-style);--awb-caption-title-size:var(--h2_typography-font-size);--awb-caption-title-transform:var(--h2_typography-text-transform);--awb-caption-title-line-height:var(--h2_typography-line-height);--awb-caption-title-letter-spacing:var(--h2_typography-letter-spacing);\"><span class=\" fusion-imageframe imageframe-none imageframe-1 hover-type-none\"><img decoding=\"async\" width=\"800\" height=\"600\" alt=\"Gl\u00fcckliche Menschen posieren mit W\u00fcrfel in der Hand.\" title=\"F\u00fcrsorge und Freude bei Compassio.\" src=\"https:\/\/karriere.compassio.de\/magazin\/wp-content\/uploads\/2026\/04\/5.png\" data-orig-src=\"https:\/\/karriere.compassio.de\/magazin\/wp-content\/uploads\/2026\/04\/5.png\" class=\"lazyload img-responsive wp-image-2132\" srcset=\"data:image\/svg+xml,%3Csvg%20xmlns%3D%27http%3A%2F%2Fwww.w3.org%2F2000%2Fsvg%27%20width%3D%27800%27%20height%3D%27600%27%20viewBox%3D%270%200%20800%20600%27%3E%3Crect%20width%3D%27800%27%20height%3D%27600%27%20fill-opacity%3D%220%22%2F%3E%3C%2Fsvg%3E\" data-srcset=\"https:\/\/karriere.compassio.de\/magazin\/wp-content\/uploads\/2026\/04\/5-200x150.png 200w, https:\/\/karriere.compassio.de\/magazin\/wp-content\/uploads\/2026\/04\/5-400x300.png 400w, https:\/\/karriere.compassio.de\/magazin\/wp-content\/uploads\/2026\/04\/5-600x450.png 600w, https:\/\/karriere.compassio.de\/magazin\/wp-content\/uploads\/2026\/04\/5.png 800w\" data-sizes=\"auto\" data-orig-sizes=\"(max-width: 800px) 100vw, 800px\" \/><\/span><\/div><div class=\"fusion-text fusion-text-2\"><h2>Gesetzliche Basis: Wie Personalschl\u00fcssel in der Pflege entstehen<\/h2>\n<p>Wenn du wissen willst, wie viele Bewohner pro Pflegekraft zul\u00e4ssig sind, hilft ein Blick auf die Mechanik hinter den Zahlen.<\/p>\n<p><strong>1. Landesrecht und Verordnungen<\/strong><br \/>\nJedes Bundesland regelt f\u00fcr station\u00e4re Einrichtungen <strong>Rahmenbedingungen <\/strong>zur Personalausstattung. Ein Beispiel ist die Personalverordnung in Baden\u2011W\u00fcrttemberg, die <strong>Mindestanteile von Fachkr\u00e4ften<\/strong> und Richtwerte f\u00fcr die Personalausstattung vorgibt. Solche Verordnungen schreiben eher Qualifikationsmischungen (Fachkraftquote) und Stundenkontingente fest, weniger eine feste Kopfzahl wie \u201eeine Fachkraft f\u00fcr 25 Bewohner\u201c.<\/p>\n<p><strong>2. Rahmenvertr\u00e4ge nach SGB XI<\/strong><br \/>\nDie Pflegekassen schlie\u00dfen mit den Tr\u00e4gern <strong>Rahmen- und Verg\u00fctungsvertr\u00e4ge<\/strong>. Darin wird festgelegt, wie viel Personal (in Stunden bzw. Vollzeit\u00e4quivalenten) pro Bewohner und Pflegegrad refinanziert wird. Aus diesen Stunden werden in der Praxis <strong>Dienstpl\u00e4ne, Schichtbesetzungen und am Ende dein Erleben<\/strong> im Dienst.<\/p>\n<p><strong>3. Neue Personalbemessung (PeBeM)<\/strong><br \/>\nDas seit 2023 geltende wissenschaftliche Modell der <strong>Personalbemessung in der station\u00e4ren Langzeitpflege (PeBeM)<\/strong> definiert f\u00fcr jeden Pflegegrad spezifische Zeitkontingente, um eine bedarfsgerechte Versorgung sicherzustellen. Dabei wird die Personalstruktur differenziert betrachtet, indem klare Quoten f\u00fcr <strong>Pflegefachkr\u00e4fte, Pflegefachassistenzen sowie Pflegehilfskr\u00e4fte<\/strong> und Betreuungsassistenten vorgegeben werden. Ziel dieses Modells ist es, die Personalplanung weg von pauschalen Schl\u00fcsseln hin zu einer qualifikationsmix-orientierten Besetzung zu f\u00fchren, die den tats\u00e4chlichen Pflegebedarf der Bewohner widerspiegelt.<\/p>\n<p>Beispiel aus den ver\u00f6ffentlichten Modellwerten: F\u00fcr Bewohner mit Pflegegrad 5 werden rund 0,38 Vollzeit\u00e4quivalente (VZ\u00c4) Pflegefachkraft angesetzt, erg\u00e4nzt durch Assistenz- und Hilfskr\u00e4fte. Rechnest du dieses Modell vereinfacht in einen Verh\u00e4ltniswert um, landest du \u2013 je nach Bewohnerstruktur \u2013 grob bei <strong>Gr\u00f6\u00dfenordnungen <\/strong>wie 1 Pflegefachkraft f\u00fcr 10\u201315 Bewohner im Tagesdienst, allerdings immer erg\u00e4nzt durch Hilfskr\u00e4fte. Das ist <strong>kein offizieller Grenzwert<\/strong>, sondern eine N\u00e4herung dessen, was aus der <strong>Personalbemessung <\/strong>herauskommt.<\/p>\n<h2>Wie viele Bewohner pro Pflegekraft im Tagdienst realistisch sind<\/h2>\n<p>In der Praxis variieren die Personalschl\u00fcssel je nach Einrichtung stark, wobei ein typischer Orientierungswert bei etwa <strong>einer Vollzeit-Pflegekraft f\u00fcr 2,5 bis 3 Bewohner<\/strong> \u00fcber den Tag verteilt liegt. Im direkten Stationsalltag zeigt sich im Fr\u00fchdienst h\u00e4ufig eine Besetzung von einer Fachkraft und ein bis drei Hilfskr\u00e4ften f\u00fcr 25 bis 35 Bewohner. Sinkt dieser Anteil deutlich ab, steigen sowohl der Zeitdruck als auch die Qualit\u00e4tsrisiken massiv an.<\/p>\n<p>Zur besseren Einsch\u00e4tzung der <strong>eigenen Arbeitssituation <\/strong>dient die folgende Orientierung, die fachliche Erfahrungswerte mit der realen Schichtbesetzung vergleicht: Diese Werte stellen keine offiziellen Grenzwerte dar, sondern fassen die Realit\u00e4t aus Personalbemessung und Praxisberichten zusammen. Der individuelle <strong>Pflegeschl\u00fcssel im Altenheim<\/strong> wird letztlich durch den Mix der Pflegegrade, das Hauskonzept und das jeweilige Schichtmodell bestimmt.<\/p>\n<h2>Wie viele Bewohner pro Pflegekraft im Nachtdienst erlaubt sind<\/h2>\n<p>In der Praxis geh\u00f6rt die Frage nach der Personalst\u00e4rke im Nachtdienst zu den am h\u00e4ufigsten diskutierten Themen, da hier die <strong>Wirtschaftlichkeit oft mit der Sicherheit der Bewohner<\/strong> konkurriert. W\u00e4hrend landesrechtliche Mindestvorgaben meist mindestens eine anwesende Pflegefachkraft pro Einrichtung oder Bereich vorschreiben, variiert die Realit\u00e4t stark: In kleineren H\u00e4usern ist oft eine Fachkraft f\u00fcr etwa 30 Bewohner allein zust\u00e4ndig, w\u00e4hrend in gr\u00f6\u00dferen Einrichtungen mit \u00fcber 90 Bewohnern meist drei bis vier Pflegepersonen den Dienst gemeinsam leisten.<\/p>\n<p>Fachlich wird eine Staffelung empfohlen, die ab ca. 30 Bewohnern eine <strong>zus\u00e4tzliche Hilfskraft<\/strong> und ab 60 Bewohnern eine deutliche Verst\u00e4rkung vorsieht, um auf die spezifische Bewohnerstruktur und bauliche Gegebenheiten reagieren zu k\u00f6nnen. Solltest du nachts regelm\u00e4\u00dfig allein f\u00fcr 60 oder mehr Personen verantwortlich sein, empfiehlt sich ein <strong>Abgleich mit den Vorgaben der Heimaufsicht<\/strong> sowie das Gespr\u00e4ch mit der Leitung oder dem Betriebsrat, um eine \u00dcberlastung fr\u00fchzeitig zu adressieren.<\/p>\n<\/div><div class=\"fusion-image-element \" style=\"--awb-caption-title-font-family:var(--h2_typography-font-family);--awb-caption-title-font-weight:var(--h2_typography-font-weight);--awb-caption-title-font-style:var(--h2_typography-font-style);--awb-caption-title-size:var(--h2_typography-font-size);--awb-caption-title-transform:var(--h2_typography-text-transform);--awb-caption-title-line-height:var(--h2_typography-line-height);--awb-caption-title-letter-spacing:var(--h2_typography-letter-spacing);\"><span class=\" fusion-imageframe imageframe-none imageframe-2 hover-type-none\"><img decoding=\"async\" width=\"800\" height=\"600\" alt=\"Gl\u00fcckliche Menschen lachen zusammen.\" title=\"Spa\u00df im Pflegealltag bei Compassio\" src=\"https:\/\/karriere.compassio.de\/magazin\/wp-content\/uploads\/2026\/04\/15.png\" data-orig-src=\"https:\/\/karriere.compassio.de\/magazin\/wp-content\/uploads\/2026\/04\/15.png\" class=\"lazyload img-responsive wp-image-2127\" srcset=\"data:image\/svg+xml,%3Csvg%20xmlns%3D%27http%3A%2F%2Fwww.w3.org%2F2000%2Fsvg%27%20width%3D%27800%27%20height%3D%27600%27%20viewBox%3D%270%200%20800%20600%27%3E%3Crect%20width%3D%27800%27%20height%3D%27600%27%20fill-opacity%3D%220%22%2F%3E%3C%2Fsvg%3E\" data-srcset=\"https:\/\/karriere.compassio.de\/magazin\/wp-content\/uploads\/2026\/04\/15-200x150.png 200w, https:\/\/karriere.compassio.de\/magazin\/wp-content\/uploads\/2026\/04\/15-400x300.png 400w, https:\/\/karriere.compassio.de\/magazin\/wp-content\/uploads\/2026\/04\/15-600x450.png 600w, https:\/\/karriere.compassio.de\/magazin\/wp-content\/uploads\/2026\/04\/15.png 800w\" data-sizes=\"auto\" data-orig-sizes=\"(max-width: 800px) 100vw, 800px\" \/><\/span><\/div><div class=\"fusion-text fusion-text-3\"><h2>Pflegeschl\u00fcssel berechnen: So liest du die Zahlen hinter dem Dienstplan<\/h2>\n<p>Du m\u00f6chtest den Pflegeschl\u00fcssel berechnen, um ein Gef\u00fchl daf\u00fcr zu erhalten, ob die Besetzung in deinem Haus angemessen wirkt? Dann helfen dir zwei Betrachtungsweisen:<\/p>\n<p><strong>1. Grobe Berechnung \u00fcber Bewohnerzahl und Pflegegrade<\/strong><\/p>\n<p>In der Praxis lehnen sich viele Einrichtungen an ein Modell an, das den <strong>Vollzeitstellenbedarf (VZ\u00c4)<\/strong> \u00fcber die individuellen Pflegegrade der Bewohner definiert. Dabei wird jedem Pflegegrad ein spezifischer Zeit- oder Punktwert zugeordnet: W\u00e4hrend bei Pflegegrad 2 ein eher geringer Zeitbedarf veranschlagt wird, steigt dieser bei den Graden 3 bis 4 deutlich an und erreicht bei Pflegegrad 5 \u2013 oft verbunden mit starken k\u00f6rperlichen oder kognitiven Einschr\u00e4nkungen \u2013 sein Maximum. Um den allgemeinen Personalschl\u00fcssel zu ermitteln, wird die Summe aller aus diesen Werten errechneten Vollzeitstellen durch die Gesamtzahl der Bewohner geteilt. Dieser <strong>rechnerische Personalschl\u00fcssel<\/strong> bildet die vertragliche Grundlage zwischen Pflegekassen und Tr\u00e4gern und bestimmt ma\u00dfgeblich, wie viel Personal f\u00fcr die Versorgung der Bewohner theoretisch zur Verf\u00fcgung steht.<\/p>\n<p><strong>2. Praktische Formel \u201ePersonalschl\u00fcssel Pflege berechnen\u201c f\u00fcr den Dienst<\/strong><\/p>\n<p>F\u00fcr die schnelle Einsch\u00e4tzung im Arbeitsalltag gen\u00fcgt oft eine <strong>vereinfachte Formel<\/strong>, um das Verh\u00e4ltnis zwischen Personal und Bewohnern zu ermitteln. Dabei wird die Summe aller anwesenden Pflegepersonen \u2013 inklusive Hilfskr\u00e4ften und Betreuungsassistenten, aber ohne Sch\u00fcler im Orientierungseinsatz \u2013 durch die Anzahl der Bewohner geteilt. In einem praktischen Beispiel bedeutet dies: Wenn im Fr\u00fchdienst eine Fachkraft, zwei Hilfskr\u00e4fte und eine Betreuungsassistenz f\u00fcr 30 Personen zust\u00e4ndig sind, entf\u00e4llt rechnerisch <strong>eine Pflegeperson auf 7,5 Bewohner<\/strong>. Wichtig zu beachten ist jedoch, dass dieser Wert nur eine Momentaufnahme der aktuellen Schicht darstellt; zieht man den gesamten Tag inklusive der personell schw\u00e4cher besetzten Nachtabsenkung in Betracht, ergibt sich f\u00fcr die Einrichtung ein anderer Durchschnittswert.<\/p>\n<p>Viele H\u00e4user nutzen interne Tools oder <strong>Personalschl\u00fcssel-Pflege-berechnen-Excel-Tabellen<\/strong>, die diese Logik abbilden und Pflegegrade, Fehlzeiten sowie Urlaub mit ber\u00fccksichtigen.<\/p>\n<h2>Wie compassio Personalschl\u00fcssel, Qualit\u00e4t und Entlastung zusammenbringt<\/h2>\n<p>Als <strong>moderner Arbeitgeber<\/strong> in der Pflege sehen wir im #teamcompassio sehr klar: Ein reiner Blick auf gesetzliche Untergrenzen gen\u00fcgt nicht, wenn du nachhaltige Pflege, Teamstabilit\u00e4t und gute Lebensqualit\u00e4t f\u00fcr Bewohner sichern willst.<\/p>\n<p>Deshalb setzen wir auf drei Ebenen an:<\/p>\n<p><strong>1. Tarif \u201eZEITENWENDE\u201c und attraktive Verg\u00fctung<\/strong><br \/>\nMit unserem <strong>innovativen Tarif \u201eZEITENWENDE\u201c<\/strong> setzen wir das Tariftreuegesetz und den politischen Willen f\u00fcr bessere Bezahlung in der Pflege in eine eigene Entgeltordnung um. Dadurch erh\u00e4ltst du als Pflegefachkraft nicht nur mehr Wertsch\u00e4tzung, sondern st\u00e4rkere Argumente im Wettbewerb um Kolleginnen und Kollegen \u2013 und damit langfristig auch <strong>Entlastung im Dienstplan<\/strong>. Wenn du dich tiefer mit unseren Pflege Jobs und Entwicklungsm\u00f6glichkeiten besch\u00e4ftigen willst, findest du aktuelle Infos auf unserer Seite <a href=\"https:\/\/karriere.compassio.de\/pflege\/\">Pflege Jobs bei compassio<\/a>.<\/p>\n<p><strong>2. Moderne Infrastruktur und digitale Unterst\u00fctzung<\/strong><br \/>\nWir investieren in moderne Einrichtungen und digitale Dokumentation, um dir Zeit f\u00fcr <strong>eigentliche Pflegearbeit<\/strong> zur\u00fcckzugeben. Durch digitale Tools sinkt der <strong>Dokumentationsaufwand, \u00dcbergaben<\/strong> laufen strukturierter, und du organisierst Schichten effizienter. So nutzen wir die vorhandenen Personalschl\u00fcssel in der Pflege besser aus und schaffen im Alltag mehr Leichtigkeit. Du interessierst dich f\u00fcr Rollen mit zus\u00e4tzlicher Verantwortung, in denen du Personaleinsatz und Qualit\u00e4t aktiv mitgestaltest? Dann schau dir unsere Seite <a href=\"https:\/\/karriere.compassio.de\/fuehrungskraefte\/pflegedienstleitung-2\/\">Pflegedienstleitung bei compassio<\/a> an.<\/p>\n<p><strong>3. Karrierewege und gezielte Qualifikation<\/strong><br \/>\nEin stabiler Personalschl\u00fcssel ist untrennbar mit der Verf\u00fcgbarkeit hoch qualifizierter Fachkr\u00e4fte verkn\u00fcpft, da die fachliche Tiefe die Versorgungsqualit\u00e4t ma\u00dfgeblich bestimmt. Um dies sicherzustellen, f\u00f6rdern wir gezielt die <strong>Ausbildung zur Pflegefachkraft sowie zur Pflegefachassistenz<\/strong> als solide Basis f\u00fcr den Berufsstart. Dar\u00fcber hinaus unterst\u00fctzen wir unsere Teams durch spezialisierte Weiterbildungen, wie etwa zur Gerontofachkraft, und bieten klare Perspektiven f\u00fcr den Aufstieg in verantwortungsvolle Positionen wie die <strong>Wohnbereichs- oder Pflegedienstleitung sowie das Qualit\u00e4tsmanagement<\/strong>.<\/p>\n<p>Wenn du deinen n\u00e4chsten Karriereschritt planst, findest du Impulse und offene Stellen unter <a href=\"https:\/\/karriere.compassio.de\/pflege\/pflegefachkraft\/\">Karriere als Pflegefachkraft<\/a> oder f\u00fcr spezialisierte Rollen im <a href=\"https:\/\/karriere.compassio.de\/pflege\/qualitaetsmanagement\/\">Qualit\u00e4tsmanagement in der Pflege<\/a>.<\/p>\n<\/div><div class=\"fusion-image-element \" style=\"--awb-caption-title-font-family:var(--h2_typography-font-family);--awb-caption-title-font-weight:var(--h2_typography-font-weight);--awb-caption-title-font-style:var(--h2_typography-font-style);--awb-caption-title-size:var(--h2_typography-font-size);--awb-caption-title-transform:var(--h2_typography-text-transform);--awb-caption-title-line-height:var(--h2_typography-line-height);--awb-caption-title-letter-spacing:var(--h2_typography-letter-spacing);\"><span class=\" fusion-imageframe imageframe-none imageframe-3 hover-type-none\"><img decoding=\"async\" width=\"800\" height=\"600\" alt=\"Gl\u00fcckliche Menschen.\" title=\"Mitarbeiterinnen-Foto Compassio\" src=\"https:\/\/karriere.compassio.de\/magazin\/wp-content\/uploads\/2026\/04\/12.png\" data-orig-src=\"https:\/\/karriere.compassio.de\/magazin\/wp-content\/uploads\/2026\/04\/12.png\" class=\"lazyload img-responsive wp-image-2124\" srcset=\"data:image\/svg+xml,%3Csvg%20xmlns%3D%27http%3A%2F%2Fwww.w3.org%2F2000%2Fsvg%27%20width%3D%27800%27%20height%3D%27600%27%20viewBox%3D%270%200%20800%20600%27%3E%3Crect%20width%3D%27800%27%20height%3D%27600%27%20fill-opacity%3D%220%22%2F%3E%3C%2Fsvg%3E\" data-srcset=\"https:\/\/karriere.compassio.de\/magazin\/wp-content\/uploads\/2026\/04\/12-200x150.png 200w, https:\/\/karriere.compassio.de\/magazin\/wp-content\/uploads\/2026\/04\/12-400x300.png 400w, https:\/\/karriere.compassio.de\/magazin\/wp-content\/uploads\/2026\/04\/12-600x450.png 600w, https:\/\/karriere.compassio.de\/magazin\/wp-content\/uploads\/2026\/04\/12.png 800w\" data-sizes=\"auto\" data-orig-sizes=\"(max-width: 800px) 100vw, 800px\" \/><\/span><\/div><div class=\"fusion-title title fusion-title-1 fusion-sep-none fusion-title-text fusion-title-size-four\" style=\"--awb-margin-top-small:10px;--awb-margin-right-small:0px;--awb-margin-bottom-small:10px;--awb-margin-left-small:0px;\"><h4 class=\"fusion-title-heading title-heading-left\" style=\"margin:0;\"><h2>Wie du im Team mit kritischen Personalschl\u00fcsseln umgehst<\/h2><\/h4><\/div><div class=\"fusion-text fusion-text-4\"><p>Du erlebst im Dienst das Gef\u00fchl, dass dein <strong>aktueller Pflegeschl\u00fcssel <\/strong>im Altenheim dauerhaft zu knapp ist? Dann hilft eine Mischung aus fachlichem Blick und <strong>klarer Kommunikation<\/strong>.<\/p>\n<\/div><ul style=\"--awb-item-padding-top:10px;--awb-item-padding-left:25px;--awb-iconcolor:var(--awb-color4);--awb-line-height:27.2px;--awb-icon-width:27.2px;--awb-icon-height:27.2px;--awb-icon-margin:11.2px;--awb-content-margin:38.4px;--awb-circlecolor:hsla(var(--awb-color4-h),var(--awb-color4-s),var(--awb-color4-l),calc(var(--awb-color4-a) - 90%));--awb-circle-yes-font-size:14.08px;\" class=\"fusion-checklist fusion-checklist-1 type-icons\"><li class=\"fusion-li-item\" style=\"\"><span class=\"icon-wrapper circle-yes\"><i class=\"fusion-li-icon awb-magazine-angle-right-solid\" aria-hidden=\"true\"><\/i><\/span><div class=\"fusion-li-item-content\">\n<p><strong>Fakten systematisch sammeln<\/strong> Dokumentiere pr\u00e4zise die tats\u00e4chliche Besetzung pro Schicht sowie die Anzahl und Pflegegrade der anwesenden Bewohner. Notiere dabei gezielt besondere Belastungsfaktoren wie akute Verschlechterungen oder zeitintensive Sterbebegleitungen, um ein realistisches Bild der Arbeitslast zu zeichnen.<\/p>\n<\/div><\/li><li class=\"fusion-li-item\" style=\"\"><span class=\"icon-wrapper circle-yes\"><i class=\"fusion-li-icon awb-magazine-angle-right-solid\" aria-hidden=\"true\"><\/i><\/span><div class=\"fusion-li-item-content\">\n<p><strong>Personalschl\u00fcssel transparent berechnen<\/strong> Nutze einfache Berechnungen oder Tabellen, um deinem Leitungsteam das exakte Verh\u00e4ltnis von Personal zu Bewohnern in einzelnen Diensten zu verdeutlichen. Fundierte Daten erleichtern die Suche nach L\u00f6sungen, wie etwa die Anpassung des Dienstplans oder den Einsatz von<\/p>\n<\/div><\/li><li class=\"fusion-li-item\" style=\"\"><span class=\"icon-wrapper circle-yes\"><i class=\"fusion-li-icon awb-magazine-angle-right-solid\" aria-hidden=\"true\"><\/i><\/span><div class=\"fusion-li-item-content\">\n<p><strong>Offene Gespr\u00e4chskultur aktiv nutzen<\/strong> Spreche Belastungsgrenzen im Team fr\u00fchzeitig an, da eine dauerhafte Unterbesetzung sowohl die Versorgungsqualit\u00e4t als auch deine eigene Gesundheit gef\u00e4hrdet. Wir setzen bei compassio auf eine Feedbackkultur, in der deine Perspektive ernst genommen wird und ein offener Austausch \u00fcber Arbeitsbedingungen ausdr\u00fccklich erw\u00fcnscht ist.<\/p>\n<\/div><\/li><\/ul><div class=\"fusion-title title fusion-title-2 fusion-sep-none fusion-title-text fusion-title-size-three\" style=\"--awb-margin-top-small:10px;--awb-margin-right-small:0px;--awb-margin-bottom-small:10px;--awb-margin-left-small:0px;\"><h3 class=\"fusion-title-heading title-heading-left\" style=\"margin:0;\"><\/h3><\/div><\/div><\/div><\/div><\/div>\n","protected":false},"excerpt":{"rendered":"<p>In diesem Beitrag geben wir dir einen strukturierten, rechtlich fundierten \u00dcberblick und zeigen, wie wir bei compassio mit dem Thema umgehen.<\/p>\n","protected":false},"author":3,"featured_media":2148,"comment_status":"open","ping_status":"open","sticky":false,"template":"","format":"standard","meta":{"footnotes":""},"categories":[64],"tags":[83,82,70],"class_list":["post-2087","post","type-post","status-publish","format-standard","has-post-thumbnail","hentry","category-arbeit-in-der-pflege","tag-alltag","tag-arbeit","tag-pflege"],"yoast_head":"<!-- This site is optimized with the Yoast SEO plugin v27.4 - https:\/\/yoast.com\/product\/yoast-seo-wordpress\/ -->\n<title>Wie viele Bewohner pro Pflegekraft: faire L\u00f6sungen<\/title>\n<meta name=\"description\" content=\"Wie viele Bewohner pro Pflegekraft sind bei compassio realistisch? Erfahre, wie wir mit moderner Technik, starkem Teamgeist und fairer Verg\u00fctung deinen Alltag erleichtern.\" \/>\n<meta name=\"robots\" content=\"index, follow, max-snippet:-1, max-image-preview:large, max-video-preview:-1\" \/>\n<link rel=\"canonical\" href=\"https:\/\/karriere.compassio.de\/magazin\/wie-viele-bewohner-pro-pflegekraft-faire-loesungen\/\" \/>\n<meta property=\"og:locale\" content=\"de_DE\" \/>\n<meta property=\"og:type\" content=\"article\" \/>\n<meta property=\"og:title\" content=\"Wie viele Bewohner pro Pflegekraft: faire L\u00f6sungen\" \/>\n<meta property=\"og:description\" content=\"Wie viele Bewohner pro Pflegekraft sind bei compassio realistisch? Erfahre, wie wir mit moderner Technik, starkem Teamgeist und fairer Verg\u00fctung deinen Alltag erleichtern.\" \/>\n<meta property=\"og:url\" content=\"https:\/\/karriere.compassio.de\/magazin\/wie-viele-bewohner-pro-pflegekraft-faire-loesungen\/\" \/>\n<meta property=\"og:site_name\" content=\"Avada Magazine\" \/>\n<meta property=\"article:publisher\" content=\"https:\/\/www.facebook.com\/compassiokarriere\/\" \/>\n<meta property=\"article:published_time\" content=\"2026-04-01T10:37:04+00:00\" \/>\n<meta property=\"article:modified_time\" content=\"2026-04-27T11:50:43+00:00\" \/>\n<meta property=\"og:image\" content=\"https:\/\/karriere.compassio.de\/magazin\/wp-content\/uploads\/2026\/04\/21.png\" \/>\n\t<meta property=\"og:image:width\" content=\"800\" \/>\n\t<meta property=\"og:image:height\" content=\"600\" \/>\n\t<meta property=\"og:image:type\" content=\"image\/png\" \/>\n<meta name=\"author\" content=\"Vanessa Angrick\" \/>\n<meta name=\"twitter:card\" content=\"summary_large_image\" \/>\n<meta name=\"twitter:label1\" content=\"Verfasst von\" \/>\n\t<meta name=\"twitter:data1\" content=\"Vanessa Angrick\" \/>\n\t<meta name=\"twitter:label2\" content=\"Gesch\u00e4tzte Lesezeit\" \/>\n\t<meta name=\"twitter:data2\" content=\"9\u00a0Minuten\" \/>\n<script type=\"application\/ld+json\" class=\"yoast-schema-graph\">{\"@context\":\"https:\\\/\\\/schema.org\",\"@graph\":[{\"@type\":\"Article\",\"@id\":\"https:\\\/\\\/karriere.compassio.de\\\/magazin\\\/wie-viele-bewohner-pro-pflegekraft-faire-loesungen\\\/#article\",\"isPartOf\":{\"@id\":\"https:\\\/\\\/karriere.compassio.de\\\/magazin\\\/wie-viele-bewohner-pro-pflegekraft-faire-loesungen\\\/\"},\"author\":{\"name\":\"Vanessa Angrick\",\"@id\":\"https:\\\/\\\/karriere.compassio.de\\\/magazin\\\/#\\\/schema\\\/person\\\/f82989bad171edfe2367aab4b6602eff\"},\"headline\":\"Wie viele Bewohner pro Pflegekraft: faire L\u00f6sungen\",\"datePublished\":\"2026-04-01T10:37:04+00:00\",\"dateModified\":\"2026-04-27T11:50:43+00:00\",\"mainEntityOfPage\":{\"@id\":\"https:\\\/\\\/karriere.compassio.de\\\/magazin\\\/wie-viele-bewohner-pro-pflegekraft-faire-loesungen\\\/\"},\"wordCount\":3386,\"commentCount\":0,\"publisher\":{\"@id\":\"https:\\\/\\\/karriere.compassio.de\\\/magazin\\\/#organization\"},\"image\":{\"@id\":\"https:\\\/\\\/karriere.compassio.de\\\/magazin\\\/wie-viele-bewohner-pro-pflegekraft-faire-loesungen\\\/#primaryimage\"},\"thumbnailUrl\":\"https:\\\/\\\/karriere.compassio.de\\\/magazin\\\/wp-content\\\/uploads\\\/2026\\\/04\\\/21.png\",\"keywords\":[\"Alltag\",\"Arbeit\",\"Pflege\"],\"articleSection\":[\"Arbeit &amp; Leben in der Pflege\"],\"inLanguage\":\"de\",\"potentialAction\":[{\"@type\":\"CommentAction\",\"name\":\"Comment\",\"target\":[\"https:\\\/\\\/karriere.compassio.de\\\/magazin\\\/wie-viele-bewohner-pro-pflegekraft-faire-loesungen\\\/#respond\"]}]},{\"@type\":\"WebPage\",\"@id\":\"https:\\\/\\\/karriere.compassio.de\\\/magazin\\\/wie-viele-bewohner-pro-pflegekraft-faire-loesungen\\\/\",\"url\":\"https:\\\/\\\/karriere.compassio.de\\\/magazin\\\/wie-viele-bewohner-pro-pflegekraft-faire-loesungen\\\/\",\"name\":\"Wie viele Bewohner pro Pflegekraft: faire L\u00f6sungen\",\"isPartOf\":{\"@id\":\"https:\\\/\\\/karriere.compassio.de\\\/magazin\\\/#website\"},\"primaryImageOfPage\":{\"@id\":\"https:\\\/\\\/karriere.compassio.de\\\/magazin\\\/wie-viele-bewohner-pro-pflegekraft-faire-loesungen\\\/#primaryimage\"},\"image\":{\"@id\":\"https:\\\/\\\/karriere.compassio.de\\\/magazin\\\/wie-viele-bewohner-pro-pflegekraft-faire-loesungen\\\/#primaryimage\"},\"thumbnailUrl\":\"https:\\\/\\\/karriere.compassio.de\\\/magazin\\\/wp-content\\\/uploads\\\/2026\\\/04\\\/21.png\",\"datePublished\":\"2026-04-01T10:37:04+00:00\",\"dateModified\":\"2026-04-27T11:50:43+00:00\",\"description\":\"Wie viele Bewohner pro Pflegekraft sind bei compassio realistisch? Erfahre, wie wir mit moderner Technik, starkem Teamgeist und fairer Verg\u00fctung deinen Alltag erleichtern.\",\"breadcrumb\":{\"@id\":\"https:\\\/\\\/karriere.compassio.de\\\/magazin\\\/wie-viele-bewohner-pro-pflegekraft-faire-loesungen\\\/#breadcrumb\"},\"inLanguage\":\"de\",\"potentialAction\":[{\"@type\":\"ReadAction\",\"target\":[\"https:\\\/\\\/karriere.compassio.de\\\/magazin\\\/wie-viele-bewohner-pro-pflegekraft-faire-loesungen\\\/\"]}]},{\"@type\":\"ImageObject\",\"inLanguage\":\"de\",\"@id\":\"https:\\\/\\\/karriere.compassio.de\\\/magazin\\\/wie-viele-bewohner-pro-pflegekraft-faire-loesungen\\\/#primaryimage\",\"url\":\"https:\\\/\\\/karriere.compassio.de\\\/magazin\\\/wp-content\\\/uploads\\\/2026\\\/04\\\/21.png\",\"contentUrl\":\"https:\\\/\\\/karriere.compassio.de\\\/magazin\\\/wp-content\\\/uploads\\\/2026\\\/04\\\/21.png\",\"width\":800,\"height\":600,\"caption\":\"Pfleger hilft alter Frau aufzustehen.\"},{\"@type\":\"BreadcrumbList\",\"@id\":\"https:\\\/\\\/karriere.compassio.de\\\/magazin\\\/wie-viele-bewohner-pro-pflegekraft-faire-loesungen\\\/#breadcrumb\",\"itemListElement\":[{\"@type\":\"ListItem\",\"position\":1,\"name\":\"Start\",\"item\":\"https:\\\/\\\/karriere.compassio.de\\\/magazin\\\/\"},{\"@type\":\"ListItem\",\"position\":2,\"name\":\"Wie viele Bewohner pro Pflegekraft: faire L\u00f6sungen\"}]},{\"@type\":\"WebSite\",\"@id\":\"https:\\\/\\\/karriere.compassio.de\\\/magazin\\\/#website\",\"url\":\"https:\\\/\\\/karriere.compassio.de\\\/magazin\\\/\",\"name\":\"compassio Karriere Magazin\",\"description\":\"\",\"publisher\":{\"@id\":\"https:\\\/\\\/karriere.compassio.de\\\/magazin\\\/#organization\"},\"potentialAction\":[{\"@type\":\"SearchAction\",\"target\":{\"@type\":\"EntryPoint\",\"urlTemplate\":\"https:\\\/\\\/karriere.compassio.de\\\/magazin\\\/?s={search_term_string}\"},\"query-input\":{\"@type\":\"PropertyValueSpecification\",\"valueRequired\":true,\"valueName\":\"search_term_string\"}}],\"inLanguage\":\"de\"},{\"@type\":\"Organization\",\"@id\":\"https:\\\/\\\/karriere.compassio.de\\\/magazin\\\/#organization\",\"name\":\"compassio Karriere\",\"url\":\"https:\\\/\\\/karriere.compassio.de\\\/magazin\\\/\",\"logo\":{\"@type\":\"ImageObject\",\"inLanguage\":\"de\",\"@id\":\"https:\\\/\\\/karriere.compassio.de\\\/magazin\\\/#\\\/schema\\\/logo\\\/image\\\/\",\"url\":\"https:\\\/\\\/karriere.compassio.de\\\/magazin\\\/wp-content\\\/uploads\\\/2026\\\/03\\\/logo.png\",\"contentUrl\":\"https:\\\/\\\/karriere.compassio.de\\\/magazin\\\/wp-content\\\/uploads\\\/2026\\\/03\\\/logo.png\",\"width\":952,\"height\":348,\"caption\":\"compassio Karriere\"},\"image\":{\"@id\":\"https:\\\/\\\/karriere.compassio.de\\\/magazin\\\/#\\\/schema\\\/logo\\\/image\\\/\"},\"sameAs\":[\"https:\\\/\\\/www.facebook.com\\\/compassiokarriere\\\/\"]},{\"@type\":\"Person\",\"@id\":\"https:\\\/\\\/karriere.compassio.de\\\/magazin\\\/#\\\/schema\\\/person\\\/f82989bad171edfe2367aab4b6602eff\",\"name\":\"Vanessa Angrick\",\"image\":{\"@type\":\"ImageObject\",\"inLanguage\":\"de\",\"@id\":\"https:\\\/\\\/secure.gravatar.com\\\/avatar\\\/a954875a6c9d925c6a81849d6229350a9ad62f3583dc3627aa42a030b0b2777e?s=96&d=mm&r=g\",\"url\":\"https:\\\/\\\/secure.gravatar.com\\\/avatar\\\/a954875a6c9d925c6a81849d6229350a9ad62f3583dc3627aa42a030b0b2777e?s=96&d=mm&r=g\",\"contentUrl\":\"https:\\\/\\\/secure.gravatar.com\\\/avatar\\\/a954875a6c9d925c6a81849d6229350a9ad62f3583dc3627aa42a030b0b2777e?s=96&d=mm&r=g\",\"caption\":\"Vanessa Angrick\"}}]}<\/script>\n<!-- \/ Yoast SEO plugin. -->","yoast_head_json":{"title":"Wie viele Bewohner pro Pflegekraft: faire L\u00f6sungen","description":"Wie viele Bewohner pro Pflegekraft sind bei compassio realistisch? Erfahre, wie wir mit moderner Technik, starkem Teamgeist und fairer Verg\u00fctung deinen Alltag erleichtern.","robots":{"index":"index","follow":"follow","max-snippet":"max-snippet:-1","max-image-preview":"max-image-preview:large","max-video-preview":"max-video-preview:-1"},"canonical":"https:\/\/karriere.compassio.de\/magazin\/wie-viele-bewohner-pro-pflegekraft-faire-loesungen\/","og_locale":"de_DE","og_type":"article","og_title":"Wie viele Bewohner pro Pflegekraft: faire L\u00f6sungen","og_description":"Wie viele Bewohner pro Pflegekraft sind bei compassio realistisch? Erfahre, wie wir mit moderner Technik, starkem Teamgeist und fairer Verg\u00fctung deinen Alltag erleichtern.","og_url":"https:\/\/karriere.compassio.de\/magazin\/wie-viele-bewohner-pro-pflegekraft-faire-loesungen\/","og_site_name":"Avada Magazine","article_publisher":"https:\/\/www.facebook.com\/compassiokarriere\/","article_published_time":"2026-04-01T10:37:04+00:00","article_modified_time":"2026-04-27T11:50:43+00:00","og_image":[{"width":800,"height":600,"url":"https:\/\/karriere.compassio.de\/magazin\/wp-content\/uploads\/2026\/04\/21.png","type":"image\/png"}],"author":"Vanessa Angrick","twitter_card":"summary_large_image","twitter_misc":{"Verfasst von":"Vanessa Angrick","Gesch\u00e4tzte Lesezeit":"9\u00a0Minuten"},"schema":{"@context":"https:\/\/schema.org","@graph":[{"@type":"Article","@id":"https:\/\/karriere.compassio.de\/magazin\/wie-viele-bewohner-pro-pflegekraft-faire-loesungen\/#article","isPartOf":{"@id":"https:\/\/karriere.compassio.de\/magazin\/wie-viele-bewohner-pro-pflegekraft-faire-loesungen\/"},"author":{"name":"Vanessa Angrick","@id":"https:\/\/karriere.compassio.de\/magazin\/#\/schema\/person\/f82989bad171edfe2367aab4b6602eff"},"headline":"Wie viele Bewohner pro Pflegekraft: faire L\u00f6sungen","datePublished":"2026-04-01T10:37:04+00:00","dateModified":"2026-04-27T11:50:43+00:00","mainEntityOfPage":{"@id":"https:\/\/karriere.compassio.de\/magazin\/wie-viele-bewohner-pro-pflegekraft-faire-loesungen\/"},"wordCount":3386,"commentCount":0,"publisher":{"@id":"https:\/\/karriere.compassio.de\/magazin\/#organization"},"image":{"@id":"https:\/\/karriere.compassio.de\/magazin\/wie-viele-bewohner-pro-pflegekraft-faire-loesungen\/#primaryimage"},"thumbnailUrl":"https:\/\/karriere.compassio.de\/magazin\/wp-content\/uploads\/2026\/04\/21.png","keywords":["Alltag","Arbeit","Pflege"],"articleSection":["Arbeit &amp; Leben in der Pflege"],"inLanguage":"de","potentialAction":[{"@type":"CommentAction","name":"Comment","target":["https:\/\/karriere.compassio.de\/magazin\/wie-viele-bewohner-pro-pflegekraft-faire-loesungen\/#respond"]}]},{"@type":"WebPage","@id":"https:\/\/karriere.compassio.de\/magazin\/wie-viele-bewohner-pro-pflegekraft-faire-loesungen\/","url":"https:\/\/karriere.compassio.de\/magazin\/wie-viele-bewohner-pro-pflegekraft-faire-loesungen\/","name":"Wie viele Bewohner pro Pflegekraft: faire L\u00f6sungen","isPartOf":{"@id":"https:\/\/karriere.compassio.de\/magazin\/#website"},"primaryImageOfPage":{"@id":"https:\/\/karriere.compassio.de\/magazin\/wie-viele-bewohner-pro-pflegekraft-faire-loesungen\/#primaryimage"},"image":{"@id":"https:\/\/karriere.compassio.de\/magazin\/wie-viele-bewohner-pro-pflegekraft-faire-loesungen\/#primaryimage"},"thumbnailUrl":"https:\/\/karriere.compassio.de\/magazin\/wp-content\/uploads\/2026\/04\/21.png","datePublished":"2026-04-01T10:37:04+00:00","dateModified":"2026-04-27T11:50:43+00:00","description":"Wie viele Bewohner pro Pflegekraft sind bei compassio realistisch? Erfahre, wie wir mit moderner Technik, starkem Teamgeist und fairer Verg\u00fctung deinen Alltag erleichtern.","breadcrumb":{"@id":"https:\/\/karriere.compassio.de\/magazin\/wie-viele-bewohner-pro-pflegekraft-faire-loesungen\/#breadcrumb"},"inLanguage":"de","potentialAction":[{"@type":"ReadAction","target":["https:\/\/karriere.compassio.de\/magazin\/wie-viele-bewohner-pro-pflegekraft-faire-loesungen\/"]}]},{"@type":"ImageObject","inLanguage":"de","@id":"https:\/\/karriere.compassio.de\/magazin\/wie-viele-bewohner-pro-pflegekraft-faire-loesungen\/#primaryimage","url":"https:\/\/karriere.compassio.de\/magazin\/wp-content\/uploads\/2026\/04\/21.png","contentUrl":"https:\/\/karriere.compassio.de\/magazin\/wp-content\/uploads\/2026\/04\/21.png","width":800,"height":600,"caption":"Pfleger hilft alter Frau aufzustehen."},{"@type":"BreadcrumbList","@id":"https:\/\/karriere.compassio.de\/magazin\/wie-viele-bewohner-pro-pflegekraft-faire-loesungen\/#breadcrumb","itemListElement":[{"@type":"ListItem","position":1,"name":"Start","item":"https:\/\/karriere.compassio.de\/magazin\/"},{"@type":"ListItem","position":2,"name":"Wie viele Bewohner pro Pflegekraft: faire L\u00f6sungen"}]},{"@type":"WebSite","@id":"https:\/\/karriere.compassio.de\/magazin\/#website","url":"https:\/\/karriere.compassio.de\/magazin\/","name":"compassio Karriere Magazin","description":"","publisher":{"@id":"https:\/\/karriere.compassio.de\/magazin\/#organization"},"potentialAction":[{"@type":"SearchAction","target":{"@type":"EntryPoint","urlTemplate":"https:\/\/karriere.compassio.de\/magazin\/?s={search_term_string}"},"query-input":{"@type":"PropertyValueSpecification","valueRequired":true,"valueName":"search_term_string"}}],"inLanguage":"de"},{"@type":"Organization","@id":"https:\/\/karriere.compassio.de\/magazin\/#organization","name":"compassio Karriere","url":"https:\/\/karriere.compassio.de\/magazin\/","logo":{"@type":"ImageObject","inLanguage":"de","@id":"https:\/\/karriere.compassio.de\/magazin\/#\/schema\/logo\/image\/","url":"https:\/\/karriere.compassio.de\/magazin\/wp-content\/uploads\/2026\/03\/logo.png","contentUrl":"https:\/\/karriere.compassio.de\/magazin\/wp-content\/uploads\/2026\/03\/logo.png","width":952,"height":348,"caption":"compassio Karriere"},"image":{"@id":"https:\/\/karriere.compassio.de\/magazin\/#\/schema\/logo\/image\/"},"sameAs":["https:\/\/www.facebook.com\/compassiokarriere\/"]},{"@type":"Person","@id":"https:\/\/karriere.compassio.de\/magazin\/#\/schema\/person\/f82989bad171edfe2367aab4b6602eff","name":"Vanessa Angrick","image":{"@type":"ImageObject","inLanguage":"de","@id":"https:\/\/secure.gravatar.com\/avatar\/a954875a6c9d925c6a81849d6229350a9ad62f3583dc3627aa42a030b0b2777e?s=96&d=mm&r=g","url":"https:\/\/secure.gravatar.com\/avatar\/a954875a6c9d925c6a81849d6229350a9ad62f3583dc3627aa42a030b0b2777e?s=96&d=mm&r=g","contentUrl":"https:\/\/secure.gravatar.com\/avatar\/a954875a6c9d925c6a81849d6229350a9ad62f3583dc3627aa42a030b0b2777e?s=96&d=mm&r=g","caption":"Vanessa Angrick"}}]}},"_links":{"self":[{"href":"https:\/\/karriere.compassio.de\/magazin\/wp-json\/wp\/v2\/posts\/2087","targetHints":{"allow":["GET"]}}],"collection":[{"href":"https:\/\/karriere.compassio.de\/magazin\/wp-json\/wp\/v2\/posts"}],"about":[{"href":"https:\/\/karriere.compassio.de\/magazin\/wp-json\/wp\/v2\/types\/post"}],"author":[{"embeddable":true,"href":"https:\/\/karriere.compassio.de\/magazin\/wp-json\/wp\/v2\/users\/3"}],"replies":[{"embeddable":true,"href":"https:\/\/karriere.compassio.de\/magazin\/wp-json\/wp\/v2\/comments?post=2087"}],"version-history":[{"count":9,"href":"https:\/\/karriere.compassio.de\/magazin\/wp-json\/wp\/v2\/posts\/2087\/revisions"}],"predecessor-version":[{"id":2377,"href":"https:\/\/karriere.compassio.de\/magazin\/wp-json\/wp\/v2\/posts\/2087\/revisions\/2377"}],"wp:featuredmedia":[{"embeddable":true,"href":"https:\/\/karriere.compassio.de\/magazin\/wp-json\/wp\/v2\/media\/2148"}],"wp:attachment":[{"href":"https:\/\/karriere.compassio.de\/magazin\/wp-json\/wp\/v2\/media?parent=2087"}],"wp:term":[{"taxonomy":"category","embeddable":true,"href":"https:\/\/karriere.compassio.de\/magazin\/wp-json\/wp\/v2\/categories?post=2087"},{"taxonomy":"post_tag","embeddable":true,"href":"https:\/\/karriere.compassio.de\/magazin\/wp-json\/wp\/v2\/tags?post=2087"}],"curies":[{"name":"wp","href":"https:\/\/api.w.org\/{rel}","templated":true}]}}