{"id":2089,"date":"2026-04-01T10:37:23","date_gmt":"2026-04-01T10:37:23","guid":{"rendered":"https:\/\/karriere.compassio.de\/magazin\/?p=2089"},"modified":"2026-04-27T13:49:42","modified_gmt":"2026-04-27T11:49:42","slug":"stationaere-pflege-bei-compassio-fruehdienst-vs-spaetdienst","status":"publish","type":"post","link":"https:\/\/karriere.compassio.de\/magazin\/stationaere-pflege-bei-compassio-fruehdienst-vs-spaetdienst\/","title":{"rendered":"Station\u00e4re Pflege bei compassio: Fr\u00fchdienst vs Sp\u00e4tdienst"},"content":{"rendered":"<div class=\"fusion-fullwidth fullwidth-box fusion-builder-row-1 fusion-flex-container has-pattern-background has-mask-background nonhundred-percent-fullwidth non-hundred-percent-height-scrolling\" style=\"--awb-border-radius-top-left:0px;--awb-border-radius-top-right:0px;--awb-border-radius-bottom-right:0px;--awb-border-radius-bottom-left:0px;--awb-flex-wrap:wrap;\" ><div class=\"fusion-builder-row fusion-row fusion-flex-align-items-flex-start fusion-flex-content-wrap\" style=\"max-width:1302px;margin-left: calc(-5% \/ 2 );margin-right: calc(-5% \/ 2 );\"><div class=\"fusion-layout-column fusion_builder_column fusion-builder-column-0 fusion_builder_column_1_1 1_1 fusion-flex-column\" style=\"--awb-bg-size:cover;--awb-width-large:100%;--awb-margin-top-large:0px;--awb-spacing-right-large:100px;--awb-margin-bottom-large:0px;--awb-spacing-left-large:100px;--awb-width-medium:100%;--awb-order-medium:0;--awb-spacing-right-medium:100px;--awb-spacing-left-medium:100px;--awb-width-small:100%;--awb-order-small:0;--awb-spacing-right-small:2.375%;--awb-spacing-left-small:2.375%;\"><div class=\"fusion-column-wrapper fusion-column-has-shadow fusion-flex-justify-content-flex-start fusion-content-layout-column\"><div class=\"fusion-text fusion-text-1\"><p>Wenn du \u00fcber einen Job in der <strong>station\u00e4ren Pflege<\/strong> nachdenkst oder schon als Pflegekraft im Heim arbeitest, pr\u00e4gen Fr\u00fchdienst und Sp\u00e4tdienst deinen Alltag. Wie du deine Schichten erlebst, entscheidet \u00fcber deine Energie, deine Work-Life-Balance und dar\u00fcber, ob du dich im Team wohlf\u00fchlst. Wir bei compassio arbeiten deutschlandweit in \u00fcber 100 station\u00e4ren Pflegeeinrichtungen mit genau diesen Dienstmodellen. Unsere Teams erleben jeden Tag, wie unterschiedlich sich Fr\u00fchdienst und Sp\u00e4tdienst anf\u00fchlen \u2013 und wie wichtig gute Organisation und ein starkes Team f\u00fcr den Arbeitsalltag sind.<\/p>\n<h2>Station\u00e4re Pflege: Allgemeiner \u00dcberblick und Abl\u00e4ufe<\/h2>\n<p>In der station\u00e4ren Pflege leben die Bewohner <strong>dauerhaft in der Einrichtung<\/strong>. Das Team \u00fcbernimmt <strong>Grundpflege, Behandlungspflege<\/strong>, soziale Betreuung, Organisation, Dokumentation und die Zusammenarbeit mit \u00c4rzten, Therapeuten und Angeh\u00f6rigen. Ob jemand mit Pflegegrad 2, mit Pflegegrad 3 in vollstation\u00e4rer Pflege, mit Pflegegrad 4 oder Pflegegrad 5 bei dir lebt \u2013 f\u00fcr deinen Alltag hei\u00dft das: ein <strong>fester Wohnbereich<\/strong>, feste Bewohner, feste Abl\u00e4ufe, aber sehr unterschiedliche Bed\u00fcrfnisse.<\/p>\n<p>Die Begleitung von Menschen in der <strong>station\u00e4ren Pflege <\/strong>orientiert sich eng an ihren individuellen Bed\u00fcrfnissen im Tagesverlauf. W\u00e4hrend am Morgen die Unterst\u00fctzung bei K\u00f6rperpflege, Anziehen und Mobilisation im Fokus steht, r\u00fccken tags\u00fcber <strong>soziale Angebote, Struktur und gezielte Aktivierung<\/strong> in den Vordergrund. Am Abend wandelt sich der Schwerpunkt hin zu Sicherheit, Ruhe und Orientierung, um den Tag gemeinsam gut abzuschlie\u00dfen. Genau diese unterschiedlichen Phasen werden ma\u00dfgeblich durch <strong>Fr\u00fchdienst und Sp\u00e4tdienst<\/strong> gepr\u00e4gt. Beide Dienste verlangen eigene fachliche St\u00e4rken und bringen unterschiedliche Anforderungen im Team mit sich.<\/p>\n<\/div><div class=\"fusion-image-element \" style=\"--awb-caption-title-font-family:var(--h2_typography-font-family);--awb-caption-title-font-weight:var(--h2_typography-font-weight);--awb-caption-title-font-style:var(--h2_typography-font-style);--awb-caption-title-size:var(--h2_typography-font-size);--awb-caption-title-transform:var(--h2_typography-text-transform);--awb-caption-title-line-height:var(--h2_typography-line-height);--awb-caption-title-letter-spacing:var(--h2_typography-letter-spacing);\"><span class=\" fusion-imageframe imageframe-none imageframe-1 hover-type-none\"><img decoding=\"async\" width=\"800\" height=\"600\" alt=\"Pfleger hilft alter Frau aufzustehen.\" title=\"Hilfe bei jeder Situation im Alltag.\" src=\"https:\/\/karriere.compassio.de\/magazin\/wp-content\/uploads\/2026\/04\/21.png\" data-orig-src=\"https:\/\/karriere.compassio.de\/magazin\/wp-content\/uploads\/2026\/04\/21.png\" class=\"lazyload img-responsive wp-image-2148\" srcset=\"data:image\/svg+xml,%3Csvg%20xmlns%3D%27http%3A%2F%2Fwww.w3.org%2F2000%2Fsvg%27%20width%3D%27800%27%20height%3D%27600%27%20viewBox%3D%270%200%20800%20600%27%3E%3Crect%20width%3D%27800%27%20height%3D%27600%27%20fill-opacity%3D%220%22%2F%3E%3C%2Fsvg%3E\" data-srcset=\"https:\/\/karriere.compassio.de\/magazin\/wp-content\/uploads\/2026\/04\/21-200x150.png 200w, https:\/\/karriere.compassio.de\/magazin\/wp-content\/uploads\/2026\/04\/21-400x300.png 400w, https:\/\/karriere.compassio.de\/magazin\/wp-content\/uploads\/2026\/04\/21-600x450.png 600w, https:\/\/karriere.compassio.de\/magazin\/wp-content\/uploads\/2026\/04\/21.png 800w\" data-sizes=\"auto\" data-orig-sizes=\"(max-width: 800px) 100vw, 800px\" \/><\/span><\/div><div class=\"fusion-title title fusion-title-1 fusion-sep-none fusion-title-text fusion-title-size-four\" style=\"--awb-margin-top-small:10px;--awb-margin-right-small:0px;--awb-margin-bottom-small:10px;--awb-margin-left-small:0px;\"><h4 class=\"fusion-title-heading title-heading-left\" style=\"margin:0;\"><h2>Typischer Fr\u00fchdienst in der station\u00e4ren Pflege: Struktur, Tempo, Verantwortung<\/h2><\/h4><\/div><div class=\"fusion-text fusion-text-2\"><p>Im Fr\u00fchdienst startest du in der Regel zwischen 6:00 und 7:00 Uhr. Die Bewohner schlafen zum Teil noch, die Nachtwache \u00fcbergibt dir Bericht, und dein Kopf schaltet direkt in den Organisationsmodus.<\/p>\n<p><strong>Deine Kernaufgaben im Fr\u00fchdienst:<\/strong><\/p>\n<\/div><ul style=\"--awb-item-padding-top:10px;--awb-item-padding-left:25px;--awb-iconcolor:var(--awb-color4);--awb-line-height:27.2px;--awb-icon-width:27.2px;--awb-icon-height:27.2px;--awb-icon-margin:11.2px;--awb-content-margin:38.4px;--awb-circlecolor:hsla(var(--awb-color4-h),var(--awb-color4-s),var(--awb-color4-l),calc(var(--awb-color4-a) - 90%));--awb-circle-yes-font-size:14.08px;\" class=\"fusion-checklist fusion-checklist-1 type-icons\"><li class=\"fusion-li-item\" style=\"\"><span class=\"icon-wrapper circle-yes\"><i class=\"fusion-li-icon awb-magazine-angle-right-solid\" aria-hidden=\"true\"><\/i><\/span><div class=\"fusion-li-item-content\">\n<p><strong>\u00dcbernahme des Berichts <\/strong>von der Nacht: Vitalwerte, St\u00fcrze, besondere Vorkommnisse, \u00e4rztliche Anordnungen.<\/p>\n<\/div><\/li><li class=\"fusion-li-item\" style=\"\"><span class=\"icon-wrapper circle-yes\"><i class=\"fusion-li-icon awb-magazine-angle-right-solid\" aria-hidden=\"true\"><\/i><\/span><div class=\"fusion-li-item-content\">\n<p><strong>Aufstehphase <\/strong>planen: Wer braucht wie viel Zeit? Wer hat Arzttermine? Wer fr\u00fchst\u00fcckt gern fr\u00fch, wer sp\u00e4ter?<\/p>\n<\/div><\/li><li class=\"fusion-li-item\" style=\"\"><span class=\"icon-wrapper circle-yes\"><i class=\"fusion-li-icon awb-magazine-angle-right-solid\" aria-hidden=\"true\"><\/i><\/span><div class=\"fusion-li-item-content\">\n<p><strong>Grundpflege<\/strong> und Mobilisation: Waschen, Duschen, Ankleiden, Transfer ins Sitzen oder in den Rollstuhl \u2013 oft mit Hilfsmitteln wie Lifter, Rutschbrett oder Stehtrainer.<\/p>\n<\/div><\/li><li class=\"fusion-li-item\" style=\"\"><span class=\"icon-wrapper circle-yes\"><i class=\"fusion-li-icon awb-magazine-angle-right-solid\" aria-hidden=\"true\"><\/i><\/span><div class=\"fusion-li-item-content\">\n<p><strong>Medikamentengabe <\/strong>am Morgen: Medikamente richten und verabreichen nach \u00e4rztlicher Anordnung.<\/p>\n<\/div><\/li><li class=\"fusion-li-item\" style=\"\"><span class=\"icon-wrapper circle-yes\"><i class=\"fusion-li-icon awb-magazine-angle-right-solid\" aria-hidden=\"true\"><\/i><\/span><div class=\"fusion-li-item-content\">\n<p><strong>Fr\u00fchst\u00fccksversorgung<\/strong>: Bewohner anleiten, unterst\u00fctzen, bei Bedarf Essen anreichen.<\/p>\n<\/div><\/li><li class=\"fusion-li-item\" style=\"\"><span class=\"icon-wrapper circle-yes\"><i class=\"fusion-li-icon awb-magazine-angle-right-solid\" aria-hidden=\"true\"><\/i><\/span><div class=\"fusion-li-item-content\">\n<p><strong>Dokumentation <\/strong>und kurze Teamabsprachen: Was hast du beobachtet? Wo ver\u00e4nderst du Ma\u00dfnahmen? Wer braucht \u00e4rztliche R\u00fccksprache?<\/p>\n<\/div><\/li><li class=\"fusion-li-item\" style=\"\"><span class=\"icon-wrapper circle-yes\"><i class=\"fusion-li-icon awb-magazine-angle-right-solid\" aria-hidden=\"true\"><\/i><\/span><div class=\"fusion-li-item-content\">\n<p><strong>Vorbereitung auf Therapien<\/strong>, Arztvisiten und Angeh\u00f6rigenkontakte.<\/p>\n<\/div><\/li><\/ul><div class=\"fusion-text fusion-text-3\"><p><strong>So f\u00fchlt sich der Fr\u00fchdienst an:<\/strong><\/p>\n<p>Der Fr\u00fchdienst ist der Start in den Tag. Der Druck entsteht weniger durch einzelne komplexe Pflegesituationen als durch die Taktung: viele Bewohner, enge Zeitfenster, individuelle W\u00fcnsche. Du kennst das Bild: mehrere Klingeln gleichzeitig, eine Bewohnerin m\u00f6chte noch kurz liegen bleiben, ein Bewohner mit Pflegegrad 4 braucht zwei Mitarbeitende f\u00fcr den Transfer, und die Arztvisite steht vor der T\u00fcr.<\/p>\n<p>Genau deshalb setzen wir bei compassio auf klare Abl\u00e4ufe, strukturierte \u00dcbergaben und moderne Dokumentationssysteme. So behalten Teams auch in dynamischen Situationen den \u00dcberblick. Das schafft mehr Raum f\u00fcr das, worum es in der Pflege wirklich geht: professionelle Versorgung und echte Begegnung mit den Menschen.<\/p>\n<\/div><div class=\"fusion-title title fusion-title-2 fusion-sep-none fusion-title-text fusion-title-size-four\" style=\"--awb-margin-top-small:10px;--awb-margin-right-small:0px;--awb-margin-bottom-small:10px;--awb-margin-left-small:0px;\"><h4 class=\"fusion-title-heading title-heading-left\" style=\"margin:0;\"><h2>Typischer Sp\u00e4tdienst in der station\u00e4ren Pflege: N\u00e4he, Rituale, Begleitung<\/h2><\/h4><\/div><div class=\"fusion-text fusion-text-4\"><p>Der Sp\u00e4tdienst startet h\u00e4ufig zwischen 13:00 und 14:00 Uhr. Der Vormittagsstress ist vorbei, der Tagesrhythmus steht. Du kommst in ein Haus, das bereits l\u00e4uft, und wechselst mit deinem Team langsam in die Abendstimmung.<\/p>\n<\/div><ul style=\"--awb-item-padding-top:10px;--awb-item-padding-left:25px;--awb-iconcolor:var(--awb-color4);--awb-line-height:27.2px;--awb-icon-width:27.2px;--awb-icon-height:27.2px;--awb-icon-margin:11.2px;--awb-content-margin:38.4px;--awb-circlecolor:hsla(var(--awb-color4-h),var(--awb-color4-s),var(--awb-color4-l),calc(var(--awb-color4-a) - 90%));--awb-circle-yes-font-size:14.08px;\" class=\"fusion-checklist fusion-checklist-2 type-icons\"><li class=\"fusion-li-item\" style=\"\"><span class=\"icon-wrapper circle-yes\"><i class=\"fusion-li-icon awb-magazine-angle-right-solid\" aria-hidden=\"true\"><\/i><\/span><div class=\"fusion-li-item-content\">\n<p><strong>\u00dcbergabe vom Fr\u00fchdienst<\/strong>: Was ist medizinisch gelaufen? Wie war die Stimmung im Wohnbereich? Welche Bewohner brauchen am Abend besondere Aufmerksamkeit?<\/p>\n<\/div><\/li><li class=\"fusion-li-item\" style=\"\"><span class=\"icon-wrapper circle-yes\"><i class=\"fusion-li-icon awb-magazine-angle-right-solid\" aria-hidden=\"true\"><\/i><\/span><div class=\"fusion-li-item-content\">\n<p><strong>Kaffeerunde<\/strong>, Aktivit\u00e4ten, Einzelbetreuung: Spielen, Singen, Biografiearbeit, Angeh\u00f6rigenbesuche begleiten, Spazierg\u00e4nge.<\/p>\n<\/div><\/li><li class=\"fusion-li-item\" style=\"\"><span class=\"icon-wrapper circle-yes\"><i class=\"fusion-li-icon awb-magazine-angle-right-solid\" aria-hidden=\"true\"><\/i><\/span><div class=\"fusion-li-item-content\">\n<p><strong>Unterst\u00fctzung bei Toiletteng\u00e4ngen<\/strong>, Lagerungswechseln und Prophylaxen.<\/p>\n<\/div><\/li><li class=\"fusion-li-item\" style=\"\"><span class=\"icon-wrapper circle-yes\"><i class=\"fusion-li-icon awb-magazine-angle-right-solid\" aria-hidden=\"true\"><\/i><\/span><div class=\"fusion-li-item-content\">\n<p><strong>Medikamentengabe <\/strong>am Nachmittag oder Abend, gegebenenfalls Insulin oder Injektionen.<\/p>\n<\/div><\/li><li class=\"fusion-li-item\" style=\"\"><span class=\"icon-wrapper circle-yes\"><i class=\"fusion-li-icon awb-magazine-angle-right-solid\" aria-hidden=\"true\"><\/i><\/span><div class=\"fusion-li-item-content\">\n<p><strong>Abendessen begleiten<\/strong>, Essen anreichen, Trinkmengen im Blick behalten.<\/p>\n<\/div><\/li><li class=\"fusion-li-item\" style=\"\"><span class=\"icon-wrapper circle-yes\"><i class=\"fusion-li-icon awb-magazine-angle-right-solid\" aria-hidden=\"true\"><\/i><\/span><div class=\"fusion-li-item-content\">\n<p><strong>Abendliche Pflege<\/strong>: Umziehen, Z\u00e4hne putzen, Inkontinenzversorgung, Kompressionsstr\u00fcmpfe ausziehen, Lagerung.<\/p>\n<\/div><\/li><li class=\"fusion-li-item\" style=\"\"><span class=\"icon-wrapper circle-yes\"><i class=\"fusion-li-icon awb-magazine-angle-right-solid\" aria-hidden=\"true\"><\/i><\/span><div class=\"fusion-li-item-content\">\n<p><strong>Vorbereitung auf die Nacht<\/strong>: Klingelanlagen pr\u00fcfen, Risikobewohner identifizieren, \u00dcbergabe an den Nachtdienst.<\/p>\n<\/div><\/li><\/ul><div class=\"fusion-text fusion-text-5\"><h3><\/h3>\n<p><strong>So f\u00fchlt sich der Sp\u00e4tdienst an:<\/strong><\/p>\n<p>Im Sp\u00e4tdienst hast du oft mehr Raum f\u00fcr Gespr\u00e4che, f\u00fcr einen Blick ins Fotoalbum oder f\u00fcr die Sorgen einer Tochter, die nach der Arbeit vorbeikommt. Die k\u00f6rperliche Belastung bleibt, aber der Takt wirkt h\u00e4ufig etwas ruhiger. Gleichzeitig tr\u00e4gst du Verantwortung daf\u00fcr, dass alle gut in die Nacht starten: Unruhe, <strong>Demenzwandern, \u00c4ngste oder Schmerzen<\/strong> zeigen sich in den Abendstunden oft besonders deutlich.<\/p>\n<p>In unserem Alltag bei compassio erleben wir h\u00e4ufig, dass Pflegekr\u00e4fte, die besonders gern Beziehungspflege, Gespr\u00e4che und Aktivierung begleiten, den <strong>Sp\u00e4tdienst <\/strong>bevorzugen: mehr Zeit f\u00fcr N\u00e4he, weniger Termindruck, mehr wiederkehrende Rituale.<\/p>\n<\/div><div class=\"fusion-image-element \" style=\"--awb-caption-title-font-family:var(--h2_typography-font-family);--awb-caption-title-font-weight:var(--h2_typography-font-weight);--awb-caption-title-font-style:var(--h2_typography-font-style);--awb-caption-title-size:var(--h2_typography-font-size);--awb-caption-title-transform:var(--h2_typography-text-transform);--awb-caption-title-line-height:var(--h2_typography-line-height);--awb-caption-title-letter-spacing:var(--h2_typography-letter-spacing);\"><span class=\" fusion-imageframe imageframe-none imageframe-2 hover-type-none\"><img decoding=\"async\" width=\"800\" height=\"600\" alt=\"Gl\u00fcckliche Mitarbeiter mit Pose.\" title=\"Teamfoto Compassio.\" src=\"https:\/\/karriere.compassio.de\/magazin\/wp-content\/uploads\/2026\/04\/2.png\" data-orig-src=\"https:\/\/karriere.compassio.de\/magazin\/wp-content\/uploads\/2026\/04\/2.png\" class=\"lazyload img-responsive wp-image-2129\" srcset=\"data:image\/svg+xml,%3Csvg%20xmlns%3D%27http%3A%2F%2Fwww.w3.org%2F2000%2Fsvg%27%20width%3D%27800%27%20height%3D%27600%27%20viewBox%3D%270%200%20800%20600%27%3E%3Crect%20width%3D%27800%27%20height%3D%27600%27%20fill-opacity%3D%220%22%2F%3E%3C%2Fsvg%3E\" data-srcset=\"https:\/\/karriere.compassio.de\/magazin\/wp-content\/uploads\/2026\/04\/2-200x150.png 200w, https:\/\/karriere.compassio.de\/magazin\/wp-content\/uploads\/2026\/04\/2-400x300.png 400w, https:\/\/karriere.compassio.de\/magazin\/wp-content\/uploads\/2026\/04\/2-600x450.png 600w, https:\/\/karriere.compassio.de\/magazin\/wp-content\/uploads\/2026\/04\/2.png 800w\" data-sizes=\"auto\" data-orig-sizes=\"(max-width: 800px) 100vw, 800px\" \/><\/span><\/div><div class=\"fusion-text fusion-text-6\"><h2><span style=\"font-size: 16px;\">Fr\u00fchdienst vs. Sp\u00e4tdienst in der station\u00e4ren Pflege \u2013 die wichtigsten Unterschiede im \u00dcberblick<\/span><\/h2>\n<p>Der direkte Vergleich zwischen Fr\u00fch- und Sp\u00e4tdienst in der station\u00e4ren Pflege zeigt die unterschiedlichen Dynamiken des pflegerischen Alltags. W\u00e4hrend der Fr\u00fchdienst meist zwischen 6:00 und 7:00 Uhr mit hoher Taktung startet, liegt sein Schwerpunkt auf Grundpflege, Mobilisation sowie der <strong>Koordination von Arzt- und Therapieterminen<\/strong>. Der Sp\u00e4tdienst beginnt dagegen am fr\u00fchen Nachmittag und bietet durch ein oft etwas ruhigeres Tempo mehr Raum f\u00fcr soziale Aktivierung, individuelle Gespr\u00e4che und die Begleitung der Bewohner in die Nachtruhe. Auch die Schnittstellen unterscheiden sich: Im Fr\u00fchdienst stehen der Austausch mit <strong>Medizinern, Verwaltung und Hauswirtschaft<\/strong> st\u00e4rker im Vordergrund, w\u00e4hrend im Sp\u00e4tdienst h\u00e4ufiger Angeh\u00f6rige und ehrenamtliche Begleiter eine Rolle spielen. Diese Struktur beeinflusst auch dein Privatleben, denn der Fr\u00fchdienst bringt einen fr\u00fchen Feierabend, aber wenig Flexibilit\u00e4t am Vormittag, w\u00e4hrend der Sp\u00e4tdienst l\u00e4ngeres Schlafen erm\u00f6glicht, daf\u00fcr aber den Abend blockiert.<\/p>\n<h2>Wie Pflegegrade deinen Alltag im Fr\u00fch- und Sp\u00e4tdienst pr\u00e4gen<\/h2>\n<p>In der station\u00e4ren Pflege orientiert sich die t\u00e4gliche Arbeit an den Pflegegraden 1 bis 5. Besonders in den Pflegegraden 3 bis 5 ist der Unterst\u00fctzungsbedarf in der Regel deutlich h\u00f6her. F\u00fcr den Fr\u00fchdienst bedeutet das oft <strong>intensivere Grundpflege, mehr Hilfsmittel im Einsatz<\/strong> und bei Transfers h\u00e4ufiger Unterst\u00fctzung durch zwei Mitarbeitende. Dadurch wird eine gute Abstimmung im Team besonders wichtig. Fachlich spielen hier Themen wie Mobilisation, Dekubitusprophylaxe, Kontrakturenprophylaxe und <strong>Schmerzbeobachtung <\/strong>eine gro\u00dfe Rolle.<\/p>\n<p>Im Sp\u00e4tdienst geht es st\u00e4rker darum, den Abend passend zur Situation der Bewohner zu gestalten. Manche Menschen brauchen Aktivierung, andere eher <strong>Ruhe, Orientierung und Sicherheit<\/strong>. Gerade bei Demenz, Schmerzen oder Unruhe ist eine gute Beobachtung wichtig, ebenso wie eine klare \u00dcbergabe an den Nachtdienst.<\/p>\n<p>Die gesetzlich geregelten Leistungen der Pflegekasse bilden dabei den finanziellen Rahmen der station\u00e4ren Versorgung. Im Pflegealltag zeigt sich das f\u00fcr dich vor allem in der <strong>Einstufung der Bewohner, im Personaleinsatz<\/strong> und in den Anforderungen an pflegerisches Fachwissen. Unsere internen Fortbildungen und Qualifizierungen, etwa zur <a href=\"https:\/\/karriere.compassio.de\/pflege\/gerontofachkraft\/\">Gerontofachkraft<\/a> oder f\u00fcr das <a href=\"https:\/\/karriere.compassio.de\/pflege\/qualitaetsmanagement\/\">Qualit\u00e4tsmanagement in der Pflege<\/a>, greifen dieses Fachwissen auf.<\/p>\n<h2>Work-Life-Balance: Welcher Dienst passt zu deinem Leben?<\/h2>\n<p>Ob Fr\u00fchdienst oder Sp\u00e4tdienst \u2013 beides beeinflusst deine Lebensplanung. Die station\u00e4re Pflege arbeitet im Schichtdienst, doch innerhalb dieses Rahmens gibt es Gestaltungsspielr\u00e4ume.<\/p>\n<p><strong>Fr\u00fchdienst und dein Privatleben:<\/strong><\/p>\n<ul>\n<li>Du hast den Nachmittag frei: Arzttermine, Kinderbetreuung, Sport oder Hobbys lassen sich am fr\u00fchen Nachmittag organisieren.<\/li>\n<li>Du stehst sehr fr\u00fch auf: Schlafrhythmus und k\u00f6rperliche Erholung brauchen Disziplin.<\/li>\n<li>Familienleben: Wenn Kinder in die Schule gehen, passt der Fr\u00fchdienst oft gut, weil du nachmittags pr\u00e4sent bist.<\/li>\n<\/ul>\n<p><strong>Sp\u00e4tdienst und dein Privatleben:<\/strong><\/p>\n<ul>\n<li>Du startest entspannter in den Tag: Zeit f\u00fcr Ausschlafen, Eink\u00e4ufe oder eigene Termine.<\/li>\n<li>Du kommst sp\u00e4t heim: Abende mit Freunden oder regelm\u00e4\u00dfige Abendaktivit\u00e4ten passen oft schlechter.<\/li>\n<li>Familienleben: Mit \u00e4lteren Kindern, die nachmittags unterwegs sind, f\u00fchlt sich der Sp\u00e4tdienst h\u00e4ufig passend an.<\/li>\n<\/ul>\n<p>Bei compassio achten unsere Einrichtungsleitungen und Pflegedienstleitungen auf fr\u00fchzeitige Dienstplanung, verl\u00e4ssliche Abstimmungen und m\u00f6glichst stabile Dienstmodelle. Dazu geh\u00f6ren je nach Einrichtung auch individuelle Teilzeitmodelle oder <a href=\"https:\/\/karriere.compassio.de\/pflege\/springer\/\">Vertretungseins\u00e4tze <\/a>innerhalb eines Teams.<\/p>\n<\/div><div class=\"fusion-image-element \" style=\"--awb-caption-title-font-family:var(--h2_typography-font-family);--awb-caption-title-font-weight:var(--h2_typography-font-weight);--awb-caption-title-font-style:var(--h2_typography-font-style);--awb-caption-title-size:var(--h2_typography-font-size);--awb-caption-title-transform:var(--h2_typography-text-transform);--awb-caption-title-line-height:var(--h2_typography-line-height);--awb-caption-title-letter-spacing:var(--h2_typography-letter-spacing);\"><span class=\" fusion-imageframe imageframe-none imageframe-3 hover-type-none\"><img decoding=\"async\" width=\"800\" height=\"600\" alt=\"Gl\u00fcckliche Menschen lachen zusammen.\" title=\"Spa\u00df im Pflegealltag bei Compassio\" src=\"https:\/\/karriere.compassio.de\/magazin\/wp-content\/uploads\/2026\/04\/15.png\" data-orig-src=\"https:\/\/karriere.compassio.de\/magazin\/wp-content\/uploads\/2026\/04\/15.png\" class=\"lazyload img-responsive wp-image-2127\" srcset=\"data:image\/svg+xml,%3Csvg%20xmlns%3D%27http%3A%2F%2Fwww.w3.org%2F2000%2Fsvg%27%20width%3D%27800%27%20height%3D%27600%27%20viewBox%3D%270%200%20800%20600%27%3E%3Crect%20width%3D%27800%27%20height%3D%27600%27%20fill-opacity%3D%220%22%2F%3E%3C%2Fsvg%3E\" data-srcset=\"https:\/\/karriere.compassio.de\/magazin\/wp-content\/uploads\/2026\/04\/15-200x150.png 200w, https:\/\/karriere.compassio.de\/magazin\/wp-content\/uploads\/2026\/04\/15-400x300.png 400w, https:\/\/karriere.compassio.de\/magazin\/wp-content\/uploads\/2026\/04\/15-600x450.png 600w, https:\/\/karriere.compassio.de\/magazin\/wp-content\/uploads\/2026\/04\/15.png 800w\" data-sizes=\"auto\" data-orig-sizes=\"(max-width: 800px) 100vw, 800px\" \/><\/span><\/div><div class=\"fusion-text fusion-text-7\"><h2>Station\u00e4re Pflege: Beispiele aus dem Alltag im Fr\u00fch- und Sp\u00e4tdienst<\/h2>\n<p><strong>Beispiel 1 \u2013 Bewohnerin mit Pflegegrad 3<\/strong><\/p>\n<p><strong>Fr\u00fchdienst:<\/strong> Du hilfst Frau M. beim Aufstehen, beim Waschen am Waschbecken und beim Anziehen. Sie braucht Unterst\u00fctzung bei der Standstabilit\u00e4t und bei feinmotorischen T\u00e4tigkeiten wie dem Schlie\u00dfen von Kn\u00f6pfen. Du kontrollierst ihre Beine, ziehst Kompressionsstr\u00fcmpfe an, unterst\u00fctzt beim Transfer in den Rollstuhl, begleitest sie zum Fr\u00fchst\u00fcck und stellst sicher, dass sie ihre Medikamente einnimmt.<br \/>\n<strong>Sp\u00e4tdienst:<\/strong> Am Nachmittag nimmst du Frau M. mit in die Sitztanzgruppe, motivierst sie zum Mitmachen und beobachtest ihre Belastbarkeit. Am Abend begleitest du sie beim Toilettengang, unterst\u00fctzt sie beim Umziehen, entfernst die Kompressionsstr\u00fcmpfe und sorgst f\u00fcr eine bequeme Lagerung. In der Dokumentation h\u00e4ltst du fest, wie fit sie sich f\u00fchlte und ob Schmerzen auftraten.<\/p>\n<p><strong>Beispiel 2 \u2013 Bewohner mit Pflegegrad 4 und Demenz<\/strong><\/p>\n<p><strong>Fr\u00fchdienst:<\/strong> Du arbeitest gemeinsam mit Kollegen, um Herrn K. mithilfe eines Lifters sicher zu transferieren. Die K\u00f6rperpflege findet weitgehend im Bett statt. Du sprichst ruhig, nutzt bekannte Lieder oder Rituale, um \u00c4ngste zu reduzieren, und achtest gleichzeitig auf Hautver\u00e4nderungen und Dekubitusrisiko.<br \/>\n<strong>Sp\u00e4tdienst:<\/strong> Herr K. neigt zum Abend hin zu Unruhe. Du strukturierst die Zeit mit kurzen, vertrauten Ritualen, achtest auf Reize im Umfeld und stimmst dich eng mit dem Nachtdienst ab, ob zus\u00e4tzliche Ma\u00dfnahmen oder \u00e4rztliche R\u00fccksprache n\u00f6tig sind.<\/p>\n<p>Diese Beispiele zeigen, wie station\u00e4re Pflege im Fr\u00fch- und Sp\u00e4tdienst zusammenspielt. Nur wenn beide Schichten gut verzahnt sind, entsteht ein Alltag, der dich nicht \u00fcberrollt, sondern dir Raum f\u00fcr professionelle Pflege, Teamarbeit und echte N\u00e4he gibt.<\/p>\n<p>Fr\u00fchdienst und Sp\u00e4tdienst geh\u00f6ren zur station\u00e4ren Pflege \u2013 und beide haben ihre eigene Dynamik. Entscheidend ist nicht nur die Uhrzeit, sondern auch das Team, mit dem du arbeitest, die Organisation im Haus und die Unterst\u00fctzung durch F\u00fchrungskr\u00e4fte. Bei compassio arbeiten Pflegefachkr\u00e4fte, Pflegehilfskr\u00e4fte und Betreuungskr\u00e4fte gemeinsam daran, dass Bewohner gut durch den Tag kommen \u2013 vom ersten Guten Morgen bis zur ruhigen Nacht. Wenn du Teil eines Teams werden m\u00f6chtest, das professionelle Pflege mit menschlicher N\u00e4he verbindet, findest du bei compassio viele M\u00f6glichkeiten f\u00fcr deinen Einstieg.<\/p>\n<\/div><div class=\"fusion-title title fusion-title-3 fusion-sep-none fusion-title-text fusion-title-size-three\" style=\"--awb-margin-top-small:10px;--awb-margin-right-small:0px;--awb-margin-bottom-small:10px;--awb-margin-left-small:0px;\"><h3 class=\"fusion-title-heading title-heading-left\" style=\"margin:0;\"><\/h3><\/div><\/div><\/div><\/div><\/div>\n","protected":false},"excerpt":{"rendered":"<p>Unsere Teams erleben jeden Tag, wie unterschiedlich sich Fr\u00fchdienst und Sp\u00e4tdienst anf\u00fchlen \u2013 und wie wichtig gute Organisation und ein starkes Team f\u00fcr den Arbeitsalltag sind.<\/p>\n","protected":false},"author":3,"featured_media":2149,"comment_status":"open","ping_status":"open","sticky":false,"template":"","format":"standard","meta":{"footnotes":""},"categories":[64],"tags":[80,70,81],"class_list":["post-2089","post","type-post","status-publish","format-standard","has-post-thumbnail","hentry","category-arbeit-in-der-pflege","tag-fruehdienst","tag-pflege","tag-spaetdienst"],"yoast_head":"<!-- This site is optimized with the Yoast SEO plugin v27.4 - https:\/\/yoast.com\/product\/yoast-seo-wordpress\/ -->\n<title>Station\u00e4re Pflege bei compassio: Fr\u00fchdienst vs Sp\u00e4tdienst<\/title>\n<meta name=\"description\" content=\"Station\u00e4re Pflege: Fr\u00fchdienst oder doch eher Sp\u00e4tdienst? Was sind die Unterschiede, was passt besser zu dir und wie ist der Ablauf - hier liest du mehr.\" \/>\n<meta name=\"robots\" content=\"index, follow, max-snippet:-1, max-image-preview:large, max-video-preview:-1\" \/>\n<link rel=\"canonical\" href=\"https:\/\/karriere.compassio.de\/magazin\/stationaere-pflege-bei-compassio-fruehdienst-vs-spaetdienst\/\" \/>\n<meta property=\"og:locale\" content=\"de_DE\" \/>\n<meta property=\"og:type\" content=\"article\" \/>\n<meta property=\"og:title\" content=\"Station\u00e4re Pflege bei compassio: Fr\u00fchdienst vs Sp\u00e4tdienst\" \/>\n<meta property=\"og:description\" content=\"Station\u00e4re Pflege: Fr\u00fchdienst oder doch eher Sp\u00e4tdienst? Was sind die Unterschiede, was passt besser zu dir und wie ist der Ablauf - hier liest du mehr.\" \/>\n<meta property=\"og:url\" content=\"https:\/\/karriere.compassio.de\/magazin\/stationaere-pflege-bei-compassio-fruehdienst-vs-spaetdienst\/\" \/>\n<meta property=\"og:site_name\" content=\"Avada Magazine\" \/>\n<meta property=\"article:publisher\" content=\"https:\/\/www.facebook.com\/compassiokarriere\/\" \/>\n<meta property=\"article:published_time\" content=\"2026-04-01T10:37:23+00:00\" \/>\n<meta property=\"article:modified_time\" content=\"2026-04-27T11:49:42+00:00\" \/>\n<meta property=\"og:image\" content=\"https:\/\/karriere.compassio.de\/magazin\/wp-content\/uploads\/2026\/04\/20.png\" \/>\n\t<meta property=\"og:image:width\" content=\"800\" \/>\n\t<meta property=\"og:image:height\" content=\"600\" \/>\n\t<meta property=\"og:image:type\" content=\"image\/png\" \/>\n<meta name=\"author\" content=\"Vanessa Angrick\" \/>\n<meta name=\"twitter:card\" content=\"summary_large_image\" \/>\n<meta name=\"twitter:label1\" content=\"Verfasst von\" \/>\n\t<meta name=\"twitter:data1\" content=\"Vanessa Angrick\" \/>\n\t<meta name=\"twitter:label2\" content=\"Gesch\u00e4tzte Lesezeit\" \/>\n\t<meta name=\"twitter:data2\" content=\"10\u00a0Minuten\" \/>\n<script type=\"application\/ld+json\" class=\"yoast-schema-graph\">{\"@context\":\"https:\\\/\\\/schema.org\",\"@graph\":[{\"@type\":\"Article\",\"@id\":\"https:\\\/\\\/karriere.compassio.de\\\/magazin\\\/stationaere-pflege-bei-compassio-fruehdienst-vs-spaetdienst\\\/#article\",\"isPartOf\":{\"@id\":\"https:\\\/\\\/karriere.compassio.de\\\/magazin\\\/stationaere-pflege-bei-compassio-fruehdienst-vs-spaetdienst\\\/\"},\"author\":{\"name\":\"Vanessa Angrick\",\"@id\":\"https:\\\/\\\/karriere.compassio.de\\\/magazin\\\/#\\\/schema\\\/person\\\/f82989bad171edfe2367aab4b6602eff\"},\"headline\":\"Station\u00e4re Pflege bei compassio: Fr\u00fchdienst vs Sp\u00e4tdienst\",\"datePublished\":\"2026-04-01T10:37:23+00:00\",\"dateModified\":\"2026-04-27T11:49:42+00:00\",\"mainEntityOfPage\":{\"@id\":\"https:\\\/\\\/karriere.compassio.de\\\/magazin\\\/stationaere-pflege-bei-compassio-fruehdienst-vs-spaetdienst\\\/\"},\"wordCount\":3783,\"commentCount\":0,\"publisher\":{\"@id\":\"https:\\\/\\\/karriere.compassio.de\\\/magazin\\\/#organization\"},\"image\":{\"@id\":\"https:\\\/\\\/karriere.compassio.de\\\/magazin\\\/stationaere-pflege-bei-compassio-fruehdienst-vs-spaetdienst\\\/#primaryimage\"},\"thumbnailUrl\":\"https:\\\/\\\/karriere.compassio.de\\\/magazin\\\/wp-content\\\/uploads\\\/2026\\\/04\\\/20.png\",\"keywords\":[\"Fr\u00fchdienst\",\"Pflege\",\"Sp\u00e4tdienst\"],\"articleSection\":[\"Arbeit &amp; Leben in der Pflege\"],\"inLanguage\":\"de\",\"potentialAction\":[{\"@type\":\"CommentAction\",\"name\":\"Comment\",\"target\":[\"https:\\\/\\\/karriere.compassio.de\\\/magazin\\\/stationaere-pflege-bei-compassio-fruehdienst-vs-spaetdienst\\\/#respond\"]}]},{\"@type\":\"WebPage\",\"@id\":\"https:\\\/\\\/karriere.compassio.de\\\/magazin\\\/stationaere-pflege-bei-compassio-fruehdienst-vs-spaetdienst\\\/\",\"url\":\"https:\\\/\\\/karriere.compassio.de\\\/magazin\\\/stationaere-pflege-bei-compassio-fruehdienst-vs-spaetdienst\\\/\",\"name\":\"Station\u00e4re Pflege bei compassio: Fr\u00fchdienst vs Sp\u00e4tdienst\",\"isPartOf\":{\"@id\":\"https:\\\/\\\/karriere.compassio.de\\\/magazin\\\/#website\"},\"primaryImageOfPage\":{\"@id\":\"https:\\\/\\\/karriere.compassio.de\\\/magazin\\\/stationaere-pflege-bei-compassio-fruehdienst-vs-spaetdienst\\\/#primaryimage\"},\"image\":{\"@id\":\"https:\\\/\\\/karriere.compassio.de\\\/magazin\\\/stationaere-pflege-bei-compassio-fruehdienst-vs-spaetdienst\\\/#primaryimage\"},\"thumbnailUrl\":\"https:\\\/\\\/karriere.compassio.de\\\/magazin\\\/wp-content\\\/uploads\\\/2026\\\/04\\\/20.png\",\"datePublished\":\"2026-04-01T10:37:23+00:00\",\"dateModified\":\"2026-04-27T11:49:42+00:00\",\"description\":\"Station\u00e4re Pflege: Fr\u00fchdienst oder doch eher Sp\u00e4tdienst? Was sind die Unterschiede, was passt besser zu dir und wie ist der Ablauf - hier liest du mehr.\",\"breadcrumb\":{\"@id\":\"https:\\\/\\\/karriere.compassio.de\\\/magazin\\\/stationaere-pflege-bei-compassio-fruehdienst-vs-spaetdienst\\\/#breadcrumb\"},\"inLanguage\":\"de\",\"potentialAction\":[{\"@type\":\"ReadAction\",\"target\":[\"https:\\\/\\\/karriere.compassio.de\\\/magazin\\\/stationaere-pflege-bei-compassio-fruehdienst-vs-spaetdienst\\\/\"]}]},{\"@type\":\"ImageObject\",\"inLanguage\":\"de\",\"@id\":\"https:\\\/\\\/karriere.compassio.de\\\/magazin\\\/stationaere-pflege-bei-compassio-fruehdienst-vs-spaetdienst\\\/#primaryimage\",\"url\":\"https:\\\/\\\/karriere.compassio.de\\\/magazin\\\/wp-content\\\/uploads\\\/2026\\\/04\\\/20.png\",\"contentUrl\":\"https:\\\/\\\/karriere.compassio.de\\\/magazin\\\/wp-content\\\/uploads\\\/2026\\\/04\\\/20.png\",\"width\":800,\"height\":600,\"caption\":\"Frau blickt in die Kamera. Im Hintergrund Menschen die lernen.\"},{\"@type\":\"BreadcrumbList\",\"@id\":\"https:\\\/\\\/karriere.compassio.de\\\/magazin\\\/stationaere-pflege-bei-compassio-fruehdienst-vs-spaetdienst\\\/#breadcrumb\",\"itemListElement\":[{\"@type\":\"ListItem\",\"position\":1,\"name\":\"Start\",\"item\":\"https:\\\/\\\/karriere.compassio.de\\\/magazin\\\/\"},{\"@type\":\"ListItem\",\"position\":2,\"name\":\"Station\u00e4re Pflege bei compassio: Fr\u00fchdienst vs Sp\u00e4tdienst\"}]},{\"@type\":\"WebSite\",\"@id\":\"https:\\\/\\\/karriere.compassio.de\\\/magazin\\\/#website\",\"url\":\"https:\\\/\\\/karriere.compassio.de\\\/magazin\\\/\",\"name\":\"compassio Karriere Magazin\",\"description\":\"\",\"publisher\":{\"@id\":\"https:\\\/\\\/karriere.compassio.de\\\/magazin\\\/#organization\"},\"potentialAction\":[{\"@type\":\"SearchAction\",\"target\":{\"@type\":\"EntryPoint\",\"urlTemplate\":\"https:\\\/\\\/karriere.compassio.de\\\/magazin\\\/?s={search_term_string}\"},\"query-input\":{\"@type\":\"PropertyValueSpecification\",\"valueRequired\":true,\"valueName\":\"search_term_string\"}}],\"inLanguage\":\"de\"},{\"@type\":\"Organization\",\"@id\":\"https:\\\/\\\/karriere.compassio.de\\\/magazin\\\/#organization\",\"name\":\"compassio Karriere\",\"url\":\"https:\\\/\\\/karriere.compassio.de\\\/magazin\\\/\",\"logo\":{\"@type\":\"ImageObject\",\"inLanguage\":\"de\",\"@id\":\"https:\\\/\\\/karriere.compassio.de\\\/magazin\\\/#\\\/schema\\\/logo\\\/image\\\/\",\"url\":\"https:\\\/\\\/karriere.compassio.de\\\/magazin\\\/wp-content\\\/uploads\\\/2026\\\/03\\\/logo.png\",\"contentUrl\":\"https:\\\/\\\/karriere.compassio.de\\\/magazin\\\/wp-content\\\/uploads\\\/2026\\\/03\\\/logo.png\",\"width\":952,\"height\":348,\"caption\":\"compassio Karriere\"},\"image\":{\"@id\":\"https:\\\/\\\/karriere.compassio.de\\\/magazin\\\/#\\\/schema\\\/logo\\\/image\\\/\"},\"sameAs\":[\"https:\\\/\\\/www.facebook.com\\\/compassiokarriere\\\/\"]},{\"@type\":\"Person\",\"@id\":\"https:\\\/\\\/karriere.compassio.de\\\/magazin\\\/#\\\/schema\\\/person\\\/f82989bad171edfe2367aab4b6602eff\",\"name\":\"Vanessa Angrick\",\"image\":{\"@type\":\"ImageObject\",\"inLanguage\":\"de\",\"@id\":\"https:\\\/\\\/secure.gravatar.com\\\/avatar\\\/a954875a6c9d925c6a81849d6229350a9ad62f3583dc3627aa42a030b0b2777e?s=96&d=mm&r=g\",\"url\":\"https:\\\/\\\/secure.gravatar.com\\\/avatar\\\/a954875a6c9d925c6a81849d6229350a9ad62f3583dc3627aa42a030b0b2777e?s=96&d=mm&r=g\",\"contentUrl\":\"https:\\\/\\\/secure.gravatar.com\\\/avatar\\\/a954875a6c9d925c6a81849d6229350a9ad62f3583dc3627aa42a030b0b2777e?s=96&d=mm&r=g\",\"caption\":\"Vanessa Angrick\"}}]}<\/script>\n<!-- \/ Yoast SEO plugin. -->","yoast_head_json":{"title":"Station\u00e4re Pflege bei compassio: Fr\u00fchdienst vs Sp\u00e4tdienst","description":"Station\u00e4re Pflege: Fr\u00fchdienst oder doch eher Sp\u00e4tdienst? Was sind die Unterschiede, was passt besser zu dir und wie ist der Ablauf - hier liest du mehr.","robots":{"index":"index","follow":"follow","max-snippet":"max-snippet:-1","max-image-preview":"max-image-preview:large","max-video-preview":"max-video-preview:-1"},"canonical":"https:\/\/karriere.compassio.de\/magazin\/stationaere-pflege-bei-compassio-fruehdienst-vs-spaetdienst\/","og_locale":"de_DE","og_type":"article","og_title":"Station\u00e4re Pflege bei compassio: Fr\u00fchdienst vs Sp\u00e4tdienst","og_description":"Station\u00e4re Pflege: Fr\u00fchdienst oder doch eher Sp\u00e4tdienst? Was sind die Unterschiede, was passt besser zu dir und wie ist der Ablauf - hier liest du mehr.","og_url":"https:\/\/karriere.compassio.de\/magazin\/stationaere-pflege-bei-compassio-fruehdienst-vs-spaetdienst\/","og_site_name":"Avada Magazine","article_publisher":"https:\/\/www.facebook.com\/compassiokarriere\/","article_published_time":"2026-04-01T10:37:23+00:00","article_modified_time":"2026-04-27T11:49:42+00:00","og_image":[{"width":800,"height":600,"url":"https:\/\/karriere.compassio.de\/magazin\/wp-content\/uploads\/2026\/04\/20.png","type":"image\/png"}],"author":"Vanessa Angrick","twitter_card":"summary_large_image","twitter_misc":{"Verfasst von":"Vanessa Angrick","Gesch\u00e4tzte Lesezeit":"10\u00a0Minuten"},"schema":{"@context":"https:\/\/schema.org","@graph":[{"@type":"Article","@id":"https:\/\/karriere.compassio.de\/magazin\/stationaere-pflege-bei-compassio-fruehdienst-vs-spaetdienst\/#article","isPartOf":{"@id":"https:\/\/karriere.compassio.de\/magazin\/stationaere-pflege-bei-compassio-fruehdienst-vs-spaetdienst\/"},"author":{"name":"Vanessa Angrick","@id":"https:\/\/karriere.compassio.de\/magazin\/#\/schema\/person\/f82989bad171edfe2367aab4b6602eff"},"headline":"Station\u00e4re Pflege bei compassio: Fr\u00fchdienst vs Sp\u00e4tdienst","datePublished":"2026-04-01T10:37:23+00:00","dateModified":"2026-04-27T11:49:42+00:00","mainEntityOfPage":{"@id":"https:\/\/karriere.compassio.de\/magazin\/stationaere-pflege-bei-compassio-fruehdienst-vs-spaetdienst\/"},"wordCount":3783,"commentCount":0,"publisher":{"@id":"https:\/\/karriere.compassio.de\/magazin\/#organization"},"image":{"@id":"https:\/\/karriere.compassio.de\/magazin\/stationaere-pflege-bei-compassio-fruehdienst-vs-spaetdienst\/#primaryimage"},"thumbnailUrl":"https:\/\/karriere.compassio.de\/magazin\/wp-content\/uploads\/2026\/04\/20.png","keywords":["Fr\u00fchdienst","Pflege","Sp\u00e4tdienst"],"articleSection":["Arbeit &amp; Leben in der Pflege"],"inLanguage":"de","potentialAction":[{"@type":"CommentAction","name":"Comment","target":["https:\/\/karriere.compassio.de\/magazin\/stationaere-pflege-bei-compassio-fruehdienst-vs-spaetdienst\/#respond"]}]},{"@type":"WebPage","@id":"https:\/\/karriere.compassio.de\/magazin\/stationaere-pflege-bei-compassio-fruehdienst-vs-spaetdienst\/","url":"https:\/\/karriere.compassio.de\/magazin\/stationaere-pflege-bei-compassio-fruehdienst-vs-spaetdienst\/","name":"Station\u00e4re Pflege bei compassio: Fr\u00fchdienst vs Sp\u00e4tdienst","isPartOf":{"@id":"https:\/\/karriere.compassio.de\/magazin\/#website"},"primaryImageOfPage":{"@id":"https:\/\/karriere.compassio.de\/magazin\/stationaere-pflege-bei-compassio-fruehdienst-vs-spaetdienst\/#primaryimage"},"image":{"@id":"https:\/\/karriere.compassio.de\/magazin\/stationaere-pflege-bei-compassio-fruehdienst-vs-spaetdienst\/#primaryimage"},"thumbnailUrl":"https:\/\/karriere.compassio.de\/magazin\/wp-content\/uploads\/2026\/04\/20.png","datePublished":"2026-04-01T10:37:23+00:00","dateModified":"2026-04-27T11:49:42+00:00","description":"Station\u00e4re Pflege: Fr\u00fchdienst oder doch eher Sp\u00e4tdienst? Was sind die Unterschiede, was passt besser zu dir und wie ist der Ablauf - hier liest du mehr.","breadcrumb":{"@id":"https:\/\/karriere.compassio.de\/magazin\/stationaere-pflege-bei-compassio-fruehdienst-vs-spaetdienst\/#breadcrumb"},"inLanguage":"de","potentialAction":[{"@type":"ReadAction","target":["https:\/\/karriere.compassio.de\/magazin\/stationaere-pflege-bei-compassio-fruehdienst-vs-spaetdienst\/"]}]},{"@type":"ImageObject","inLanguage":"de","@id":"https:\/\/karriere.compassio.de\/magazin\/stationaere-pflege-bei-compassio-fruehdienst-vs-spaetdienst\/#primaryimage","url":"https:\/\/karriere.compassio.de\/magazin\/wp-content\/uploads\/2026\/04\/20.png","contentUrl":"https:\/\/karriere.compassio.de\/magazin\/wp-content\/uploads\/2026\/04\/20.png","width":800,"height":600,"caption":"Frau blickt in die Kamera. Im Hintergrund Menschen die lernen."},{"@type":"BreadcrumbList","@id":"https:\/\/karriere.compassio.de\/magazin\/stationaere-pflege-bei-compassio-fruehdienst-vs-spaetdienst\/#breadcrumb","itemListElement":[{"@type":"ListItem","position":1,"name":"Start","item":"https:\/\/karriere.compassio.de\/magazin\/"},{"@type":"ListItem","position":2,"name":"Station\u00e4re Pflege bei compassio: Fr\u00fchdienst vs Sp\u00e4tdienst"}]},{"@type":"WebSite","@id":"https:\/\/karriere.compassio.de\/magazin\/#website","url":"https:\/\/karriere.compassio.de\/magazin\/","name":"compassio Karriere Magazin","description":"","publisher":{"@id":"https:\/\/karriere.compassio.de\/magazin\/#organization"},"potentialAction":[{"@type":"SearchAction","target":{"@type":"EntryPoint","urlTemplate":"https:\/\/karriere.compassio.de\/magazin\/?s={search_term_string}"},"query-input":{"@type":"PropertyValueSpecification","valueRequired":true,"valueName":"search_term_string"}}],"inLanguage":"de"},{"@type":"Organization","@id":"https:\/\/karriere.compassio.de\/magazin\/#organization","name":"compassio Karriere","url":"https:\/\/karriere.compassio.de\/magazin\/","logo":{"@type":"ImageObject","inLanguage":"de","@id":"https:\/\/karriere.compassio.de\/magazin\/#\/schema\/logo\/image\/","url":"https:\/\/karriere.compassio.de\/magazin\/wp-content\/uploads\/2026\/03\/logo.png","contentUrl":"https:\/\/karriere.compassio.de\/magazin\/wp-content\/uploads\/2026\/03\/logo.png","width":952,"height":348,"caption":"compassio Karriere"},"image":{"@id":"https:\/\/karriere.compassio.de\/magazin\/#\/schema\/logo\/image\/"},"sameAs":["https:\/\/www.facebook.com\/compassiokarriere\/"]},{"@type":"Person","@id":"https:\/\/karriere.compassio.de\/magazin\/#\/schema\/person\/f82989bad171edfe2367aab4b6602eff","name":"Vanessa Angrick","image":{"@type":"ImageObject","inLanguage":"de","@id":"https:\/\/secure.gravatar.com\/avatar\/a954875a6c9d925c6a81849d6229350a9ad62f3583dc3627aa42a030b0b2777e?s=96&d=mm&r=g","url":"https:\/\/secure.gravatar.com\/avatar\/a954875a6c9d925c6a81849d6229350a9ad62f3583dc3627aa42a030b0b2777e?s=96&d=mm&r=g","contentUrl":"https:\/\/secure.gravatar.com\/avatar\/a954875a6c9d925c6a81849d6229350a9ad62f3583dc3627aa42a030b0b2777e?s=96&d=mm&r=g","caption":"Vanessa Angrick"}}]}},"_links":{"self":[{"href":"https:\/\/karriere.compassio.de\/magazin\/wp-json\/wp\/v2\/posts\/2089","targetHints":{"allow":["GET"]}}],"collection":[{"href":"https:\/\/karriere.compassio.de\/magazin\/wp-json\/wp\/v2\/posts"}],"about":[{"href":"https:\/\/karriere.compassio.de\/magazin\/wp-json\/wp\/v2\/types\/post"}],"author":[{"embeddable":true,"href":"https:\/\/karriere.compassio.de\/magazin\/wp-json\/wp\/v2\/users\/3"}],"replies":[{"embeddable":true,"href":"https:\/\/karriere.compassio.de\/magazin\/wp-json\/wp\/v2\/comments?post=2089"}],"version-history":[{"count":8,"href":"https:\/\/karriere.compassio.de\/magazin\/wp-json\/wp\/v2\/posts\/2089\/revisions"}],"predecessor-version":[{"id":2376,"href":"https:\/\/karriere.compassio.de\/magazin\/wp-json\/wp\/v2\/posts\/2089\/revisions\/2376"}],"wp:featuredmedia":[{"embeddable":true,"href":"https:\/\/karriere.compassio.de\/magazin\/wp-json\/wp\/v2\/media\/2149"}],"wp:attachment":[{"href":"https:\/\/karriere.compassio.de\/magazin\/wp-json\/wp\/v2\/media?parent=2089"}],"wp:term":[{"taxonomy":"category","embeddable":true,"href":"https:\/\/karriere.compassio.de\/magazin\/wp-json\/wp\/v2\/categories?post=2089"},{"taxonomy":"post_tag","embeddable":true,"href":"https:\/\/karriere.compassio.de\/magazin\/wp-json\/wp\/v2\/tags?post=2089"}],"curies":[{"name":"wp","href":"https:\/\/api.w.org\/{rel}","templated":true}]}}