{"id":2091,"date":"2026-04-01T10:37:41","date_gmt":"2026-04-01T10:37:41","guid":{"rendered":"https:\/\/karriere.compassio.de\/magazin\/?p=2091"},"modified":"2026-04-27T13:55:42","modified_gmt":"2026-04-27T11:55:42","slug":"bewerbung-pflege-alles-rund-um-das-vorstellungsgespraech","status":"publish","type":"post","link":"https:\/\/karriere.compassio.de\/magazin\/bewerbung-pflege-alles-rund-um-das-vorstellungsgespraech\/","title":{"rendered":"Bewerbung Pflege: Alles rund um das Vorstellungsgespr\u00e4ch"},"content":{"rendered":"<div class=\"fusion-fullwidth fullwidth-box fusion-builder-row-1 fusion-flex-container has-pattern-background has-mask-background nonhundred-percent-fullwidth non-hundred-percent-height-scrolling\" style=\"--awb-border-radius-top-left:0px;--awb-border-radius-top-right:0px;--awb-border-radius-bottom-right:0px;--awb-border-radius-bottom-left:0px;--awb-flex-wrap:wrap;\" ><div class=\"fusion-builder-row fusion-row fusion-flex-align-items-flex-start fusion-flex-content-wrap\" style=\"max-width:1302px;margin-left: calc(-5% \/ 2 );margin-right: calc(-5% \/ 2 );\"><div class=\"fusion-layout-column fusion_builder_column fusion-builder-column-0 fusion_builder_column_1_1 1_1 fusion-flex-column\" style=\"--awb-bg-size:cover;--awb-width-large:100%;--awb-margin-top-large:0px;--awb-spacing-right-large:100px;--awb-margin-bottom-large:0px;--awb-spacing-left-large:100px;--awb-width-medium:100%;--awb-order-medium:0;--awb-spacing-right-medium:100px;--awb-spacing-left-medium:100px;--awb-width-small:100%;--awb-order-small:0;--awb-spacing-right-small:2.375%;--awb-spacing-left-small:2.375%;\"><div class=\"fusion-column-wrapper fusion-column-has-shadow fusion-flex-justify-content-flex-start fusion-content-layout-column\"><div class=\"fusion-text fusion-text-1\"><p>Ein \u00fcberzeugendes Vorstellungsgespr\u00e4ch ist der Moment, in dem deine <strong>Bewerbung in der Pflege<\/strong> lebendig wird. Dein Lebenslauf und dein Anschreiben haben Interesse geweckt, jetzt zeigst du Pers\u00f6nlichkeit, Fachlichkeit und Haltung. In diesem Leitfaden nehmen wir dich Schritt f\u00fcr Schritt durch typische Fragen, den Ablauf und starke Antworten im Pflege-Vorstellungsgespr\u00e4ch \u2013 mit vielen Beispielen f\u00fcr Pflegefachkr\u00e4fte, Pflegehilfskr\u00e4fte, Azubis und Quereinsteiger.<\/p>\n<h2>Bewerbung Pflege: Warum das Vorstellungsgespr\u00e4ch so wichtig ist<\/h2>\n<p>Eine gute <strong>Bewerbung Pflege<\/strong> entscheidet \u00fcber die Einladung, das Vorstellungsgespr\u00e4ch entscheidet \u00fcber den Job. In der Pflege geht es nicht nur um Zeugnisse, sondern um dich als Mensch: Wie gehst du mit Bewohnerinnen und Bewohnern um? Wie reagierst du unter Druck? Wie passt du ins Team?<\/p>\n<p>Als compassio setzen wir auf Mitgef\u00fchl, Professionalit\u00e4t und Leichtigkeit im Arbeitsalltag. Im Gespr\u00e4ch achten wir deshalb besonders auf:<\/p>\n<\/div><ul style=\"--awb-item-padding-top:10px;--awb-item-padding-left:25px;--awb-iconcolor:var(--awb-color4);--awb-line-height:27.2px;--awb-icon-width:27.2px;--awb-icon-height:27.2px;--awb-icon-margin:11.2px;--awb-content-margin:38.4px;--awb-circlecolor:hsla(var(--awb-color4-h),var(--awb-color4-s),var(--awb-color4-l),calc(var(--awb-color4-a) - 90%));--awb-circle-yes-font-size:14.08px;\" class=\"fusion-checklist fusion-checklist-1 type-icons\"><li class=\"fusion-li-item\" style=\"\"><span class=\"icon-wrapper circle-yes\"><i class=\"fusion-li-icon awb-magazine-angle-right-solid\" aria-hidden=\"true\"><\/i><\/span><div class=\"fusion-li-item-content\">\n<p>deine Haltung gegen\u00fcber Pflegebed\u00fcrftigen und Angeh\u00f6rigen<\/p>\n<\/div><\/li><li class=\"fusion-li-item\" style=\"\"><span class=\"icon-wrapper circle-yes\"><i class=\"fusion-li-icon awb-magazine-angle-right-solid\" aria-hidden=\"true\"><\/i><\/span><div class=\"fusion-li-item-content\">\n<p>dein Verst\u00e4ndnis von Teamarbeit<\/p>\n<\/div><\/li><li class=\"fusion-li-item\" style=\"\"><span class=\"icon-wrapper circle-yes\"><i class=\"fusion-li-icon awb-magazine-angle-right-solid\" aria-hidden=\"true\"><\/i><\/span><div class=\"fusion-li-item-content\">\n<p>deinen Umgang mit Stress, Emotionen und Verantwortung<\/p>\n<\/div><\/li><li class=\"fusion-li-item\" style=\"\"><span class=\"icon-wrapper circle-yes\"><i class=\"fusion-li-icon awb-magazine-angle-right-solid\" aria-hidden=\"true\"><\/i><\/span><div class=\"fusion-li-item-content\">\n<p>deine Bereitschaft, dich weiterzuentwickeln<\/p>\n<\/div><\/li><\/ul><div class=\"fusion-text fusion-text-2\"><p>Wenn du all das klar und ehrlich transportierst, unterst\u00fctzt das jede <strong>Bewerbung in der Pflege<\/strong> \u2013 egal ob als Pflegefachkraft, Pflegehilfskraft, Azubi oder Quereinsteiger.<\/p>\n<\/div><div class=\"fusion-image-element \" style=\"--awb-caption-title-font-family:var(--h2_typography-font-family);--awb-caption-title-font-weight:var(--h2_typography-font-weight);--awb-caption-title-font-style:var(--h2_typography-font-style);--awb-caption-title-size:var(--h2_typography-font-size);--awb-caption-title-transform:var(--h2_typography-text-transform);--awb-caption-title-line-height:var(--h2_typography-line-height);--awb-caption-title-letter-spacing:var(--h2_typography-letter-spacing);\"><span class=\" fusion-imageframe imageframe-none imageframe-1 hover-type-none\"><img decoding=\"async\" width=\"800\" height=\"600\" alt=\"Gl\u00fcckliche Mitarbeiter mit Pose.\" title=\"Teamfoto Compassio\" src=\"https:\/\/karriere.compassio.de\/magazin\/wp-content\/uploads\/2026\/04\/1.png\" data-orig-src=\"https:\/\/karriere.compassio.de\/magazin\/wp-content\/uploads\/2026\/04\/1.png\" class=\"lazyload img-responsive wp-image-2128\" srcset=\"data:image\/svg+xml,%3Csvg%20xmlns%3D%27http%3A%2F%2Fwww.w3.org%2F2000%2Fsvg%27%20width%3D%27800%27%20height%3D%27600%27%20viewBox%3D%270%200%20800%20600%27%3E%3Crect%20width%3D%27800%27%20height%3D%27600%27%20fill-opacity%3D%220%22%2F%3E%3C%2Fsvg%3E\" data-srcset=\"https:\/\/karriere.compassio.de\/magazin\/wp-content\/uploads\/2026\/04\/1-200x150.png 200w, https:\/\/karriere.compassio.de\/magazin\/wp-content\/uploads\/2026\/04\/1-400x300.png 400w, https:\/\/karriere.compassio.de\/magazin\/wp-content\/uploads\/2026\/04\/1-600x450.png 600w, https:\/\/karriere.compassio.de\/magazin\/wp-content\/uploads\/2026\/04\/1.png 800w\" data-sizes=\"auto\" data-orig-sizes=\"(max-width: 800px) 100vw, 800px\" \/><\/span><\/div><div class=\"fusion-text fusion-text-3\"><h2>Ablauf eines Vorstellungsgespr\u00e4chs in der Pflege<\/h2>\n<p>Viele Bewerberinnen und Bewerber sind nerv\u00f6s, weil sie den genauen Ablauf nicht kennen. Je klarer du wei\u00dft, was dich erwartet, desto ruhiger gehst du in dein Gespr\u00e4ch.<\/p>\n<ol>\n<li><strong>Ankommen und erster Eindruck:<\/strong> P\u00fcnktlichkeit, ein freundliches Auftreten und ein gepflegtes Erscheinungsbild bei der Anmeldung und Hausf\u00fchrung legen den Grundstein f\u00fcr einen positiven ersten Eindruck.<\/li>\n<li><strong>Vorstellungsrunde:<\/strong> In einer kurzen Selbstpr\u00e4sentation skizzierst du souver\u00e4n deinen beruflichen Werdegang, deine Schwerpunkte sowie deine Motivation f\u00fcr die Bewerbung bei compassio.<\/li>\n<li><strong>Fragen an dich \u2013 der Kern des Gespr\u00e4chs:<\/strong> Im Mittelpunkt steht der Austausch \u00fcber deine Erfahrungen, Fachkenntnisse und deine Pers\u00f6nlichkeit, um deine Eignung f\u00fcr das Team festzustellen.<\/li>\n<li><strong>Deine Fragen an die Einrichtung:<\/strong> Durch gezielte R\u00fcckfragen zu Arbeitsabl\u00e4ufen oder der Teamstruktur signalisierst du Interesse und findest heraus, ob die Einrichtung wirklich zu dir passt.<\/li>\n<li><strong>Abschluss, Ausblick und weitere Schritte:<\/strong> Das Gespr\u00e4ch endet mit Informationen zum weiteren Auswahlprozess und bietet dir die Chance, dein Interesse am Job nochmals kurz zu bekr\u00e4ftigen.<\/li>\n<\/ol>\n<h2>Typische Fragen im Vorstellungsgespr\u00e4ch in der Pflege \u2013 und wie du \u00fcberzeugend antwortest<\/h2>\n<p>Damit deine <strong>Bewerbung in der Pflege<\/strong> nicht an unsicheren Antworten scheitert, lohnt sich gezielte Vorbereitung. Hier die wichtigsten Fragegruppen mit Beispielen.<\/p>\n<h3>Motivationsfragen: Warum Pflege, warum diese Einrichtung?<\/h3>\n<p>Bei den klassischen Fragen nach der Berufswahl und dem Interesse an der spezifischen Einrichtung geht es darum, pers\u00f6nliche Werte mit dem Profil des Arbeitgebers zu verkn\u00fcpfen. Eine starke Antwort verbindet die individuelle Freude an der Arbeit mit Menschen und der Sinnhaftigkeit des Berufs mit konkreten Vorz\u00fcgen des Unternehmens, wie etwa dem Pflegekonzept, modernen digitalen Arbeitsmitteln oder dem <strong>Tarif ZEITENWENDE<\/strong>. Wer betont, dass er ein Umfeld sucht, in dem professionelle Qualit\u00e4t und <strong>menschliches Mitgef\u00fchl<\/strong> gleicherma\u00dfen z\u00e4hlen, signalisiert eine hohe Passgenauigkeit f\u00fcr das Team bei compassio.<\/p>\n<h3>Fragen zu St\u00e4rken und Schw\u00e4chen<\/h3>\n<p>Im Zentrum dieser Fragen steht nicht das Streben nach Perfektion, sondern die F\u00e4higkeit zur Selbstreflexion und die Bereitschaft zur pers\u00f6nlichen Weiterentwicklung. W\u00e4hrend St\u00e4rken wie Empathie, Belastbarkeit oder Organisationstalent direkt auf den Pflegealltag bezogen werden sollten, zeigt man bei Schw\u00e4chen Souver\u00e4nit\u00e4t, indem man einen <strong>konstruktiven Umgang<\/strong> mit ihnen beschreibt. So kann beispielsweise der Wunsch, zu viel allein zu erledigen, durch eine bessere Aufgabenverteilung im Team gel\u00f6st werden, oder fehlende Erfahrung in der Behandlungspflege durch das aktive Einholen von <strong>Feedback und Anleitungen<\/strong> ausgeglichen werden.<\/p>\n<h3>Fragen zu Belastbarkeit und Stress<\/h3>\n<p>Um die eigene Stressresistenz glaubhaft zu vermitteln, empfiehlt es sich, Strategien zur Priorisierung und Selbstorganisation in den Vordergrund zu stellen. In schwierigen Situationen oder im Umgang mit fordernden Angeh\u00f6rigen ist es entscheidend, Ruhe zu bewahren, Aufgaben nach <strong>medizinischer Dringlichkeit<\/strong> zu sortieren und bei Bedarf fr\u00fchzeitig das Team einzubinden. Souver\u00e4ne Bewerber zeigen hier, dass sie aktiv zuh\u00f6ren und Verst\u00e4ndnis aufbringen k\u00f6nnen, ohne dabei unrealistische Versprechen zu machen oder die eigenen <strong>Belastungsgrenzen<\/strong> zu ignorieren.<\/p>\n<h3>Fragen zu Teamarbeit und Konflikten<\/h3>\n<p>Gute Teamarbeit in der Pflege basiert auf gegenseitiger Verl\u00e4sslichkeit und einer offenen, sachlichen Kommunikation, insbesondere bei auftretenden Differenzen. Eine starke Antwort beschreibt das eigene Rollenverst\u00e4ndnis als unterst\u00fctzendes Teammitglied, das Konflikte unter vier Augen anspricht und dabei auf <strong>konkrete Situationen<\/strong> statt auf Vorw\u00fcrfe setzt. Durch die Bereitschaft, bei Bedarf F\u00fchrungskr\u00e4fte zur L\u00f6sungsfindung einzubeziehen, bevor das Arbeitsklima nachhaltig beeintr\u00e4chtigt wird, unterstreicht man die eigene soziale Kompetenz und <strong>Professionalit\u00e4t<\/strong>.<\/p>\n<h3>Fachliche Fragen und Praxisbeispiele<\/h3>\n<p>Fachliche Fragen zu Arbeitsabl\u00e4ufen oder der Dokumentation lassen sich am besten durch konkrete Beispiele aus der eigenen Praxis beantworten, in denen Verantwortung \u00fcbernommen oder ein Problem gel\u00f6st wurde. Hierbei bietet sich die <strong>STAR-Methode<\/strong> an, um die Situation, die jeweilige Aufgabe, das eigene Handeln und das erzielte positive Ergebnis strukturiert darzustellen. Ob es um die Organisation einer komplexen Fr\u00fchschicht oder die sensible Versorgung von Menschen mit Demenz geht \u2013 praxisnahe Schilderungen belegen die <strong>fachliche Expertise<\/strong> und zeigen, wie Wertsch\u00e4tzung im Alltag tats\u00e4chlich gelebt wird.<\/p>\n<\/div><div class=\"fusion-image-element \" style=\"--awb-caption-title-font-family:var(--h2_typography-font-family);--awb-caption-title-font-weight:var(--h2_typography-font-weight);--awb-caption-title-font-style:var(--h2_typography-font-style);--awb-caption-title-size:var(--h2_typography-font-size);--awb-caption-title-transform:var(--h2_typography-text-transform);--awb-caption-title-line-height:var(--h2_typography-line-height);--awb-caption-title-letter-spacing:var(--h2_typography-letter-spacing);\"><span class=\" fusion-imageframe imageframe-none imageframe-2 hover-type-none\"><img decoding=\"async\" width=\"800\" height=\"600\" alt=\"Gl\u00fccklicher Mensch zeigt mit Finger in die Kamera.\" title=\"Mitarbeiterportr\u00e4t Compassio\" src=\"https:\/\/karriere.compassio.de\/magazin\/wp-content\/uploads\/2026\/04\/8.png\" data-orig-src=\"https:\/\/karriere.compassio.de\/magazin\/wp-content\/uploads\/2026\/04\/8.png\" class=\"lazyload img-responsive wp-image-2135\" srcset=\"data:image\/svg+xml,%3Csvg%20xmlns%3D%27http%3A%2F%2Fwww.w3.org%2F2000%2Fsvg%27%20width%3D%27800%27%20height%3D%27600%27%20viewBox%3D%270%200%20800%20600%27%3E%3Crect%20width%3D%27800%27%20height%3D%27600%27%20fill-opacity%3D%220%22%2F%3E%3C%2Fsvg%3E\" data-srcset=\"https:\/\/karriere.compassio.de\/magazin\/wp-content\/uploads\/2026\/04\/8-200x150.png 200w, https:\/\/karriere.compassio.de\/magazin\/wp-content\/uploads\/2026\/04\/8-400x300.png 400w, https:\/\/karriere.compassio.de\/magazin\/wp-content\/uploads\/2026\/04\/8-600x450.png 600w, https:\/\/karriere.compassio.de\/magazin\/wp-content\/uploads\/2026\/04\/8.png 800w\" data-sizes=\"auto\" data-orig-sizes=\"(max-width: 800px) 100vw, 800px\" \/><\/span><\/div><div class=\"fusion-text fusion-text-4\"><h2>Bewerbung Pflege: Vorbereitung auf das Vorstellungsgespr\u00e4ch<\/h2>\n<p>Eine gute Vorbereitung nimmt dir Nervosit\u00e4t und st\u00e4rkt deine Pr\u00e4senz im Gespr\u00e4ch.<\/p>\n<h3>Unterlagen und Inhalte aus deiner Bewerbung kennen<\/h3>\n<p>Alles, was in deiner <strong>Bewerbung Pflege<\/strong> steht, kann im Gespr\u00e4ch Thema sein:<\/p>\n<ul>\n<li>Ausbildungsstationen und Arbeitgeber<\/li>\n<li>L\u00fccken im Lebenslauf<\/li>\n<li>Fort- und Weiterbildungen<\/li>\n<li>Gr\u00fcnde f\u00fcr Wechsel<\/li>\n<\/ul>\n<p>Gehe deinen Lebenslauf Punkt f\u00fcr Punkt durch. Zu jeder Station brauchst du mindestens eine kurze Geschichte: Was hast du dort gelernt, was nimmst du mit?<\/p>\n<h3>Recherche zur Einrichtung<\/h3>\n<p>Bevor du in das Gespr\u00e4ch gehst, solltest du dich umfassend \u00fcber das spezifische <strong>Pflegekonzept und die fachlichen Schwerpunkte<\/strong> informieren, um gezielt auf Besonderheiten wie Demenzbereiche oder die au\u00dferklinische Intensivpflege eingehen zu k\u00f6nnen. Ebenso wichtig ist ein fundierter \u00dcberblick \u00fcber die Gr\u00f6\u00dfe der Einrichtung und deren Wohnbereiche sowie eine Auseinandersetzung mit dem <strong>Leitbild und besonderen Projekten<\/strong>, damit du im Austausch zeigen kannst, wie gut deine eigene Arbeitsweise mit den Werten des Hauses harmoniert.<\/p>\n<p>F\u00fcr compassio findest du auf der Karriereseite Informationen zu <a href=\"https:\/\/karriere.compassio.de\/pflege\/\">Pflege-Jobs und Pflegekonzept<\/a> und zu speziellen Bereichen wie <a href=\"https:\/\/karriere.compassio.de\/pflege\/ausserklinische-intensivpflege\/\">au\u00dferklinische Intensivpflege<\/a>. Baue dieses Wissen in deine Antworten ein, zum Beispiel: \u201eIhr Fokus auf individuelle Betreuung und moderne Technik passt zu meinem Anspruch an gute Pflege.\u201c<\/p>\n<h3>Kleidung, Auftreten und Rahmen<\/h3>\n<p>F\u00fcr das Vorstellungsgespr\u00e4ch in der Pflege brauchst du keine Business-Kleidung wie in einer Bank. W\u00e4hle:<\/p>\n<ul>\n<li>saubere, ordentliche, gut sitzende Kleidung<\/li>\n<li>dezente Farben<\/li>\n<li>bequeme Schuhe<\/li>\n<\/ul>\n<p>Wichtig sind gepflegtes Erscheinungsbild, freundliche Ausstrahlung und eine offene K\u00f6rperhaltung.<\/p>\n<h3>Besondere Vorbereitung f\u00fcr Ausbildung und Quereinstieg<\/h3>\n<p>Bei der <strong>Bewerbung f\u00fcr eine Pflegeausbildung<\/strong> oder als Quereinsteiger steht die pers\u00f6nliche Motivation oft noch deutlicher im Vordergrund als die reine Berufserfahrung. Da der Wechsel in die Pflege eine bewusste Entscheidung f\u00fcr die Arbeit am Menschen ist, zielen typische Fragen im Vorstellungsgespr\u00e4ch vor allem darauf ab, dein Bild vom Arbeitsalltag und deine bisherigen Ber\u00fchrungspunkte mit pflegebed\u00fcrftigen Personen zu verstehen. Es geht darum, authentisch zu vermitteln, warum du dich genau jetzt f\u00fcr diesen <strong>neuen beruflichen Weg<\/strong> entschieden hast und welche Erwartungen du an die pflegerische T\u00e4tigkeit sowie die Unterst\u00fctzung im Team mitbringst.<\/p>\n<p>Nutze Praktika, FSJ, Bundesfreiwilligendienst, Angeh\u00f6rigenpflege oder Ehrenamt als Beispiele. Auf der compassio-Seite f\u00fcr <a href=\"https:\/\/karriere.compassio.de\/starter\/ausbildung\/\">Ausbildung in der Pflege<\/a> und f\u00fcr <a href=\"https:\/\/karriere.compassio.de\/pflege\/pflegehilfskraft\/\">Pflegehilfskr\u00e4fte<\/a> findest du Anhaltspunkte zu Aufgaben und Entwicklungsm\u00f6glichkeiten, die du im Gespr\u00e4ch aufgreifen kannst.<\/p>\n<\/div><div class=\"fusion-image-element \" style=\"--awb-caption-title-font-family:var(--h2_typography-font-family);--awb-caption-title-font-weight:var(--h2_typography-font-weight);--awb-caption-title-font-style:var(--h2_typography-font-style);--awb-caption-title-size:var(--h2_typography-font-size);--awb-caption-title-transform:var(--h2_typography-text-transform);--awb-caption-title-line-height:var(--h2_typography-line-height);--awb-caption-title-letter-spacing:var(--h2_typography-letter-spacing);\"><span class=\" fusion-imageframe imageframe-none imageframe-3 hover-type-none\"><img decoding=\"async\" width=\"800\" height=\"600\" alt=\"Frau blickt in die Kamera. Im Hintergrund Menschen die lernen.\" title=\"Ausbildung Pflege Compassio.\" src=\"https:\/\/karriere.compassio.de\/magazin\/wp-content\/uploads\/2026\/04\/20.png\" data-orig-src=\"https:\/\/karriere.compassio.de\/magazin\/wp-content\/uploads\/2026\/04\/20.png\" class=\"lazyload img-responsive wp-image-2149\" srcset=\"data:image\/svg+xml,%3Csvg%20xmlns%3D%27http%3A%2F%2Fwww.w3.org%2F2000%2Fsvg%27%20width%3D%27800%27%20height%3D%27600%27%20viewBox%3D%270%200%20800%20600%27%3E%3Crect%20width%3D%27800%27%20height%3D%27600%27%20fill-opacity%3D%220%22%2F%3E%3C%2Fsvg%3E\" data-srcset=\"https:\/\/karriere.compassio.de\/magazin\/wp-content\/uploads\/2026\/04\/20-200x150.png 200w, https:\/\/karriere.compassio.de\/magazin\/wp-content\/uploads\/2026\/04\/20-400x300.png 400w, https:\/\/karriere.compassio.de\/magazin\/wp-content\/uploads\/2026\/04\/20-600x450.png 600w, https:\/\/karriere.compassio.de\/magazin\/wp-content\/uploads\/2026\/04\/20.png 800w\" data-sizes=\"auto\" data-orig-sizes=\"(max-width: 800px) 100vw, 800px\" \/><\/span><\/div><div class=\"fusion-text fusion-text-5\"><h2>Wichtige Themen im Gespr\u00e4ch: Verg\u00fctung, Arbeitszeiten, Entwicklung<\/h2>\n<p>Ein professionelles Vorstellungsgespr\u00e4ch zur <strong>Bewerbung Pflege<\/strong> schlie\u00dft auch Rahmenbedingungen ein. Viele scheuen sich, nach Gehalt oder Diensten zu fragen \u2013 dabei geh\u00f6rt das dazu.<\/p>\n<h3>Gehalt und Tarif ZEITENWENDE<\/h3>\n<p>Im Vorstellungsgespr\u00e4ch sind Fragen nach der Verg\u00fctung und tariflichen Bindung absolut legitim, wobei compassio mit dem hauseigenen Tarif \u201eZEITENWENDE\u201c eine moderne Entgeltordnung implementiert hat, die durch klare Strukturen und Transparenz eine \u00fcberdurchschnittliche Bezahlung und Wertsch\u00e4tzung in der Pflege sicherstellt. W\u00e4hrend Auszubildende eine attraktive Verg\u00fctung erhalten, die von <strong>1.341 \u20ac brutto<\/strong> im ersten Jahr bis auf <strong>1.504 \u20ac brutto<\/strong> im dritten Jahr ansteigt, profitieren Quereinsteiger durch spezielle F\u00f6rderprogramme von monatlichen Geh\u00e4ltern von <strong>bis zu 2.400 \u20ac brutto<\/strong>, was den finanziellen Rahmen f\u00fcr einen Karrierewechsel besonders attraktiv gestaltet.<\/p>\n<h3>Arbeitszeiten, Dienste und Work-Life-Balance<\/h3>\n<p>Die Gestaltung des Dienstplans und die <strong>Verteilung der Wochenendarbeit<\/strong> sind entscheidende Faktoren f\u00fcr die pers\u00f6nliche Lebensqualit\u00e4t, weshalb es ratsam ist, im Gespr\u00e4ch gezielt nach den <strong>Mitgestaltungsm\u00f6glichkeiten <\/strong>und der Verl\u00e4sslichkeit der Planung zu fragen. Besonders \u00fcberzeugend wirkst du dabei, wenn du Verst\u00e4ndnis f\u00fcr die notwendige <strong>Flexibilit\u00e4t <\/strong>im Pflegealltag zeigst und gleichzeitig das Interesse an einer stabilen Teamorganisation betonst, um gemeinsam eine gesunde Balance zwischen beruflichen Anforderungen und privater Erholung zu finden.<\/p>\n<h3>Fort- und Weiterbildung sowie Karrierewege<\/h3>\n<p>Ein zukunftsorientierter Arbeitgeber in der Pflege zeichnet sich dadurch aus, dass er die individuelle Entwicklung seiner Mitarbeiter durch gezielte interne Fortbildungen und klar definierte Karrierepfade aktiv unterst\u00fctzt. Durch Nachfragen zu Aufstiegsm\u00f6glichkeiten in Bereiche wie die <strong>Wohnbereichsleitung, Praxisanleitung oder das Qualit\u00e4tsmanagement<\/strong> signalisierst du nicht nur fachliches Engagement, sondern auch das Interesse an einer langfristigen Zusammenarbeit und beruflichen Weiterentwicklung innerhalb der Einrichtung.<\/p>\n<p>Bei compassio findest du zum Beispiel eigene Seiten zu <a href=\"https:\/\/karriere.compassio.de\/fuehrungskraefte\/einrichtungsleitung\/\">Einrichtungsleitung<\/a> und <a href=\"https:\/\/karriere.compassio.de\/pflege\/qualitaetsmanagement\/\">Qualit\u00e4tsmanagement in der Pflege<\/a>, die du als Grundlage f\u00fcr deine Karrierefragen nutzen kannst.<\/p>\n<\/div><div class=\"fusion-title title fusion-title-1 fusion-sep-none fusion-title-text fusion-title-size-three\" style=\"--awb-margin-top-small:10px;--awb-margin-right-small:0px;--awb-margin-bottom-small:10px;--awb-margin-left-small:0px;\"><h3 class=\"fusion-title-heading title-heading-left\" style=\"margin:0;\"><\/h3><\/div><\/div><\/div><\/div><\/div>\n","protected":false},"excerpt":{"rendered":"<p>In diesem Leitfaden nehmen wir dich Schritt f\u00fcr Schritt durch typische Fragen, den Ablauf und starke Antworten im Pflege-Vorstellungsgespr\u00e4ch \u2013 mit vielen Beispielen f\u00fcr Pflegefachkr\u00e4fte, Pflegehilfskr\u00e4fte, Azubis und Quereinsteiger.<\/p>\n","protected":false},"author":3,"featured_media":2142,"comment_status":"open","ping_status":"open","sticky":false,"template":"","format":"standard","meta":{"footnotes":""},"categories":[65],"tags":[79,72,70],"class_list":["post-2091","post","type-post","status-publish","format-standard","has-post-thumbnail","hentry","category-karriere-in-der-pflege","tag-bewerbung","tag-karriere","tag-pflege"],"yoast_head":"<!-- This site is optimized with the Yoast SEO plugin v27.4 - https:\/\/yoast.com\/product\/yoast-seo-wordpress\/ -->\n<title>Bewerbung Pflege: Alles rund um das Vorstellungsgespr\u00e4ch<\/title>\n<meta name=\"description\" content=\"So l\u00e4uft das Vorstellungsgespr\u00e4ch bei deiner Bewerbung in der Pflege bei compassio ab. Hier erf\u00e4hrst Du alles rund um typische Fragen, Ablauf und Antworten\" \/>\n<meta name=\"robots\" content=\"index, follow, max-snippet:-1, max-image-preview:large, max-video-preview:-1\" \/>\n<link rel=\"canonical\" href=\"https:\/\/karriere.compassio.de\/magazin\/bewerbung-pflege-alles-rund-um-das-vorstellungsgespraech\/\" \/>\n<meta property=\"og:locale\" content=\"de_DE\" \/>\n<meta property=\"og:type\" content=\"article\" \/>\n<meta property=\"og:title\" content=\"Bewerbung Pflege: Alles rund um das Vorstellungsgespr\u00e4ch\" \/>\n<meta property=\"og:description\" content=\"So l\u00e4uft das Vorstellungsgespr\u00e4ch bei deiner Bewerbung in der Pflege bei compassio ab. Hier erf\u00e4hrst Du alles rund um typische Fragen, Ablauf und Antworten\" \/>\n<meta property=\"og:url\" content=\"https:\/\/karriere.compassio.de\/magazin\/bewerbung-pflege-alles-rund-um-das-vorstellungsgespraech\/\" \/>\n<meta property=\"og:site_name\" content=\"Avada Magazine\" \/>\n<meta property=\"article:publisher\" content=\"https:\/\/www.facebook.com\/compassiokarriere\/\" \/>\n<meta property=\"article:published_time\" content=\"2026-04-01T10:37:41+00:00\" \/>\n<meta property=\"article:modified_time\" content=\"2026-04-27T11:55:42+00:00\" \/>\n<meta property=\"og:image\" content=\"https:\/\/karriere.compassio.de\/magazin\/wp-content\/uploads\/2026\/04\/16.png\" \/>\n\t<meta property=\"og:image:width\" content=\"800\" \/>\n\t<meta property=\"og:image:height\" content=\"600\" \/>\n\t<meta property=\"og:image:type\" content=\"image\/png\" \/>\n<meta name=\"author\" content=\"Vanessa Angrick\" \/>\n<meta name=\"twitter:card\" content=\"summary_large_image\" \/>\n<meta name=\"twitter:label1\" content=\"Verfasst von\" \/>\n\t<meta name=\"twitter:data1\" content=\"Vanessa Angrick\" \/>\n\t<meta name=\"twitter:label2\" content=\"Gesch\u00e4tzte Lesezeit\" \/>\n\t<meta name=\"twitter:data2\" content=\"9\u00a0Minuten\" \/>\n<script type=\"application\/ld+json\" class=\"yoast-schema-graph\">{\"@context\":\"https:\\\/\\\/schema.org\",\"@graph\":[{\"@type\":\"Article\",\"@id\":\"https:\\\/\\\/karriere.compassio.de\\\/magazin\\\/bewerbung-pflege-alles-rund-um-das-vorstellungsgespraech\\\/#article\",\"isPartOf\":{\"@id\":\"https:\\\/\\\/karriere.compassio.de\\\/magazin\\\/bewerbung-pflege-alles-rund-um-das-vorstellungsgespraech\\\/\"},\"author\":{\"name\":\"Vanessa Angrick\",\"@id\":\"https:\\\/\\\/karriere.compassio.de\\\/magazin\\\/#\\\/schema\\\/person\\\/f82989bad171edfe2367aab4b6602eff\"},\"headline\":\"Bewerbung Pflege: Alles rund um das Vorstellungsgespr\u00e4ch\",\"datePublished\":\"2026-04-01T10:37:41+00:00\",\"dateModified\":\"2026-04-27T11:55:42+00:00\",\"mainEntityOfPage\":{\"@id\":\"https:\\\/\\\/karriere.compassio.de\\\/magazin\\\/bewerbung-pflege-alles-rund-um-das-vorstellungsgespraech\\\/\"},\"wordCount\":3233,\"commentCount\":0,\"publisher\":{\"@id\":\"https:\\\/\\\/karriere.compassio.de\\\/magazin\\\/#organization\"},\"image\":{\"@id\":\"https:\\\/\\\/karriere.compassio.de\\\/magazin\\\/bewerbung-pflege-alles-rund-um-das-vorstellungsgespraech\\\/#primaryimage\"},\"thumbnailUrl\":\"https:\\\/\\\/karriere.compassio.de\\\/magazin\\\/wp-content\\\/uploads\\\/2026\\\/04\\\/16.png\",\"keywords\":[\"Bewerbung\",\"Karriere\",\"Pflege\"],\"articleSection\":[\"Karriere in der Pflege\"],\"inLanguage\":\"de\",\"potentialAction\":[{\"@type\":\"CommentAction\",\"name\":\"Comment\",\"target\":[\"https:\\\/\\\/karriere.compassio.de\\\/magazin\\\/bewerbung-pflege-alles-rund-um-das-vorstellungsgespraech\\\/#respond\"]}]},{\"@type\":\"WebPage\",\"@id\":\"https:\\\/\\\/karriere.compassio.de\\\/magazin\\\/bewerbung-pflege-alles-rund-um-das-vorstellungsgespraech\\\/\",\"url\":\"https:\\\/\\\/karriere.compassio.de\\\/magazin\\\/bewerbung-pflege-alles-rund-um-das-vorstellungsgespraech\\\/\",\"name\":\"Bewerbung Pflege: Alles rund um das Vorstellungsgespr\u00e4ch\",\"isPartOf\":{\"@id\":\"https:\\\/\\\/karriere.compassio.de\\\/magazin\\\/#website\"},\"primaryImageOfPage\":{\"@id\":\"https:\\\/\\\/karriere.compassio.de\\\/magazin\\\/bewerbung-pflege-alles-rund-um-das-vorstellungsgespraech\\\/#primaryimage\"},\"image\":{\"@id\":\"https:\\\/\\\/karriere.compassio.de\\\/magazin\\\/bewerbung-pflege-alles-rund-um-das-vorstellungsgespraech\\\/#primaryimage\"},\"thumbnailUrl\":\"https:\\\/\\\/karriere.compassio.de\\\/magazin\\\/wp-content\\\/uploads\\\/2026\\\/04\\\/16.png\",\"datePublished\":\"2026-04-01T10:37:41+00:00\",\"dateModified\":\"2026-04-27T11:55:42+00:00\",\"description\":\"So l\u00e4uft das Vorstellungsgespr\u00e4ch bei deiner Bewerbung in der Pflege bei compassio ab. Hier erf\u00e4hrst Du alles rund um typische Fragen, Ablauf und Antworten\",\"breadcrumb\":{\"@id\":\"https:\\\/\\\/karriere.compassio.de\\\/magazin\\\/bewerbung-pflege-alles-rund-um-das-vorstellungsgespraech\\\/#breadcrumb\"},\"inLanguage\":\"de\",\"potentialAction\":[{\"@type\":\"ReadAction\",\"target\":[\"https:\\\/\\\/karriere.compassio.de\\\/magazin\\\/bewerbung-pflege-alles-rund-um-das-vorstellungsgespraech\\\/\"]}]},{\"@type\":\"ImageObject\",\"inLanguage\":\"de\",\"@id\":\"https:\\\/\\\/karriere.compassio.de\\\/magazin\\\/bewerbung-pflege-alles-rund-um-das-vorstellungsgespraech\\\/#primaryimage\",\"url\":\"https:\\\/\\\/karriere.compassio.de\\\/magazin\\\/wp-content\\\/uploads\\\/2026\\\/04\\\/16.png\",\"contentUrl\":\"https:\\\/\\\/karriere.compassio.de\\\/magazin\\\/wp-content\\\/uploads\\\/2026\\\/04\\\/16.png\",\"width\":800,\"height\":600,\"caption\":\"Gefaltete H\u00e4nde und Einblendungen mit Symbolen.\"},{\"@type\":\"BreadcrumbList\",\"@id\":\"https:\\\/\\\/karriere.compassio.de\\\/magazin\\\/bewerbung-pflege-alles-rund-um-das-vorstellungsgespraech\\\/#breadcrumb\",\"itemListElement\":[{\"@type\":\"ListItem\",\"position\":1,\"name\":\"Start\",\"item\":\"https:\\\/\\\/karriere.compassio.de\\\/magazin\\\/\"},{\"@type\":\"ListItem\",\"position\":2,\"name\":\"Bewerbung Pflege: Alles rund um das Vorstellungsgespr\u00e4ch\"}]},{\"@type\":\"WebSite\",\"@id\":\"https:\\\/\\\/karriere.compassio.de\\\/magazin\\\/#website\",\"url\":\"https:\\\/\\\/karriere.compassio.de\\\/magazin\\\/\",\"name\":\"compassio Karriere Magazin\",\"description\":\"\",\"publisher\":{\"@id\":\"https:\\\/\\\/karriere.compassio.de\\\/magazin\\\/#organization\"},\"potentialAction\":[{\"@type\":\"SearchAction\",\"target\":{\"@type\":\"EntryPoint\",\"urlTemplate\":\"https:\\\/\\\/karriere.compassio.de\\\/magazin\\\/?s={search_term_string}\"},\"query-input\":{\"@type\":\"PropertyValueSpecification\",\"valueRequired\":true,\"valueName\":\"search_term_string\"}}],\"inLanguage\":\"de\"},{\"@type\":\"Organization\",\"@id\":\"https:\\\/\\\/karriere.compassio.de\\\/magazin\\\/#organization\",\"name\":\"compassio Karriere\",\"url\":\"https:\\\/\\\/karriere.compassio.de\\\/magazin\\\/\",\"logo\":{\"@type\":\"ImageObject\",\"inLanguage\":\"de\",\"@id\":\"https:\\\/\\\/karriere.compassio.de\\\/magazin\\\/#\\\/schema\\\/logo\\\/image\\\/\",\"url\":\"https:\\\/\\\/karriere.compassio.de\\\/magazin\\\/wp-content\\\/uploads\\\/2026\\\/03\\\/logo.png\",\"contentUrl\":\"https:\\\/\\\/karriere.compassio.de\\\/magazin\\\/wp-content\\\/uploads\\\/2026\\\/03\\\/logo.png\",\"width\":952,\"height\":348,\"caption\":\"compassio Karriere\"},\"image\":{\"@id\":\"https:\\\/\\\/karriere.compassio.de\\\/magazin\\\/#\\\/schema\\\/logo\\\/image\\\/\"},\"sameAs\":[\"https:\\\/\\\/www.facebook.com\\\/compassiokarriere\\\/\"]},{\"@type\":\"Person\",\"@id\":\"https:\\\/\\\/karriere.compassio.de\\\/magazin\\\/#\\\/schema\\\/person\\\/f82989bad171edfe2367aab4b6602eff\",\"name\":\"Vanessa Angrick\",\"image\":{\"@type\":\"ImageObject\",\"inLanguage\":\"de\",\"@id\":\"https:\\\/\\\/secure.gravatar.com\\\/avatar\\\/a954875a6c9d925c6a81849d6229350a9ad62f3583dc3627aa42a030b0b2777e?s=96&d=mm&r=g\",\"url\":\"https:\\\/\\\/secure.gravatar.com\\\/avatar\\\/a954875a6c9d925c6a81849d6229350a9ad62f3583dc3627aa42a030b0b2777e?s=96&d=mm&r=g\",\"contentUrl\":\"https:\\\/\\\/secure.gravatar.com\\\/avatar\\\/a954875a6c9d925c6a81849d6229350a9ad62f3583dc3627aa42a030b0b2777e?s=96&d=mm&r=g\",\"caption\":\"Vanessa Angrick\"}}]}<\/script>\n<!-- \/ Yoast SEO plugin. -->","yoast_head_json":{"title":"Bewerbung Pflege: Alles rund um das Vorstellungsgespr\u00e4ch","description":"So l\u00e4uft das Vorstellungsgespr\u00e4ch bei deiner Bewerbung in der Pflege bei compassio ab. Hier erf\u00e4hrst Du alles rund um typische Fragen, Ablauf und Antworten","robots":{"index":"index","follow":"follow","max-snippet":"max-snippet:-1","max-image-preview":"max-image-preview:large","max-video-preview":"max-video-preview:-1"},"canonical":"https:\/\/karriere.compassio.de\/magazin\/bewerbung-pflege-alles-rund-um-das-vorstellungsgespraech\/","og_locale":"de_DE","og_type":"article","og_title":"Bewerbung Pflege: Alles rund um das Vorstellungsgespr\u00e4ch","og_description":"So l\u00e4uft das Vorstellungsgespr\u00e4ch bei deiner Bewerbung in der Pflege bei compassio ab. Hier erf\u00e4hrst Du alles rund um typische Fragen, Ablauf und Antworten","og_url":"https:\/\/karriere.compassio.de\/magazin\/bewerbung-pflege-alles-rund-um-das-vorstellungsgespraech\/","og_site_name":"Avada Magazine","article_publisher":"https:\/\/www.facebook.com\/compassiokarriere\/","article_published_time":"2026-04-01T10:37:41+00:00","article_modified_time":"2026-04-27T11:55:42+00:00","og_image":[{"width":800,"height":600,"url":"https:\/\/karriere.compassio.de\/magazin\/wp-content\/uploads\/2026\/04\/16.png","type":"image\/png"}],"author":"Vanessa Angrick","twitter_card":"summary_large_image","twitter_misc":{"Verfasst von":"Vanessa Angrick","Gesch\u00e4tzte Lesezeit":"9\u00a0Minuten"},"schema":{"@context":"https:\/\/schema.org","@graph":[{"@type":"Article","@id":"https:\/\/karriere.compassio.de\/magazin\/bewerbung-pflege-alles-rund-um-das-vorstellungsgespraech\/#article","isPartOf":{"@id":"https:\/\/karriere.compassio.de\/magazin\/bewerbung-pflege-alles-rund-um-das-vorstellungsgespraech\/"},"author":{"name":"Vanessa Angrick","@id":"https:\/\/karriere.compassio.de\/magazin\/#\/schema\/person\/f82989bad171edfe2367aab4b6602eff"},"headline":"Bewerbung Pflege: Alles rund um das Vorstellungsgespr\u00e4ch","datePublished":"2026-04-01T10:37:41+00:00","dateModified":"2026-04-27T11:55:42+00:00","mainEntityOfPage":{"@id":"https:\/\/karriere.compassio.de\/magazin\/bewerbung-pflege-alles-rund-um-das-vorstellungsgespraech\/"},"wordCount":3233,"commentCount":0,"publisher":{"@id":"https:\/\/karriere.compassio.de\/magazin\/#organization"},"image":{"@id":"https:\/\/karriere.compassio.de\/magazin\/bewerbung-pflege-alles-rund-um-das-vorstellungsgespraech\/#primaryimage"},"thumbnailUrl":"https:\/\/karriere.compassio.de\/magazin\/wp-content\/uploads\/2026\/04\/16.png","keywords":["Bewerbung","Karriere","Pflege"],"articleSection":["Karriere in der Pflege"],"inLanguage":"de","potentialAction":[{"@type":"CommentAction","name":"Comment","target":["https:\/\/karriere.compassio.de\/magazin\/bewerbung-pflege-alles-rund-um-das-vorstellungsgespraech\/#respond"]}]},{"@type":"WebPage","@id":"https:\/\/karriere.compassio.de\/magazin\/bewerbung-pflege-alles-rund-um-das-vorstellungsgespraech\/","url":"https:\/\/karriere.compassio.de\/magazin\/bewerbung-pflege-alles-rund-um-das-vorstellungsgespraech\/","name":"Bewerbung Pflege: Alles rund um das Vorstellungsgespr\u00e4ch","isPartOf":{"@id":"https:\/\/karriere.compassio.de\/magazin\/#website"},"primaryImageOfPage":{"@id":"https:\/\/karriere.compassio.de\/magazin\/bewerbung-pflege-alles-rund-um-das-vorstellungsgespraech\/#primaryimage"},"image":{"@id":"https:\/\/karriere.compassio.de\/magazin\/bewerbung-pflege-alles-rund-um-das-vorstellungsgespraech\/#primaryimage"},"thumbnailUrl":"https:\/\/karriere.compassio.de\/magazin\/wp-content\/uploads\/2026\/04\/16.png","datePublished":"2026-04-01T10:37:41+00:00","dateModified":"2026-04-27T11:55:42+00:00","description":"So l\u00e4uft das Vorstellungsgespr\u00e4ch bei deiner Bewerbung in der Pflege bei compassio ab. Hier erf\u00e4hrst Du alles rund um typische Fragen, Ablauf und Antworten","breadcrumb":{"@id":"https:\/\/karriere.compassio.de\/magazin\/bewerbung-pflege-alles-rund-um-das-vorstellungsgespraech\/#breadcrumb"},"inLanguage":"de","potentialAction":[{"@type":"ReadAction","target":["https:\/\/karriere.compassio.de\/magazin\/bewerbung-pflege-alles-rund-um-das-vorstellungsgespraech\/"]}]},{"@type":"ImageObject","inLanguage":"de","@id":"https:\/\/karriere.compassio.de\/magazin\/bewerbung-pflege-alles-rund-um-das-vorstellungsgespraech\/#primaryimage","url":"https:\/\/karriere.compassio.de\/magazin\/wp-content\/uploads\/2026\/04\/16.png","contentUrl":"https:\/\/karriere.compassio.de\/magazin\/wp-content\/uploads\/2026\/04\/16.png","width":800,"height":600,"caption":"Gefaltete H\u00e4nde und Einblendungen mit Symbolen."},{"@type":"BreadcrumbList","@id":"https:\/\/karriere.compassio.de\/magazin\/bewerbung-pflege-alles-rund-um-das-vorstellungsgespraech\/#breadcrumb","itemListElement":[{"@type":"ListItem","position":1,"name":"Start","item":"https:\/\/karriere.compassio.de\/magazin\/"},{"@type":"ListItem","position":2,"name":"Bewerbung Pflege: Alles rund um das Vorstellungsgespr\u00e4ch"}]},{"@type":"WebSite","@id":"https:\/\/karriere.compassio.de\/magazin\/#website","url":"https:\/\/karriere.compassio.de\/magazin\/","name":"compassio Karriere Magazin","description":"","publisher":{"@id":"https:\/\/karriere.compassio.de\/magazin\/#organization"},"potentialAction":[{"@type":"SearchAction","target":{"@type":"EntryPoint","urlTemplate":"https:\/\/karriere.compassio.de\/magazin\/?s={search_term_string}"},"query-input":{"@type":"PropertyValueSpecification","valueRequired":true,"valueName":"search_term_string"}}],"inLanguage":"de"},{"@type":"Organization","@id":"https:\/\/karriere.compassio.de\/magazin\/#organization","name":"compassio Karriere","url":"https:\/\/karriere.compassio.de\/magazin\/","logo":{"@type":"ImageObject","inLanguage":"de","@id":"https:\/\/karriere.compassio.de\/magazin\/#\/schema\/logo\/image\/","url":"https:\/\/karriere.compassio.de\/magazin\/wp-content\/uploads\/2026\/03\/logo.png","contentUrl":"https:\/\/karriere.compassio.de\/magazin\/wp-content\/uploads\/2026\/03\/logo.png","width":952,"height":348,"caption":"compassio Karriere"},"image":{"@id":"https:\/\/karriere.compassio.de\/magazin\/#\/schema\/logo\/image\/"},"sameAs":["https:\/\/www.facebook.com\/compassiokarriere\/"]},{"@type":"Person","@id":"https:\/\/karriere.compassio.de\/magazin\/#\/schema\/person\/f82989bad171edfe2367aab4b6602eff","name":"Vanessa Angrick","image":{"@type":"ImageObject","inLanguage":"de","@id":"https:\/\/secure.gravatar.com\/avatar\/a954875a6c9d925c6a81849d6229350a9ad62f3583dc3627aa42a030b0b2777e?s=96&d=mm&r=g","url":"https:\/\/secure.gravatar.com\/avatar\/a954875a6c9d925c6a81849d6229350a9ad62f3583dc3627aa42a030b0b2777e?s=96&d=mm&r=g","contentUrl":"https:\/\/secure.gravatar.com\/avatar\/a954875a6c9d925c6a81849d6229350a9ad62f3583dc3627aa42a030b0b2777e?s=96&d=mm&r=g","caption":"Vanessa Angrick"}}]}},"_links":{"self":[{"href":"https:\/\/karriere.compassio.de\/magazin\/wp-json\/wp\/v2\/posts\/2091","targetHints":{"allow":["GET"]}}],"collection":[{"href":"https:\/\/karriere.compassio.de\/magazin\/wp-json\/wp\/v2\/posts"}],"about":[{"href":"https:\/\/karriere.compassio.de\/magazin\/wp-json\/wp\/v2\/types\/post"}],"author":[{"embeddable":true,"href":"https:\/\/karriere.compassio.de\/magazin\/wp-json\/wp\/v2\/users\/3"}],"replies":[{"embeddable":true,"href":"https:\/\/karriere.compassio.de\/magazin\/wp-json\/wp\/v2\/comments?post=2091"}],"version-history":[{"count":10,"href":"https:\/\/karriere.compassio.de\/magazin\/wp-json\/wp\/v2\/posts\/2091\/revisions"}],"predecessor-version":[{"id":2383,"href":"https:\/\/karriere.compassio.de\/magazin\/wp-json\/wp\/v2\/posts\/2091\/revisions\/2383"}],"wp:featuredmedia":[{"embeddable":true,"href":"https:\/\/karriere.compassio.de\/magazin\/wp-json\/wp\/v2\/media\/2142"}],"wp:attachment":[{"href":"https:\/\/karriere.compassio.de\/magazin\/wp-json\/wp\/v2\/media?parent=2091"}],"wp:term":[{"taxonomy":"category","embeddable":true,"href":"https:\/\/karriere.compassio.de\/magazin\/wp-json\/wp\/v2\/categories?post=2091"},{"taxonomy":"post_tag","embeddable":true,"href":"https:\/\/karriere.compassio.de\/magazin\/wp-json\/wp\/v2\/tags?post=2091"}],"curies":[{"name":"wp","href":"https:\/\/api.w.org\/{rel}","templated":true}]}}