{"id":2093,"date":"2026-04-01T10:40:52","date_gmt":"2026-04-01T10:40:52","guid":{"rendered":"https:\/\/karriere.compassio.de\/magazin\/?p=2093"},"modified":"2026-04-27T13:42:47","modified_gmt":"2026-04-27T11:42:47","slug":"ausbildung-pflege-starte-jetzt-deine-karriere-mit-sinn-bei-compassio","status":"publish","type":"post","link":"https:\/\/karriere.compassio.de\/magazin\/ausbildung-pflege-starte-jetzt-deine-karriere-mit-sinn-bei-compassio\/","title":{"rendered":"Ausbildung Pflege: Starte jetzt deine Karriere bei compassio"},"content":{"rendered":"<div class=\"fusion-fullwidth fullwidth-box fusion-builder-row-1 fusion-flex-container has-pattern-background has-mask-background nonhundred-percent-fullwidth non-hundred-percent-height-scrolling\" style=\"--awb-border-radius-top-left:0px;--awb-border-radius-top-right:0px;--awb-border-radius-bottom-right:0px;--awb-border-radius-bottom-left:0px;--awb-flex-wrap:wrap;\" ><div class=\"fusion-builder-row fusion-row fusion-flex-align-items-flex-start fusion-flex-content-wrap\" style=\"max-width:1302px;margin-left: calc(-5% \/ 2 );margin-right: calc(-5% \/ 2 );\"><div class=\"fusion-layout-column fusion_builder_column fusion-builder-column-0 fusion_builder_column_1_1 1_1 fusion-flex-column\" style=\"--awb-bg-size:cover;--awb-width-large:100%;--awb-margin-top-large:0px;--awb-spacing-right-large:100px;--awb-margin-bottom-large:0px;--awb-spacing-left-large:100px;--awb-width-medium:100%;--awb-order-medium:0;--awb-spacing-right-medium:100px;--awb-spacing-left-medium:100px;--awb-width-small:100%;--awb-order-small:0;--awb-spacing-right-small:2.375%;--awb-spacing-left-small:2.375%;\"><div class=\"fusion-column-wrapper fusion-column-has-shadow fusion-flex-justify-content-flex-start fusion-content-layout-column\"><div class=\"fusion-text fusion-text-1\"><p>Gehst du gerade deine berufliche Zukunft an und spielst mit dem Gedanken, 2026 eine Ausbildung in der Pflege zu starten? Dann stehst du vor einer Entscheidung, die deine n\u00e4chsten Jahre \u2013 und dein ganzes Berufsleben \u2013 pr\u00e4gen wird. Die generalistische Ausbildung zur Pflegefachfrau bzw. zum Pflegefachmann b\u00fcndelt seit einigen Jahren Altenpflege, Krankenpflege und Kinderkrankenpflege in einem Beruf. Bei compassio lernen derzeit \u00fcber 1.000 Auszubildende den Pflegeberuf. In unseren Einrichtungen begleiten erfahrene Teams sie jeden Tag auf ihrem Weg zur Pflegefachkraft. In diesem Blog-Artikel zeigen wir dir, wie die Ausbildung Pflege 2026 aufgebaut ist, wie lange sie dauert, welche Inhalte dich erwarten, wie der praktische Alltag aussieht, wie viel du verdienst und wie du bei uns einsteigen kannst.<\/p>\n<h2>Warum eine Ausbildung in der Pflege ab 2026 eine starke Wahl ist<\/h2>\n<p>Eine Ausbildung in der Pflege bietet dir nicht nur einen sicheren Job, sondern auch das gute Gef\u00fchl, t\u00e4glich Sinnvolles zu tun. Die Gesellschaft altert, der Bedarf an Pflegefachkr\u00e4ften steigt, und qualifizierte Profis finden in der Regel schnell einen Arbeitsplatz \u2013 ob im <strong>Pflegeheim, Krankenhaus, in der ambulanten Pflege<\/strong> oder in spezialisierten Einrichtungen. Gerade in den letzten Jahren haben sich die Rahmenbedingungen in der Pflegeausbildung sichtbar weiterentwickelt: mehr Struktur, mehr Praxisanleitung und klarere Entwicklungsm\u00f6glichkeiten. Bei compassio kommt noch unsere eigene Ausrichtung dazu: moderne H\u00e4user, digitale Dokumentation, <strong>transparente Verg\u00fctungsstrukturen<\/strong> und ein klares Versprechen f\u00fcr dich als Mensch im Team. Du startest 2026 also in eine Pflegeausbildung, die <strong>moderner, besser strukturiert und flexibler<\/strong> ist, als viele es noch von fr\u00fcher kennen.<\/p>\n<\/div><div class=\"fusion-image-element \" style=\"--awb-caption-title-font-family:var(--h2_typography-font-family);--awb-caption-title-font-weight:var(--h2_typography-font-weight);--awb-caption-title-font-style:var(--h2_typography-font-style);--awb-caption-title-size:var(--h2_typography-font-size);--awb-caption-title-transform:var(--h2_typography-text-transform);--awb-caption-title-line-height:var(--h2_typography-line-height);--awb-caption-title-letter-spacing:var(--h2_typography-letter-spacing);\"><span class=\" fusion-imageframe imageframe-none imageframe-1 hover-type-none\"><img decoding=\"async\" width=\"800\" height=\"600\" alt=\"Menschen halten H\u00e4nde.\" title=\"Mitgef\u00fchl und F\u00fcrsorge bei Compassio.\" src=\"https:\/\/karriere.compassio.de\/magazin\/wp-content\/uploads\/2026\/04\/14.png\" data-orig-src=\"https:\/\/karriere.compassio.de\/magazin\/wp-content\/uploads\/2026\/04\/14.png\" class=\"lazyload img-responsive wp-image-2126\" srcset=\"data:image\/svg+xml,%3Csvg%20xmlns%3D%27http%3A%2F%2Fwww.w3.org%2F2000%2Fsvg%27%20width%3D%27800%27%20height%3D%27600%27%20viewBox%3D%270%200%20800%20600%27%3E%3Crect%20width%3D%27800%27%20height%3D%27600%27%20fill-opacity%3D%220%22%2F%3E%3C%2Fsvg%3E\" data-srcset=\"https:\/\/karriere.compassio.de\/magazin\/wp-content\/uploads\/2026\/04\/14-200x150.png 200w, https:\/\/karriere.compassio.de\/magazin\/wp-content\/uploads\/2026\/04\/14-400x300.png 400w, https:\/\/karriere.compassio.de\/magazin\/wp-content\/uploads\/2026\/04\/14-600x450.png 600w, https:\/\/karriere.compassio.de\/magazin\/wp-content\/uploads\/2026\/04\/14.png 800w\" data-sizes=\"auto\" data-orig-sizes=\"(max-width: 800px) 100vw, 800px\" \/><\/span><\/div><div class=\"fusion-text fusion-text-2\"><h2>Voraussetzungen: Was brauchst du f\u00fcr die Ausbildung als Pflegekraft 2026?<\/h2>\n<p>Der Zugang zur <strong>generalistischen Pflegeausbildung<\/strong> ist bundesweit einheitlich geregelt, wobei die konkrete Zulassung durch die jeweiligen Schulen und Bundesl\u00e4nder erfolgt. Als zentrale formale Voraussetzung gilt in der Regel ein mittlerer Schulabschluss oder ein gleichwertiges Bildungsniveau. Alternativ erm\u00f6glicht ein Hauptschulabschluss den Einstieg, sofern er mit einer mindestens zweij\u00e4hrigen Berufsausbildung oder einer erfolgreich absolvierten, <strong>einj\u00e4hrigen Ausbildung<\/strong> in der Pflegehilfe bzw. Pflegeassistenz kombiniert wird. Diese Durchl\u00e4ssigkeit stellt sicher, dass sowohl Schulabg\u00e4ngerinnen und Schulabg\u00e4nger als auch berufliche Quereinsteigerinnen und Quereinsteiger einen direkten Pfad in die qualifizierte Fachkraftausbildung finden.<\/p>\n<p>Wichtiger als jede Note ist aber deine Haltung. Du passt zu einer Ausbildung <strong>Pflegefachkraft<\/strong>, wenn du:<\/p>\n<\/div><ul style=\"--awb-item-padding-top:10px;--awb-item-padding-left:25px;--awb-iconcolor:var(--awb-color4);--awb-line-height:27.2px;--awb-icon-width:27.2px;--awb-icon-height:27.2px;--awb-icon-margin:11.2px;--awb-content-margin:38.4px;--awb-circlecolor:hsla(var(--awb-color4-h),var(--awb-color4-s),var(--awb-color4-l),calc(var(--awb-color4-a) - 90%));--awb-circle-yes-font-size:14.08px;\" class=\"fusion-checklist fusion-checklist-1 type-icons\"><li class=\"fusion-li-item\" style=\"\"><span class=\"icon-wrapper circle-yes\"><i class=\"fusion-li-icon awb-magazine-angle-right-solid\" aria-hidden=\"true\"><\/i><\/span><div class=\"fusion-li-item-content\">\n<p>Freude an der Arbeit mit Menschen hast<\/p>\n<\/div><\/li><li class=\"fusion-li-item\" style=\"\"><span class=\"icon-wrapper circle-yes\"><i class=\"fusion-li-icon awb-magazine-angle-right-solid\" aria-hidden=\"true\"><\/i><\/span><div class=\"fusion-li-item-content\">\n<p>Geduld und Empathie mitbringst<\/p>\n<\/div><\/li><li class=\"fusion-li-item\" style=\"\"><span class=\"icon-wrapper circle-yes\"><i class=\"fusion-li-icon awb-magazine-angle-right-solid\" aria-hidden=\"true\"><\/i><\/span><div class=\"fusion-li-item-content\">\n<p>Belastbarkeit, Teamgeist und Verantwortungsbewusstsein zeigst<\/p>\n<\/div><\/li><li class=\"fusion-li-item\" style=\"\"><span class=\"icon-wrapper circle-yes\"><i class=\"fusion-li-icon awb-magazine-angle-right-solid\" aria-hidden=\"true\"><\/i><\/span><div class=\"fusion-li-item-content\">\n<p>Interesse an medizinischen und pflegerischen Themen hast<\/p>\n<\/div><\/li><li class=\"fusion-li-item\" style=\"\"><span class=\"icon-wrapper circle-yes\"><i class=\"fusion-li-icon awb-magazine-angle-right-solid\" aria-hidden=\"true\"><\/i><\/span><div class=\"fusion-li-item-content\">\n<p>Bereitschaft zur Schichtarbeit mitbringst<\/p>\n<\/div><\/li><\/ul><div class=\"fusion-text fusion-text-3\"><p><span style=\"font-size: 16px;\">F\u00fcr <\/span><strong style=\"font-size: 16px;\">Quereinsteigerinnen und Quereinsteiger<\/strong><span style=\"font-size: 16px;\"> aus anderen Berufen bieten wir bei compassio individuelle Einstiegswege an \u2013 von der Pflegehilfskraft bis hin zur generalistischen Pflegeausbildung. Einen \u00dcberblick \u00fcber verschiedene Einstiege in die Pflege findest du in unserem Bereich <\/span><a style=\"font-size: 16px;\" href=\"https:\/\/karriere.compassio.de\/starter\/ausbildung\/\">Ausbildung &amp; Einstieg in die Pflege bei compassio<\/a><span style=\"font-size: 16px;\">.<\/span><\/p>\n<\/div><div class=\"fusion-text fusion-text-4\"><h2>Generalistische Ausbildung Pflegefachkraft: Dauer und Struktur bis zum Abschluss 2029<\/h2>\n<p>Die seit dem Pflegeberufegesetz eingef\u00fchrte generalistische Ausbildung zur Pflegefachfrau bzw. zum Pflegefachmann vermittelt alle relevanten Fachbereiche und f\u00fchrt zu einem <strong>staatlich anerkannten Berufsabschluss.<\/strong> In der Regeldauer von drei Jahren absolvierst du rund <strong>2.100 Theorie- und 2.500 Praxisstunden<\/strong> und schlie\u00dft mit einer staatlichen Pr\u00fcfung in schriftlicher, praktischer und m\u00fcndlicher Form ab. Unter bestimmten Voraussetzungen ist \u2013 nach individueller Pr\u00fcfung durch Schule und Tr\u00e4ger \u2013 auch eine Verk\u00fcrzung der Ausbildungszeit m\u00f6glich.<\/p>\n<p>Seit 2020 ersetzt die generalistische Ausbildung die fr\u00fcher getrennten Berufe <strong>Altenpflege, Krankenpflege und Kinderkrankenpflege<\/strong>. Auszubildende lernen alle Versorgungsbereiche kennen und k\u00f6nnen sp\u00e4ter flexibel entscheiden, in welchem Bereich sie arbeiten m\u00f6chten. Viele entscheiden sich bewusst f\u00fcr die station\u00e4re Altenpflege, weil hier <strong>langfristige Beziehungen<\/strong> zu Bewohnerinnen und Bewohnern entstehen und Pflege besonders ganzheitlich gestaltet werden kann.<\/p>\n<h2>Ablauf der Ausbildung Pflege 2026: Vom ersten Praxistag bis zur Abschlusspr\u00fcfung<\/h2>\n<p>Die Ausbildung Pflege 2026 folgt einem <strong>klaren Ablauf<\/strong>, der deutschlandweit durch das Pflegeberufegesetz und die Ausbildungs- und Pr\u00fcfungsverordnungen vorgegeben ist. Die genaue Ausgestaltung unterscheidet sich leicht zwischen den Schulen, der rote Faden bleibt aber \u00fcberall \u00e4hnlich.<\/p>\n<p><strong>Typischer Ablauf deiner drei Ausbildungsjahre:<\/strong><\/p>\n<h3>1. Ausbildungsjahr: Ankommen, Grundlagen, erste Verantwortung<\/h3>\n<p>Im ersten Ausbildungsjahr konzentrierst du dich auf den Einstieg in die professionelle Pflege. Du lernst <strong>Grundlagen der Anatomie<\/strong> und Physiologie kennen, besch\u00e4ftigst dich mit ersten Krankheitsbildern und erarbeitest dir die praktische Grundpflege. Neben rechtlichen Rahmenbedingungen und der <strong>korrekten Dokumentation<\/strong> steht die Kommunikation mit Bewohnerinnen und Bewohnern sowie Angeh\u00f6rigen im Mittelpunkt. In der Praxis wirst du von erfahrenen Fachkr\u00e4ften und qualifizierten Praxisanleiterinnen und Praxisanleitern begleitet, die mit dir individuelle Lernziele planen und deine Fortschritte reflektieren.<\/p>\n<h3>2. Ausbildungsjahr: Vertiefen, Fachbereiche kennenlernen, eigene Pflegesituationen steuern<\/h3>\n<p>Das zweite Ausbildungsjahr dient der Vertiefung deines medizinischen und pflegerischen Wissens. Themen wie <strong>Medikamentenlehre<\/strong>, Schmerzmanagement und die <strong>Versorgung chronischer Erkrankungen<\/strong> gewinnen an Bedeutung. Durch mehrere Pflichteins\u00e4tze in der station\u00e4ren Langzeitpflege, im Krankenhaus sowie in der ambulanten Pflege lernst du unterschiedliche Versorgungsbereiche kennen und trainierst die Zusammenarbeit im interprofessionellen Team. Dabei \u00fcbernimmst du schrittweise mehr Eigenverantwortung f\u00fcr Pflegeplanung und Dokumentation.<\/p>\n<h3>3. Ausbildungsjahr: Spezialisierung, Pr\u00fcfungsvorbereitung, professionelles Rollenverst\u00e4ndnis<\/h3>\n<p>Im dritten Ausbildungsjahr bereitest du dich gezielt auf den Abschluss und den Einstieg in die volle Fachverantwortung vor. Der Fokus liegt auf <strong>komplexen Pflegesituationen<\/strong>, ethischen Fragestellungen und der Anwendung professioneller Standards. Du entwickelst dein pflegerisches Handeln weiter, arbeitest zunehmend sicherer auf Fachkraftniveau und vertiefst h\u00e4ufig einen bestimmten Einsatzbereich, etwa die <strong>station\u00e4re Langzeitpflege<\/strong>. Mit dem Bestehen der dreiteiligen staatlichen Pr\u00fcfung erlangst du den Abschluss als Pflegefachfrau bzw. Pflegefachmann und kannst in allen Versorgungsbereichen arbeiten.<\/p>\n<\/div><div class=\"fusion-image-element \" style=\"--awb-caption-title-font-family:var(--h2_typography-font-family);--awb-caption-title-font-weight:var(--h2_typography-font-weight);--awb-caption-title-font-style:var(--h2_typography-font-style);--awb-caption-title-size:var(--h2_typography-font-size);--awb-caption-title-transform:var(--h2_typography-text-transform);--awb-caption-title-line-height:var(--h2_typography-line-height);--awb-caption-title-letter-spacing:var(--h2_typography-letter-spacing);\"><span class=\" fusion-imageframe imageframe-none imageframe-2 hover-type-none\"><img decoding=\"async\" width=\"800\" height=\"600\" alt=\"Frau blickt in die Kamera. Im Hintergrund Menschen die lernen.\" title=\"Ausbildung Pflege Compassio.\" src=\"https:\/\/karriere.compassio.de\/magazin\/wp-content\/uploads\/2026\/04\/20.png\" data-orig-src=\"https:\/\/karriere.compassio.de\/magazin\/wp-content\/uploads\/2026\/04\/20.png\" class=\"lazyload img-responsive wp-image-2149\" srcset=\"data:image\/svg+xml,%3Csvg%20xmlns%3D%27http%3A%2F%2Fwww.w3.org%2F2000%2Fsvg%27%20width%3D%27800%27%20height%3D%27600%27%20viewBox%3D%270%200%20800%20600%27%3E%3Crect%20width%3D%27800%27%20height%3D%27600%27%20fill-opacity%3D%220%22%2F%3E%3C%2Fsvg%3E\" data-srcset=\"https:\/\/karriere.compassio.de\/magazin\/wp-content\/uploads\/2026\/04\/20-200x150.png 200w, https:\/\/karriere.compassio.de\/magazin\/wp-content\/uploads\/2026\/04\/20-400x300.png 400w, https:\/\/karriere.compassio.de\/magazin\/wp-content\/uploads\/2026\/04\/20-600x450.png 600w, https:\/\/karriere.compassio.de\/magazin\/wp-content\/uploads\/2026\/04\/20.png 800w\" data-sizes=\"auto\" data-orig-sizes=\"(max-width: 800px) 100vw, 800px\" \/><\/span><\/div><div class=\"fusion-text fusion-text-5\"><h2>Praktische Ausbildung: Dein Alltag als Azubi in der Pflege<\/h2>\n<p>Die praktische Ausbildung Pflege findet in verschiedenen Einrichtungen statt. Wenn du bei compassio einsteigst, ist eine unserer <strong>station\u00e4ren Einrichtungen oder Wohnanlagen<\/strong> dein Hauptausbildungsort.<\/p>\n<p><strong>So sieht dein Praxisalltag aus:<\/strong><\/p>\n<\/div><ul style=\"--awb-item-padding-top:10px;--awb-item-padding-left:25px;--awb-iconcolor:var(--awb-color4);--awb-line-height:27.2px;--awb-icon-width:27.2px;--awb-icon-height:27.2px;--awb-icon-margin:11.2px;--awb-content-margin:38.4px;--awb-circlecolor:hsla(var(--awb-color4-h),var(--awb-color4-s),var(--awb-color4-l),calc(var(--awb-color4-a) - 90%));--awb-circle-yes-font-size:14.08px;\" class=\"fusion-checklist fusion-checklist-2 type-icons\"><li class=\"fusion-li-item\" style=\"\"><span class=\"icon-wrapper circle-yes\"><i class=\"fusion-li-icon awb-magazine-angle-right-solid\" aria-hidden=\"true\"><\/i><\/span><div class=\"fusion-li-item-content\">\n<p>Du \u00fcbernimmst Schritt f\u00fcr Schritt mehr Aufgaben im t\u00e4glichen Pflegeprozess.<\/p>\n<\/div><\/li><li class=\"fusion-li-item\" style=\"\"><span class=\"icon-wrapper circle-yes\"><i class=\"fusion-li-icon awb-magazine-angle-right-solid\" aria-hidden=\"true\"><\/i><\/span><div class=\"fusion-li-item-content\">\n<p>Erfahrene Kolleginnen und Kollegen stehen an deiner Seite und geben dir Feedback.<\/p>\n<\/div><\/li><li class=\"fusion-li-item\" style=\"\"><span class=\"icon-wrapper circle-yes\"><i class=\"fusion-li-icon awb-magazine-angle-right-solid\" aria-hidden=\"true\"><\/i><\/span><div class=\"fusion-li-item-content\">\n<p>Du nimmst an Dienstbesprechungen, Fallbesprechungen und Fortbildungen teil.<\/p>\n<\/div><\/li><li class=\"fusion-li-item\" style=\"\"><span class=\"icon-wrapper circle-yes\"><i class=\"fusion-li-icon awb-magazine-angle-right-solid\" aria-hidden=\"true\"><\/i><\/span><div class=\"fusion-li-item-content\">\n<p>In Praxisanleitungsstunden reflektierst du komplexe Situationen und verbindest Theorie und Praxis.<\/p>\n<\/div><\/li><\/ul><div class=\"fusion-text fusion-text-6\"><p><span style=\"font-size: 16px;\">Du lernst bei uns von Anfang an im <\/span><strong style=\"font-size: 16px;\">echten Pflegealltag<\/strong><span style=\"font-size: 16px;\">. Ab dem ersten Tag bist du Teil des Teams, \u00fcbernimmst Schritt f\u00fcr Schritt Aufgaben und w\u00e4chst langsam in <\/span><strong style=\"font-size: 16px;\">mehr Verantwortung<\/strong><span style=\"font-size: 16px;\"> hinein. So entwickelst du nach und nach die fachlichen F\u00e4higkeiten, die du sp\u00e4ter als Pflegefachkraft brauchst.<\/span><\/p>\n<p>W\u00e4hrend deiner Praxiseins\u00e4tze wirst du von <strong>qualifizierten Praxisanleiterinnen und Praxisanleitern<\/strong> begleitet. Sie unterst\u00fctzen dich dabei, Theorie und Praxis miteinander zu verbinden und deine <strong>pflegerischen F\u00e4higkeiten<\/strong> Schritt f\u00fcr Schritt weiterzuentwickeln. Praxisanleitung ist bei compassio auch ein sichtbarer Teil des Ausbildungsangebots.<\/p>\n<h2>Verg\u00fctung in der Ausbildung Pflege: Wie viel verdienst du 2026?<\/h2>\n<p>Bei compassio ist die Ausbildungsverg\u00fctung klar gestaffelt. Im ersten Ausbildungsjahr erh\u00e4ltst du <strong>1.341 Euro brutto pro Monat<\/strong>, im zweiten Jahr <strong>1.403 Euro brutto<\/strong> und im dritten Jahr <strong>1.504 Euro brutto monatlich<\/strong>. Zus\u00e4tzlich k\u00f6nnen \u2013 je nach Einsatz und Dienstzeiten \u2013 Zuschl\u00e4ge f\u00fcr Wochenend-, Feiertags- oder Nachtdienste hinzukommen. An manchen Standorten wie Niedersachsen ist das erste Jahr rein schulisch mit unverg\u00fcteten Praktika.<\/p>\n<p>Wie das bei compassio an deinem Wunschstandort aussieht, erf\u00e4hrst du in den jeweiligen Ausschreibungen. compassio kommuniziert Ausbildungspl\u00e4tze bundesweit sowie <strong>Startm\u00f6glichkeiten im Sommer<\/strong>; auf der Ausbildungsseite werden au\u00dferdem flexible Einstiege und verschiedene Standorte hervorgehoben. Wie das bei compassio an deinem <strong>Wunschstandort <\/strong>aussieht, erf\u00e4hrst du in den jeweiligen Ausschreibungen, zum Beispiel in unseren Stellen f\u00fcr die <a href=\"https:\/\/karriere.compassio.de\/stellen\/ausbildung-zur-pflegefachfrau-zum-pflegefachmann-im-seniorendomizil-haus-michael-in-ulm-boefingen-m-w-d_766-1-474\">Ausbildung zur Pflegefachfrau \/ zum Pflegefachmann in Ulm-B\u00f6fingen<\/a>.<\/p>\n<h2>\u00dcberblick: Dauer, Ablauf und Inhalte der Ausbildung Pflegefachkraft 2026<\/h2>\n<p>Die folgende Tabelle fasst die wichtigsten Eckdaten zur Ausbildung Pflegefachkraft 2026 \u00fcbersichtlich zusammen:<\/p>\n<\/div>\n<div class=\"table-1\">\n<table width=\"100%\">\n<thead>\n<tr>\n<th align=\"left\">Aspekt<\/th>\n<th align=\"left\">Ausbildung Pflegefachfrau \/ Pflegefachmann 2026<\/th>\n<\/tr>\n<\/thead>\n<tbody>\n<tr>\n<td align=\"left\">Dauer<\/td>\n<td align=\"left\">3 Jahre (Vollzeit), Verk\u00fcrzung in Einzelf\u00e4llen m\u00f6glich<\/td>\n<\/tr>\n<tr>\n<td align=\"left\">Struktur<\/td>\n<td align=\"left\">Dual: Pflegeschule (Theorie) + Praxiseins\u00e4tze in verschiedenen Einrichtungen<\/td>\n<\/tr>\n<tr>\n<td align=\"left\">Theorieumfang<\/td>\n<td align=\"left\">ca. 2.100 Stunden in Lernfeldern (Pflege, Medizin, Recht, Kommunikation, Ethik)<\/td>\n<\/tr>\n<tr>\n<td align=\"left\">Praxisumfang<\/td>\n<td align=\"left\">ca. 2.500 Stunden in Langzeitpflege, Krankenhaus, ambulanter Pflege u. a.<\/td>\n<\/tr>\n<tr>\n<td align=\"left\">Abschluss<\/td>\n<td align=\"left\">Staatliche Pr\u00fcfung zur Pflegefachfrau \/ zum Pflegefachmann<\/td>\n<\/tr>\n<tr>\n<td align=\"left\">Verg\u00fctung bei compassio<\/td>\n<td align=\"left\">1. Jahr: 1.341 \u20ac brutto, 2. Jahr: 1.403 \u20ac brutto, 3. Jahr: 1.504 \u20ac brutto<\/td>\n<\/tr>\n<tr>\n<td align=\"left\">Voraussetzungen<\/td>\n<td align=\"left\">Mittlerer Schulabschluss oder Hauptschule plus Berufsausbildung \/ Pflegehilfe<\/td>\n<\/tr>\n<tr>\n<td align=\"left\">Starttermine<\/td>\n<td align=\"left\">Je nach Schule und Tr\u00e4ger, z. B. Sommer 2026<\/td>\n<\/tr>\n<tr>\n<td align=\"left\">Perspektiven<\/td>\n<td align=\"left\">Einsatz in allen Pflegebereichen, vielf\u00e4ltige Fort- und Weiterbildung, F\u00fchrungspositionen<\/td>\n<\/tr>\n<\/tbody>\n<\/table>\n<\/div>\n<div class=\"fusion-text fusion-text-7\"><p>Du siehst: Die Ausbildung Pflege 2026 bietet dir eine<strong> klare Struktur, gute Entwicklungschancen<\/strong> und bei compassio einen <strong>transparenten finanziellen Rahmen<\/strong>. Die angegebenen Ausbildungsverg\u00fctungen und der bundesweite Ausbildungsansatz sind direkt auf der compassio-Ausbildungsseite beschrieben.<\/p>\n<\/div><div class=\"fusion-image-element \" style=\"--awb-caption-title-font-family:var(--h2_typography-font-family);--awb-caption-title-font-weight:var(--h2_typography-font-weight);--awb-caption-title-font-style:var(--h2_typography-font-style);--awb-caption-title-size:var(--h2_typography-font-size);--awb-caption-title-transform:var(--h2_typography-text-transform);--awb-caption-title-line-height:var(--h2_typography-line-height);--awb-caption-title-letter-spacing:var(--h2_typography-letter-spacing);\"><span class=\" fusion-imageframe imageframe-none imageframe-3 hover-type-none\"><img decoding=\"async\" width=\"800\" height=\"600\" alt=\"Gl\u00fcckliche Mitarbeiter mit Pose.\" title=\"Teamfoto Compassio\" src=\"https:\/\/karriere.compassio.de\/magazin\/wp-content\/uploads\/2026\/04\/1.png\" data-orig-src=\"https:\/\/karriere.compassio.de\/magazin\/wp-content\/uploads\/2026\/04\/1.png\" class=\"lazyload img-responsive wp-image-2128\" srcset=\"data:image\/svg+xml,%3Csvg%20xmlns%3D%27http%3A%2F%2Fwww.w3.org%2F2000%2Fsvg%27%20width%3D%27800%27%20height%3D%27600%27%20viewBox%3D%270%200%20800%20600%27%3E%3Crect%20width%3D%27800%27%20height%3D%27600%27%20fill-opacity%3D%220%22%2F%3E%3C%2Fsvg%3E\" data-srcset=\"https:\/\/karriere.compassio.de\/magazin\/wp-content\/uploads\/2026\/04\/1-200x150.png 200w, https:\/\/karriere.compassio.de\/magazin\/wp-content\/uploads\/2026\/04\/1-400x300.png 400w, https:\/\/karriere.compassio.de\/magazin\/wp-content\/uploads\/2026\/04\/1-600x450.png 600w, https:\/\/karriere.compassio.de\/magazin\/wp-content\/uploads\/2026\/04\/1.png 800w\" data-sizes=\"auto\" data-orig-sizes=\"(max-width: 800px) 100vw, 800px\" \/><\/span><\/div><div class=\"fusion-title title fusion-title-1 fusion-sep-none fusion-title-text fusion-title-size-four\" style=\"--awb-margin-top-small:10px;--awb-margin-right-small:0px;--awb-margin-bottom-small:10px;--awb-margin-left-small:0px;\"><h4 class=\"fusion-title-heading title-heading-left\" style=\"margin:0;\"><h2>So findest du deine Ausbildung Pflegefachkraft 2026 bei compassio<\/h2><\/h4><\/div><div class=\"fusion-text fusion-text-8\"><p>Wenn du den n\u00e4chsten Schritt gehen willst, f\u00fchren dich bei uns mehrere Wege ans Ziel:<\/p>\n<\/div><ul style=\"--awb-item-padding-top:10px;--awb-item-padding-left:25px;--awb-iconcolor:var(--awb-color4);--awb-line-height:27.2px;--awb-icon-width:27.2px;--awb-icon-height:27.2px;--awb-icon-margin:11.2px;--awb-content-margin:38.4px;--awb-circlecolor:hsla(var(--awb-color4-h),var(--awb-color4-s),var(--awb-color4-l),calc(var(--awb-color4-a) - 90%));--awb-circle-yes-font-size:14.08px;\" class=\"fusion-checklist fusion-checklist-3 type-icons\"><li class=\"fusion-li-item\" style=\"\"><span class=\"icon-wrapper circle-yes\"><i class=\"fusion-li-icon awb-magazine-angle-right-solid\" aria-hidden=\"true\"><\/i><\/span><div class=\"fusion-li-item-content\">\n<p>\u00dcber die \u00dcbersichtsseite <a href=\"https:\/\/karriere.compassio.de\/pflege\/pflegefachkraft\/\">Pflegefachkraft bei compassio<\/a> bekommst du einen Eindruck von unserem Verst\u00e4ndnis von moderner Pflege.<\/p>\n<\/div><\/li><li class=\"fusion-li-item\" style=\"\"><span class=\"icon-wrapper circle-yes\"><i class=\"fusion-li-icon awb-magazine-angle-right-solid\" aria-hidden=\"true\"><\/i><\/span><div class=\"fusion-li-item-content\">\n<p>In unserem <a href=\"https:\/\/karriere.compassio.de\/stellen\/\">Stellenportal<\/a> findest du gezielt Angebote f\u00fcr die <strong>Ausbildung zur Pflegefachfrau \/ zum Pflegefachmann<\/strong> an \u00fcber 100 Standorten \u2013 von Norddeutschland bis Bayern.<\/p>\n<\/div><\/li><li class=\"fusion-li-item\" style=\"\"><span class=\"icon-wrapper circle-yes\"><i class=\"fusion-li-icon awb-magazine-angle-right-solid\" aria-hidden=\"true\"><\/i><\/span><div class=\"fusion-li-item-content\">\n<p>Wenn du noch unsicher bist, ob eine dreij\u00e4hrige Ausbildung Pflege der richtige Schritt ist, schaue dir auch unsere Wege als <a href=\"https:\/\/karriere.compassio.de\/pflege\/pflegehilfskraft\/\">Pflegehilfskraft<\/a> oder \u00fcber ein <a href=\"https:\/\/karriere.compassio.de\/starter\/praktikum\/\">Pflegepraktikum<\/a> an.<\/p>\n<\/div><\/li><\/ul><div class=\"fusion-text fusion-text-9\"><p><strong>Unser Tipp:<\/strong> Bewirb dich fr\u00fchzeitig f\u00fcr deinen Wunschstart 2026. Viele Schulen und Tr\u00e4ger vergeben Ausbildungspl\u00e4tze bereits ein Jahr vor Beginn. Im pers\u00f6nlichen Gespr\u00e4ch kl\u00e4ren wir gemeinsam, welcher Standort, welches Stundenmodell und welcher Einstieg zu dir und deinem Leben passt.<\/p>\n<h2>So findest du deine Ausbildung Pflegefachkraft 2026 bei compassio<\/h2>\n<p>Wenn du den n\u00e4chsten Schritt gehen willst, f\u00fchren dich bei uns mehrere Wege ans Ziel:<\/p>\n<\/div><div class=\"fusion-title title fusion-title-2 fusion-sep-none fusion-title-text fusion-title-size-three\" style=\"--awb-margin-top-small:10px;--awb-margin-right-small:0px;--awb-margin-bottom-small:10px;--awb-margin-left-small:0px;\"><h3 class=\"fusion-title-heading title-heading-left\" style=\"margin:0;\"><h1>Ausbildung Pflege: Starte jetzt deine Karriere bei compassio<\/h1><\/h3><\/div><\/div><\/div><\/div><\/div>\n","protected":false},"excerpt":{"rendered":"<p>Gehst du gerade deine berufliche Zukunft an und spielst mit dem Gedanken, 2026 eine Ausbildung in der Pflege zu starten?<\/p>\n","protected":false},"author":3,"featured_media":2139,"comment_status":"open","ping_status":"open","sticky":false,"template":"","format":"standard","meta":{"footnotes":""},"categories":[66,65],"tags":[71,70],"class_list":["post-2093","post","type-post","status-publish","format-standard","has-post-thumbnail","hentry","category-ausbildung-in-der-pflege","category-karriere-in-der-pflege","tag-ausbildung","tag-pflege"],"yoast_head":"<!-- This site is optimized with the Yoast SEO plugin v27.4 - https:\/\/yoast.com\/product\/yoast-seo-wordpress\/ -->\n<title>Ausbildung Pflege: Starte jetzt deine Karriere mit Sinn bei compassio<\/title>\n<meta name=\"description\" content=\"Mit der Ausbildung bei compassio startest du deine sinnstiftende Karriere in der Pflege mit fairer Verg\u00fctung, Benefits und Entwicklungschancen. Lese hier alles zu Dauer und Ablauf der Ausbildung.\" \/>\n<meta name=\"robots\" content=\"index, follow, max-snippet:-1, max-image-preview:large, max-video-preview:-1\" \/>\n<link rel=\"canonical\" href=\"https:\/\/karriere.compassio.de\/magazin\/ausbildung-pflege-starte-jetzt-deine-karriere-mit-sinn-bei-compassio\/\" \/>\n<meta property=\"og:locale\" content=\"de_DE\" \/>\n<meta property=\"og:type\" content=\"article\" \/>\n<meta property=\"og:title\" content=\"Ausbildung Pflege: Starte jetzt deine Karriere mit Sinn bei compassio\" \/>\n<meta property=\"og:description\" content=\"Mit der Ausbildung bei compassio startest du deine sinnstiftende Karriere in der Pflege mit fairer Verg\u00fctung, Benefits und Entwicklungschancen. Lese hier alles zu Dauer und Ablauf der Ausbildung.\" \/>\n<meta property=\"og:url\" content=\"https:\/\/karriere.compassio.de\/magazin\/ausbildung-pflege-starte-jetzt-deine-karriere-mit-sinn-bei-compassio\/\" \/>\n<meta property=\"og:site_name\" content=\"Avada Magazine\" \/>\n<meta property=\"article:publisher\" content=\"https:\/\/www.facebook.com\/compassiokarriere\/\" \/>\n<meta property=\"article:published_time\" content=\"2026-04-01T10:40:52+00:00\" \/>\n<meta property=\"article:modified_time\" content=\"2026-04-27T11:42:47+00:00\" \/>\n<meta property=\"og:image\" content=\"https:\/\/karriere.compassio.de\/magazin\/wp-content\/uploads\/2026\/04\/17.png\" \/>\n\t<meta property=\"og:image:width\" content=\"800\" \/>\n\t<meta property=\"og:image:height\" content=\"600\" \/>\n\t<meta property=\"og:image:type\" content=\"image\/png\" \/>\n<meta name=\"author\" content=\"Vanessa Angrick\" \/>\n<meta name=\"twitter:card\" content=\"summary_large_image\" \/>\n<meta name=\"twitter:label1\" content=\"Verfasst von\" \/>\n\t<meta name=\"twitter:data1\" content=\"Vanessa Angrick\" \/>\n\t<meta name=\"twitter:label2\" content=\"Gesch\u00e4tzte Lesezeit\" \/>\n\t<meta name=\"twitter:data2\" content=\"9\u00a0Minuten\" \/>\n<script type=\"application\/ld+json\" class=\"yoast-schema-graph\">{\"@context\":\"https:\\\/\\\/schema.org\",\"@graph\":[{\"@type\":\"Article\",\"@id\":\"https:\\\/\\\/karriere.compassio.de\\\/magazin\\\/ausbildung-pflege-starte-jetzt-deine-karriere-mit-sinn-bei-compassio\\\/#article\",\"isPartOf\":{\"@id\":\"https:\\\/\\\/karriere.compassio.de\\\/magazin\\\/ausbildung-pflege-starte-jetzt-deine-karriere-mit-sinn-bei-compassio\\\/\"},\"author\":{\"name\":\"Vanessa Angrick\",\"@id\":\"https:\\\/\\\/karriere.compassio.de\\\/magazin\\\/#\\\/schema\\\/person\\\/f82989bad171edfe2367aab4b6602eff\"},\"headline\":\"Ausbildung Pflege: Starte jetzt deine Karriere bei compassio\",\"datePublished\":\"2026-04-01T10:40:52+00:00\",\"dateModified\":\"2026-04-27T11:42:47+00:00\",\"mainEntityOfPage\":{\"@id\":\"https:\\\/\\\/karriere.compassio.de\\\/magazin\\\/ausbildung-pflege-starte-jetzt-deine-karriere-mit-sinn-bei-compassio\\\/\"},\"wordCount\":5053,\"commentCount\":0,\"publisher\":{\"@id\":\"https:\\\/\\\/karriere.compassio.de\\\/magazin\\\/#organization\"},\"image\":{\"@id\":\"https:\\\/\\\/karriere.compassio.de\\\/magazin\\\/ausbildung-pflege-starte-jetzt-deine-karriere-mit-sinn-bei-compassio\\\/#primaryimage\"},\"thumbnailUrl\":\"https:\\\/\\\/karriere.compassio.de\\\/magazin\\\/wp-content\\\/uploads\\\/2026\\\/04\\\/17.png\",\"keywords\":[\"Ausbildung\",\"Pflege\"],\"articleSection\":[\"Ausbildung in der Pflege\",\"Karriere in der Pflege\"],\"inLanguage\":\"de\",\"potentialAction\":[{\"@type\":\"CommentAction\",\"name\":\"Comment\",\"target\":[\"https:\\\/\\\/karriere.compassio.de\\\/magazin\\\/ausbildung-pflege-starte-jetzt-deine-karriere-mit-sinn-bei-compassio\\\/#respond\"]}]},{\"@type\":\"WebPage\",\"@id\":\"https:\\\/\\\/karriere.compassio.de\\\/magazin\\\/ausbildung-pflege-starte-jetzt-deine-karriere-mit-sinn-bei-compassio\\\/\",\"url\":\"https:\\\/\\\/karriere.compassio.de\\\/magazin\\\/ausbildung-pflege-starte-jetzt-deine-karriere-mit-sinn-bei-compassio\\\/\",\"name\":\"Ausbildung Pflege: Starte jetzt deine Karriere mit Sinn bei compassio\",\"isPartOf\":{\"@id\":\"https:\\\/\\\/karriere.compassio.de\\\/magazin\\\/#website\"},\"primaryImageOfPage\":{\"@id\":\"https:\\\/\\\/karriere.compassio.de\\\/magazin\\\/ausbildung-pflege-starte-jetzt-deine-karriere-mit-sinn-bei-compassio\\\/#primaryimage\"},\"image\":{\"@id\":\"https:\\\/\\\/karriere.compassio.de\\\/magazin\\\/ausbildung-pflege-starte-jetzt-deine-karriere-mit-sinn-bei-compassio\\\/#primaryimage\"},\"thumbnailUrl\":\"https:\\\/\\\/karriere.compassio.de\\\/magazin\\\/wp-content\\\/uploads\\\/2026\\\/04\\\/17.png\",\"datePublished\":\"2026-04-01T10:40:52+00:00\",\"dateModified\":\"2026-04-27T11:42:47+00:00\",\"description\":\"Mit der Ausbildung bei compassio startest du deine sinnstiftende Karriere in der Pflege mit fairer Verg\u00fctung, Benefits und Entwicklungschancen. Lese hier alles zu Dauer und Ablauf der Ausbildung.\",\"breadcrumb\":{\"@id\":\"https:\\\/\\\/karriere.compassio.de\\\/magazin\\\/ausbildung-pflege-starte-jetzt-deine-karriere-mit-sinn-bei-compassio\\\/#breadcrumb\"},\"inLanguage\":\"de\",\"potentialAction\":[{\"@type\":\"ReadAction\",\"target\":[\"https:\\\/\\\/karriere.compassio.de\\\/magazin\\\/ausbildung-pflege-starte-jetzt-deine-karriere-mit-sinn-bei-compassio\\\/\"]}]},{\"@type\":\"ImageObject\",\"inLanguage\":\"de\",\"@id\":\"https:\\\/\\\/karriere.compassio.de\\\/magazin\\\/ausbildung-pflege-starte-jetzt-deine-karriere-mit-sinn-bei-compassio\\\/#primaryimage\",\"url\":\"https:\\\/\\\/karriere.compassio.de\\\/magazin\\\/wp-content\\\/uploads\\\/2026\\\/04\\\/17.png\",\"contentUrl\":\"https:\\\/\\\/karriere.compassio.de\\\/magazin\\\/wp-content\\\/uploads\\\/2026\\\/04\\\/17.png\",\"width\":800,\"height\":600,\"caption\":\"Frau auf Bild und Einblendung mit Symbol.\"},{\"@type\":\"BreadcrumbList\",\"@id\":\"https:\\\/\\\/karriere.compassio.de\\\/magazin\\\/ausbildung-pflege-starte-jetzt-deine-karriere-mit-sinn-bei-compassio\\\/#breadcrumb\",\"itemListElement\":[{\"@type\":\"ListItem\",\"position\":1,\"name\":\"Start\",\"item\":\"https:\\\/\\\/karriere.compassio.de\\\/magazin\\\/\"},{\"@type\":\"ListItem\",\"position\":2,\"name\":\"Ausbildung Pflege: Starte jetzt deine Karriere bei compassio\"}]},{\"@type\":\"WebSite\",\"@id\":\"https:\\\/\\\/karriere.compassio.de\\\/magazin\\\/#website\",\"url\":\"https:\\\/\\\/karriere.compassio.de\\\/magazin\\\/\",\"name\":\"compassio Karriere Magazin\",\"description\":\"\",\"publisher\":{\"@id\":\"https:\\\/\\\/karriere.compassio.de\\\/magazin\\\/#organization\"},\"potentialAction\":[{\"@type\":\"SearchAction\",\"target\":{\"@type\":\"EntryPoint\",\"urlTemplate\":\"https:\\\/\\\/karriere.compassio.de\\\/magazin\\\/?s={search_term_string}\"},\"query-input\":{\"@type\":\"PropertyValueSpecification\",\"valueRequired\":true,\"valueName\":\"search_term_string\"}}],\"inLanguage\":\"de\"},{\"@type\":\"Organization\",\"@id\":\"https:\\\/\\\/karriere.compassio.de\\\/magazin\\\/#organization\",\"name\":\"compassio Karriere\",\"url\":\"https:\\\/\\\/karriere.compassio.de\\\/magazin\\\/\",\"logo\":{\"@type\":\"ImageObject\",\"inLanguage\":\"de\",\"@id\":\"https:\\\/\\\/karriere.compassio.de\\\/magazin\\\/#\\\/schema\\\/logo\\\/image\\\/\",\"url\":\"https:\\\/\\\/karriere.compassio.de\\\/magazin\\\/wp-content\\\/uploads\\\/2026\\\/03\\\/logo.png\",\"contentUrl\":\"https:\\\/\\\/karriere.compassio.de\\\/magazin\\\/wp-content\\\/uploads\\\/2026\\\/03\\\/logo.png\",\"width\":952,\"height\":348,\"caption\":\"compassio Karriere\"},\"image\":{\"@id\":\"https:\\\/\\\/karriere.compassio.de\\\/magazin\\\/#\\\/schema\\\/logo\\\/image\\\/\"},\"sameAs\":[\"https:\\\/\\\/www.facebook.com\\\/compassiokarriere\\\/\"]},{\"@type\":\"Person\",\"@id\":\"https:\\\/\\\/karriere.compassio.de\\\/magazin\\\/#\\\/schema\\\/person\\\/f82989bad171edfe2367aab4b6602eff\",\"name\":\"Vanessa Angrick\",\"image\":{\"@type\":\"ImageObject\",\"inLanguage\":\"de\",\"@id\":\"https:\\\/\\\/secure.gravatar.com\\\/avatar\\\/a954875a6c9d925c6a81849d6229350a9ad62f3583dc3627aa42a030b0b2777e?s=96&d=mm&r=g\",\"url\":\"https:\\\/\\\/secure.gravatar.com\\\/avatar\\\/a954875a6c9d925c6a81849d6229350a9ad62f3583dc3627aa42a030b0b2777e?s=96&d=mm&r=g\",\"contentUrl\":\"https:\\\/\\\/secure.gravatar.com\\\/avatar\\\/a954875a6c9d925c6a81849d6229350a9ad62f3583dc3627aa42a030b0b2777e?s=96&d=mm&r=g\",\"caption\":\"Vanessa Angrick\"}}]}<\/script>\n<!-- \/ Yoast SEO plugin. -->","yoast_head_json":{"title":"Ausbildung Pflege: Starte jetzt deine Karriere mit Sinn bei compassio","description":"Mit der Ausbildung bei compassio startest du deine sinnstiftende Karriere in der Pflege mit fairer Verg\u00fctung, Benefits und Entwicklungschancen. Lese hier alles zu Dauer und Ablauf der Ausbildung.","robots":{"index":"index","follow":"follow","max-snippet":"max-snippet:-1","max-image-preview":"max-image-preview:large","max-video-preview":"max-video-preview:-1"},"canonical":"https:\/\/karriere.compassio.de\/magazin\/ausbildung-pflege-starte-jetzt-deine-karriere-mit-sinn-bei-compassio\/","og_locale":"de_DE","og_type":"article","og_title":"Ausbildung Pflege: Starte jetzt deine Karriere mit Sinn bei compassio","og_description":"Mit der Ausbildung bei compassio startest du deine sinnstiftende Karriere in der Pflege mit fairer Verg\u00fctung, Benefits und Entwicklungschancen. Lese hier alles zu Dauer und Ablauf der Ausbildung.","og_url":"https:\/\/karriere.compassio.de\/magazin\/ausbildung-pflege-starte-jetzt-deine-karriere-mit-sinn-bei-compassio\/","og_site_name":"Avada Magazine","article_publisher":"https:\/\/www.facebook.com\/compassiokarriere\/","article_published_time":"2026-04-01T10:40:52+00:00","article_modified_time":"2026-04-27T11:42:47+00:00","og_image":[{"width":800,"height":600,"url":"https:\/\/karriere.compassio.de\/magazin\/wp-content\/uploads\/2026\/04\/17.png","type":"image\/png"}],"author":"Vanessa Angrick","twitter_card":"summary_large_image","twitter_misc":{"Verfasst von":"Vanessa Angrick","Gesch\u00e4tzte Lesezeit":"9\u00a0Minuten"},"schema":{"@context":"https:\/\/schema.org","@graph":[{"@type":"Article","@id":"https:\/\/karriere.compassio.de\/magazin\/ausbildung-pflege-starte-jetzt-deine-karriere-mit-sinn-bei-compassio\/#article","isPartOf":{"@id":"https:\/\/karriere.compassio.de\/magazin\/ausbildung-pflege-starte-jetzt-deine-karriere-mit-sinn-bei-compassio\/"},"author":{"name":"Vanessa Angrick","@id":"https:\/\/karriere.compassio.de\/magazin\/#\/schema\/person\/f82989bad171edfe2367aab4b6602eff"},"headline":"Ausbildung Pflege: Starte jetzt deine Karriere bei compassio","datePublished":"2026-04-01T10:40:52+00:00","dateModified":"2026-04-27T11:42:47+00:00","mainEntityOfPage":{"@id":"https:\/\/karriere.compassio.de\/magazin\/ausbildung-pflege-starte-jetzt-deine-karriere-mit-sinn-bei-compassio\/"},"wordCount":5053,"commentCount":0,"publisher":{"@id":"https:\/\/karriere.compassio.de\/magazin\/#organization"},"image":{"@id":"https:\/\/karriere.compassio.de\/magazin\/ausbildung-pflege-starte-jetzt-deine-karriere-mit-sinn-bei-compassio\/#primaryimage"},"thumbnailUrl":"https:\/\/karriere.compassio.de\/magazin\/wp-content\/uploads\/2026\/04\/17.png","keywords":["Ausbildung","Pflege"],"articleSection":["Ausbildung in der Pflege","Karriere in der Pflege"],"inLanguage":"de","potentialAction":[{"@type":"CommentAction","name":"Comment","target":["https:\/\/karriere.compassio.de\/magazin\/ausbildung-pflege-starte-jetzt-deine-karriere-mit-sinn-bei-compassio\/#respond"]}]},{"@type":"WebPage","@id":"https:\/\/karriere.compassio.de\/magazin\/ausbildung-pflege-starte-jetzt-deine-karriere-mit-sinn-bei-compassio\/","url":"https:\/\/karriere.compassio.de\/magazin\/ausbildung-pflege-starte-jetzt-deine-karriere-mit-sinn-bei-compassio\/","name":"Ausbildung Pflege: Starte jetzt deine Karriere mit Sinn bei compassio","isPartOf":{"@id":"https:\/\/karriere.compassio.de\/magazin\/#website"},"primaryImageOfPage":{"@id":"https:\/\/karriere.compassio.de\/magazin\/ausbildung-pflege-starte-jetzt-deine-karriere-mit-sinn-bei-compassio\/#primaryimage"},"image":{"@id":"https:\/\/karriere.compassio.de\/magazin\/ausbildung-pflege-starte-jetzt-deine-karriere-mit-sinn-bei-compassio\/#primaryimage"},"thumbnailUrl":"https:\/\/karriere.compassio.de\/magazin\/wp-content\/uploads\/2026\/04\/17.png","datePublished":"2026-04-01T10:40:52+00:00","dateModified":"2026-04-27T11:42:47+00:00","description":"Mit der Ausbildung bei compassio startest du deine sinnstiftende Karriere in der Pflege mit fairer Verg\u00fctung, Benefits und Entwicklungschancen. Lese hier alles zu Dauer und Ablauf der Ausbildung.","breadcrumb":{"@id":"https:\/\/karriere.compassio.de\/magazin\/ausbildung-pflege-starte-jetzt-deine-karriere-mit-sinn-bei-compassio\/#breadcrumb"},"inLanguage":"de","potentialAction":[{"@type":"ReadAction","target":["https:\/\/karriere.compassio.de\/magazin\/ausbildung-pflege-starte-jetzt-deine-karriere-mit-sinn-bei-compassio\/"]}]},{"@type":"ImageObject","inLanguage":"de","@id":"https:\/\/karriere.compassio.de\/magazin\/ausbildung-pflege-starte-jetzt-deine-karriere-mit-sinn-bei-compassio\/#primaryimage","url":"https:\/\/karriere.compassio.de\/magazin\/wp-content\/uploads\/2026\/04\/17.png","contentUrl":"https:\/\/karriere.compassio.de\/magazin\/wp-content\/uploads\/2026\/04\/17.png","width":800,"height":600,"caption":"Frau auf Bild und Einblendung mit Symbol."},{"@type":"BreadcrumbList","@id":"https:\/\/karriere.compassio.de\/magazin\/ausbildung-pflege-starte-jetzt-deine-karriere-mit-sinn-bei-compassio\/#breadcrumb","itemListElement":[{"@type":"ListItem","position":1,"name":"Start","item":"https:\/\/karriere.compassio.de\/magazin\/"},{"@type":"ListItem","position":2,"name":"Ausbildung Pflege: Starte jetzt deine Karriere bei compassio"}]},{"@type":"WebSite","@id":"https:\/\/karriere.compassio.de\/magazin\/#website","url":"https:\/\/karriere.compassio.de\/magazin\/","name":"compassio Karriere Magazin","description":"","publisher":{"@id":"https:\/\/karriere.compassio.de\/magazin\/#organization"},"potentialAction":[{"@type":"SearchAction","target":{"@type":"EntryPoint","urlTemplate":"https:\/\/karriere.compassio.de\/magazin\/?s={search_term_string}"},"query-input":{"@type":"PropertyValueSpecification","valueRequired":true,"valueName":"search_term_string"}}],"inLanguage":"de"},{"@type":"Organization","@id":"https:\/\/karriere.compassio.de\/magazin\/#organization","name":"compassio Karriere","url":"https:\/\/karriere.compassio.de\/magazin\/","logo":{"@type":"ImageObject","inLanguage":"de","@id":"https:\/\/karriere.compassio.de\/magazin\/#\/schema\/logo\/image\/","url":"https:\/\/karriere.compassio.de\/magazin\/wp-content\/uploads\/2026\/03\/logo.png","contentUrl":"https:\/\/karriere.compassio.de\/magazin\/wp-content\/uploads\/2026\/03\/logo.png","width":952,"height":348,"caption":"compassio Karriere"},"image":{"@id":"https:\/\/karriere.compassio.de\/magazin\/#\/schema\/logo\/image\/"},"sameAs":["https:\/\/www.facebook.com\/compassiokarriere\/"]},{"@type":"Person","@id":"https:\/\/karriere.compassio.de\/magazin\/#\/schema\/person\/f82989bad171edfe2367aab4b6602eff","name":"Vanessa Angrick","image":{"@type":"ImageObject","inLanguage":"de","@id":"https:\/\/secure.gravatar.com\/avatar\/a954875a6c9d925c6a81849d6229350a9ad62f3583dc3627aa42a030b0b2777e?s=96&d=mm&r=g","url":"https:\/\/secure.gravatar.com\/avatar\/a954875a6c9d925c6a81849d6229350a9ad62f3583dc3627aa42a030b0b2777e?s=96&d=mm&r=g","contentUrl":"https:\/\/secure.gravatar.com\/avatar\/a954875a6c9d925c6a81849d6229350a9ad62f3583dc3627aa42a030b0b2777e?s=96&d=mm&r=g","caption":"Vanessa Angrick"}}]}},"_links":{"self":[{"href":"https:\/\/karriere.compassio.de\/magazin\/wp-json\/wp\/v2\/posts\/2093","targetHints":{"allow":["GET"]}}],"collection":[{"href":"https:\/\/karriere.compassio.de\/magazin\/wp-json\/wp\/v2\/posts"}],"about":[{"href":"https:\/\/karriere.compassio.de\/magazin\/wp-json\/wp\/v2\/types\/post"}],"author":[{"embeddable":true,"href":"https:\/\/karriere.compassio.de\/magazin\/wp-json\/wp\/v2\/users\/3"}],"replies":[{"embeddable":true,"href":"https:\/\/karriere.compassio.de\/magazin\/wp-json\/wp\/v2\/comments?post=2093"}],"version-history":[{"count":10,"href":"https:\/\/karriere.compassio.de\/magazin\/wp-json\/wp\/v2\/posts\/2093\/revisions"}],"predecessor-version":[{"id":2370,"href":"https:\/\/karriere.compassio.de\/magazin\/wp-json\/wp\/v2\/posts\/2093\/revisions\/2370"}],"wp:featuredmedia":[{"embeddable":true,"href":"https:\/\/karriere.compassio.de\/magazin\/wp-json\/wp\/v2\/media\/2139"}],"wp:attachment":[{"href":"https:\/\/karriere.compassio.de\/magazin\/wp-json\/wp\/v2\/media?parent=2093"}],"wp:term":[{"taxonomy":"category","embeddable":true,"href":"https:\/\/karriere.compassio.de\/magazin\/wp-json\/wp\/v2\/categories?post=2093"},{"taxonomy":"post_tag","embeddable":true,"href":"https:\/\/karriere.compassio.de\/magazin\/wp-json\/wp\/v2\/tags?post=2093"}],"curies":[{"name":"wp","href":"https:\/\/api.w.org\/{rel}","templated":true}]}}