{"id":2095,"date":"2026-04-01T10:40:32","date_gmt":"2026-04-01T10:40:32","guid":{"rendered":"https:\/\/karriere.compassio.de\/magazin\/?p=2095"},"modified":"2026-04-27T13:44:20","modified_gmt":"2026-04-27T11:44:20","slug":"pflegeberuf-job-starte-deine-sinnvolle-karriere","status":"publish","type":"post","link":"https:\/\/karriere.compassio.de\/magazin\/pflegeberuf-job-starte-deine-sinnvolle-karriere\/","title":{"rendered":"Pflegeberuf Job: Starte deine sinnvolle Karriere"},"content":{"rendered":"<div class=\"fusion-fullwidth fullwidth-box fusion-builder-row-1 fusion-flex-container has-pattern-background has-mask-background nonhundred-percent-fullwidth non-hundred-percent-height-scrolling\" style=\"--awb-border-radius-top-left:0px;--awb-border-radius-top-right:0px;--awb-border-radius-bottom-right:0px;--awb-border-radius-bottom-left:0px;--awb-flex-wrap:wrap;\" ><div class=\"fusion-builder-row fusion-row fusion-flex-align-items-flex-start fusion-flex-content-wrap\" style=\"max-width:1302px;margin-left: calc(-5% \/ 2 );margin-right: calc(-5% \/ 2 );\"><div class=\"fusion-layout-column fusion_builder_column fusion-builder-column-0 fusion_builder_column_1_1 1_1 fusion-flex-column\" style=\"--awb-bg-size:cover;--awb-width-large:100%;--awb-margin-top-large:0px;--awb-spacing-right-large:100px;--awb-margin-bottom-large:0px;--awb-spacing-left-large:100px;--awb-width-medium:100%;--awb-order-medium:0;--awb-spacing-right-medium:100px;--awb-spacing-left-medium:100px;--awb-width-small:100%;--awb-order-small:0;--awb-spacing-right-small:2.375%;--awb-spacing-left-small:2.375%;\"><div class=\"fusion-column-wrapper fusion-column-has-shadow fusion-flex-justify-content-flex-start fusion-content-layout-column\"><div class=\"fusion-text fusion-text-1\"><p>Der Begriff <strong>Pflegeberuf Job<\/strong> taucht \u00fcberall auf: in Stellenportalen, Social Media, Gespr\u00e4chen mit Freundinnen und Freunden. Gleichzeitig liest du von <strong>Fachkr\u00e4ftemangel, Pflegenotstand und st\u00e4ndig steigenden Anforderungen<\/strong>. Vielleicht fragst du dich: Ist ein Pflegeberuf wirklich ein <strong>sicherer Job<\/strong> f\u00fcr meine Zukunft \u2013 und unter welchen Bedingungen lohnt er sich? Als <strong>compassio-Team<\/strong> arbeiten wir seit 2005 in der station\u00e4ren und ambulanten Pflege und erleben t\u00e4glich, wie sich der Arbeitsmarkt ver\u00e4ndert. In diesem Beitrag zeigen wir dir, warum ein Pflegeberuf langfristig Stabilit\u00e4t, Sinn und Entwicklungschancen bietet, welche konkreten Perspektiven du bei compassio hast und wie du deinen Weg in die Pflege startest \u2013 egal, ob als Azubi, erfahrene Pflegefachkraft oder Quereinsteigerin.<\/p>\n<h2>Pflegeberuf: Mehr als \u201enur ein Job\u201c<\/h2>\n<p>Pflege z\u00e4hlt zu den krisensichersten Branchen. Die Zahl der pflegebed\u00fcrftigen Menschen steigt seit Jahren, w\u00e4hrend die Arbeitsmarktreserve in Pflegeberufen sinkt. F\u00fcr dich bedeutet das: <strong>Deine Qualifikation bleibt gefragt \u2013 unabh\u00e4ngig von Konjunktur, Branche oder Standort.<\/strong><\/p>\n<p>Ein moderner Pflegeberuf bietet dir:<\/p>\n<\/div><ul style=\"--awb-item-padding-top:10px;--awb-item-padding-left:25px;--awb-iconcolor:var(--awb-color4);--awb-line-height:27.2px;--awb-icon-width:27.2px;--awb-icon-height:27.2px;--awb-icon-margin:11.2px;--awb-content-margin:38.4px;--awb-circlecolor:hsla(var(--awb-color4-h),var(--awb-color4-s),var(--awb-color4-l),calc(var(--awb-color4-a) - 90%));--awb-circle-yes-font-size:14.08px;\" class=\"fusion-checklist fusion-checklist-1 type-icons\"><li class=\"fusion-li-item\" style=\"\"><span class=\"icon-wrapper circle-yes\"><i class=\"fusion-li-icon awb-magazine-angle-right-solid\" aria-hidden=\"true\"><\/i><\/span><div class=\"fusion-li-item-content\">\n<p><strong>Stabile Besch\u00e4ftigung<\/strong> durch dauerhaft hohe Nachfrage<\/p>\n<\/div><\/li><li class=\"fusion-li-item\" style=\"\"><span class=\"icon-wrapper circle-yes\"><i class=\"fusion-li-icon awb-magazine-angle-right-solid\" aria-hidden=\"true\"><\/i><\/span><div class=\"fusion-li-item-content\">\n<p><strong>Sinnvolle T\u00e4tigkeit<\/strong> \u201emit Menschen f\u00fcr Menschen\u201c<\/p>\n<\/div><\/li><li class=\"fusion-li-item\" style=\"\"><span class=\"icon-wrapper circle-yes\"><i class=\"fusion-li-icon awb-magazine-angle-right-solid\" aria-hidden=\"true\"><\/i><\/span><div class=\"fusion-li-item-content\">\n<p><strong>Vielf\u00e4ltige Einsatzfelder<\/strong> \u2013 von station\u00e4rer Altenpflege \u00fcber au\u00dferklinische Intensivpflege bis zur Tagespflege<\/p>\n<\/div><\/li><li class=\"fusion-li-item\" style=\"\"><span class=\"icon-wrapper circle-yes\"><i class=\"fusion-li-icon awb-magazine-angle-right-solid\" aria-hidden=\"true\"><\/i><\/span><div class=\"fusion-li-item-content\">\n<p><strong>Karrierepfade<\/strong> in Fach- und F\u00fchrungsrollen, z.\u202fB. Pflegefachkraft, Gerontofachkraft, Pflegedienstleitung oder Qualit\u00e4tsmanagement<\/p>\n<\/div><\/li><\/ul><div class=\"fusion-text fusion-text-2\"><p>Bei <strong>compassio <\/strong>erlebst du Pflege in modernen Einrichtungen mit <strong>digitaler Dokumentation, klaren Prozessen und einem starken Team<\/strong> im R\u00fccken. Dadurch entsteht Raum f\u00fcr das, was dich in einem Pflegeberuf wirklich motiviert: Zuwendung, N\u00e4he und professionelle Unterst\u00fctzung f\u00fcr Bewohnerinnen und Bewohner.<\/p>\n<\/div><div class=\"fusion-image-element \" style=\"--awb-caption-title-font-family:var(--h2_typography-font-family);--awb-caption-title-font-weight:var(--h2_typography-font-weight);--awb-caption-title-font-style:var(--h2_typography-font-style);--awb-caption-title-size:var(--h2_typography-font-size);--awb-caption-title-transform:var(--h2_typography-text-transform);--awb-caption-title-line-height:var(--h2_typography-line-height);--awb-caption-title-letter-spacing:var(--h2_typography-letter-spacing);\"><span class=\" fusion-imageframe imageframe-none imageframe-1 hover-type-none\"><img decoding=\"async\" width=\"800\" height=\"600\" alt=\"Frau mit Blumenstrau\u00df und Einblendung mit Symbol.\" title=\"Zuschl\u00e4ge und Erfolge bei Compassio.\" src=\"https:\/\/karriere.compassio.de\/magazin\/wp-content\/uploads\/2026\/04\/18.png\" data-orig-src=\"https:\/\/karriere.compassio.de\/magazin\/wp-content\/uploads\/2026\/04\/18.png\" class=\"lazyload img-responsive wp-image-2140\" srcset=\"data:image\/svg+xml,%3Csvg%20xmlns%3D%27http%3A%2F%2Fwww.w3.org%2F2000%2Fsvg%27%20width%3D%27800%27%20height%3D%27600%27%20viewBox%3D%270%200%20800%20600%27%3E%3Crect%20width%3D%27800%27%20height%3D%27600%27%20fill-opacity%3D%220%22%2F%3E%3C%2Fsvg%3E\" data-srcset=\"https:\/\/karriere.compassio.de\/magazin\/wp-content\/uploads\/2026\/04\/18-200x150.png 200w, https:\/\/karriere.compassio.de\/magazin\/wp-content\/uploads\/2026\/04\/18-400x300.png 400w, https:\/\/karriere.compassio.de\/magazin\/wp-content\/uploads\/2026\/04\/18-600x450.png 600w, https:\/\/karriere.compassio.de\/magazin\/wp-content\/uploads\/2026\/04\/18.png 800w\" data-sizes=\"auto\" data-orig-sizes=\"(max-width: 800px) 100vw, 800px\" \/><\/span><\/div><div class=\"fusion-text fusion-text-3\"><h2>Pflegeberuf Job: Welche Jobs in der Pflege gibt es bei compassio?<\/h2>\n<p>Wenn du \u201epflegeberuf job\u201c googelst, bekommst du eine un\u00fcberschaubare Menge an Stellenanzeigen: Pflegefachkraft, Pflegehilfskraft, Alltagsbegleiterin, Springer, au\u00dferklinische Intensivpflege. Wir strukturieren das f\u00fcr dich und geben dir einen \u00dcberblick, welche Rollen bei compassio eine zentrale Rolle spielen.<\/p>\n<h3>Pflegefachkraft: Herzst\u00fcck unserer Teams<\/h3>\n<p>Als Pflegefachfrau oder Pflegefachmann \u00fcbernimmst du die <strong>umfassende, ganzheitliche Betreuung der Bewohnerinnen und Bewohner<\/strong>. Du planst und steuerst Pflegeprozesse, f\u00fchrst Behandlungspflege durch, leitest Kolleginnen und Kollegen an und bist <strong>zentrale Ansprechperson<\/strong> f\u00fcr Angeh\u00f6rige und \u00c4rztinnen. Auf unserer Seite <a href=\"https:\/\/karriere.compassio.de\/pflege\/pflegefachkraft\/\">Pflegefachkraft bei compassio<\/a> findest du detaillierte Informationen zu Aufgabenprofil, Karrierewegen und aktuellen Stellenangeboten.<\/p>\n<h3>Pflegehilfskraft und Pflegeassistenz: Einstieg mit Verantwortung<\/h3>\n<p>Als Pflegehilfskraft unterst\u00fctzt du in der Grundpflege, in der <strong>Alltagsbegleitung <\/strong>und in der Aktivierung. Viele nutzen den Job als Einstieg in die Pflege, um sp\u00e4ter eine Ausbildung zur Pflegefachkraft zu starten. Wir haben eine eigene Seite f\u00fcr <a href=\"https:\/\/karriere.compassio.de\/pflege\/pflegehilfskraft\/\">Jobs als Pflegehilfskraft<\/a>, auf der du siehst, wie dein Alltag aussieht, welche <strong>Qualifikationen <\/strong>sinnvoll sind und welche Weiterbildungsm\u00f6glichkeiten du hast.<\/p>\n<h3>Spezialisierungen: Gerontofachkraft, Intensivpflege, Betreuung<\/h3>\n<p>F\u00fcr viele Kolleginnen und Kollegen ist der Pflegeberuf erst der Anfang. Spezialrollen bieten dir <strong>tieferes Fachwissen, planbare Karrierewege<\/strong> und h\u00e4ufig auch eine h\u00f6here Verg\u00fctung. Bei compassio geh\u00f6ren dazu unter anderem:<\/p>\n<ul>\n<li><strong>Gerontofachkraft<\/strong> mit Schwerpunkt Demenz und Alterspsychiatrie \u2013 mehr dazu auf unserer Seite <a href=\"https:\/\/karriere.compassio.de\/pflege\/gerontofachkraft\/\">Gerontofachkraft<\/a><\/li>\n<li><strong>Ergotherapeut und Betreuungsassistent<\/strong>, wenn du Bewohnerinnen im Alltag aktivieren und begleiten willst \u2013 Infos findest du auf <a href=\"https:\/\/karriere.compassio.de\/pflege\/ergotherapeut-betreuungsassistent\/\">Ergotherapie und Betreuung<\/a><\/li>\n<li><strong>Au\u00dferklinische Intensivpflege<\/strong>, bei der du Menschen mit hohem Pflegebedarf professionell versorgst \u2013 Details dazu auf <a href=\"https:\/\/karriere.compassio.de\/pflege\/ausserklinische-intensivpflege\/\">Au\u00dferklinische Intensivpflege<\/a><\/li>\n<\/ul>\n<h3>F\u00fchrung und Organisation: Wenn du mehr gestalten willst<\/h3>\n<p>Ein moderner Pflegeberuf bietet weit mehr als die direkte Versorgung, da die Karrierewege heute weit \u00fcber die T\u00e4tigkeit \u201eam Bett\u201c hinausreichen und vielf\u00e4ltige <strong>Entwicklungsm\u00f6glichkeiten in F\u00fchrungspositionen<\/strong> er\u00f6ffnen. Ambitionierte Pflegekr\u00e4fte k\u00f6nnen gezielt Verantwortung als Wohnbereichsleitung, <a href=\"https:\/\/karriere.compassio.de\/fuehrungskraefte\/pflegedienstleitung-2\/\">Pflegedienstleitung<\/a> oder sogar <a href=\"https:\/\/karriere.compassio.de\/fuehrungskraefte\/einrichtungsleitung\/\">Einrichtungsleitung<\/a> \u00fcbernehmen, um die strategische Ausrichtung und <strong>Qualit\u00e4t eines gesamten Hauses<\/strong> ma\u00dfgeblich mitzugestalten und weiterzuentwickeln.<\/p>\n<h3>Ausbildung, Quereinstieg und Neustart: So kommst du in den Pflegeberuf<\/h3>\n<p>Der Einstieg in einen zukunftssicheren Pflegeberuf bei compassio ist \u00fcber vielf\u00e4ltige Wege m\u00f6glich und wird durch eine strukturierte Begleitung sowie attraktive Rahmenbedingungen unterst\u00fctzt. W\u00e4hrend die <strong>generalistische <\/strong><a href=\"https:\/\/karriere.compassio.de\/starter\/ausbildung\/\"><strong>Pflegeausbildung<\/strong> <\/a>durch eine steigende Verg\u00fctung von bis zu 1.504 \u20ac brutto und erfahrene Praxisanleiter eine europaweit anerkannte Qualifikation bietet, erm\u00f6glicht der <a href=\"https:\/\/karriere.compassio.de\/pflege\/\"><strong>Quereinstieg<\/strong> <\/a>\u2013 oft gef\u00f6rdert durch das Qualifizierungschancengesetz mit Geh\u00e4ltern bis zu 2.400 \u20ac brutto \u2013 eine sinnstiftende zweite Karriere in einer krisenfesten Wachstumsbranche. F\u00fcr alle, die sich zun\u00e4chst orientieren m\u00f6chten, bieten Formate wie das <a href=\"https:\/\/karriere.compassio.de\/starter\/freiwilliges-soziales-jahr\/\"><strong>Freiwillige Soziale Jahr (FSJ)<\/strong><\/a>, der <a href=\"https:\/\/karriere.compassio.de\/starter\/bundesfreiwilligendienst\/\">Bundesfreiwilligendienst <\/a>oder gezielte <a href=\"https:\/\/karriere.compassio.de\/starter\/praktikum\/\">Praktika <\/a>die ideale Gelegenheit, den Pflegealltag hautnah kennenzulernen und erste wertvolle Praxiserfahrungen in einem starken bundesweiten Netzwerk zu sammeln.<\/p>\n<\/div><div class=\"fusion-image-element \" style=\"--awb-caption-title-font-family:var(--h2_typography-font-family);--awb-caption-title-font-weight:var(--h2_typography-font-weight);--awb-caption-title-font-style:var(--h2_typography-font-style);--awb-caption-title-size:var(--h2_typography-font-size);--awb-caption-title-transform:var(--h2_typography-text-transform);--awb-caption-title-line-height:var(--h2_typography-line-height);--awb-caption-title-letter-spacing:var(--h2_typography-letter-spacing);\"><span class=\" fusion-imageframe imageframe-none imageframe-2 hover-type-none\"><img decoding=\"async\" width=\"800\" height=\"600\" alt=\"Menschen halten Puzzleteile zusammen.\" title=\"Symbolbild Teamarbeit.\" src=\"https:\/\/karriere.compassio.de\/magazin\/wp-content\/uploads\/2026\/04\/11.png\" data-orig-src=\"https:\/\/karriere.compassio.de\/magazin\/wp-content\/uploads\/2026\/04\/11.png\" class=\"lazyload img-responsive wp-image-2138\" srcset=\"data:image\/svg+xml,%3Csvg%20xmlns%3D%27http%3A%2F%2Fwww.w3.org%2F2000%2Fsvg%27%20width%3D%27800%27%20height%3D%27600%27%20viewBox%3D%270%200%20800%20600%27%3E%3Crect%20width%3D%27800%27%20height%3D%27600%27%20fill-opacity%3D%220%22%2F%3E%3C%2Fsvg%3E\" data-srcset=\"https:\/\/karriere.compassio.de\/magazin\/wp-content\/uploads\/2026\/04\/11-200x150.png 200w, https:\/\/karriere.compassio.de\/magazin\/wp-content\/uploads\/2026\/04\/11-400x300.png 400w, https:\/\/karriere.compassio.de\/magazin\/wp-content\/uploads\/2026\/04\/11-600x450.png 600w, https:\/\/karriere.compassio.de\/magazin\/wp-content\/uploads\/2026\/04\/11.png 800w\" data-sizes=\"auto\" data-orig-sizes=\"(max-width: 800px) 100vw, 800px\" \/><\/span><\/div><div class=\"fusion-text fusion-text-4\"><h2>Job-Sicherheit in der Pflege: Zahlen, Trends und was sie f\u00fcr dich bedeuten<\/h2>\n<p>Obwohl die Diskussion um den Pflegenotstand oft abschreckend wirkt, bedeutet sie f\u00fcr dich vor allem eine langfristige <strong>Arbeitsplatzsicherheit in einem krisenfesten Sektor<\/strong>, da die Zahl der pflegebed\u00fcrftigen Menschen laut aktuellen Prognosen bis 2055 massiv ansteigen wird. Diese demografische Entwicklung f\u00fchrt dazu, dass deine Expertise gefragter ist denn je, was dir hervorragende Verhandlungsspielr\u00e4ume bei Arbeitszeitmodellen sowie echte Wahlm\u00f6glichkeiten zwischen verschiedenen Standorten und Einrichtungsgr\u00f6\u00dfen er\u00f6ffnet. Mit einem bundesweiten Netzwerk von \u00fcber 100 Standorten bietet dir compassio dabei die Stabilit\u00e4t eines <strong>starken Arbeitgebers mit langfristigen Perspektiven<\/strong>, der dir auch in wirtschaftlich dynamischen Zeiten einen sicheren R\u00fcckhalt bietet.<\/p>\n<h2>Gehalt, Tarif ZEITENWENDE und Benefits: Wie sich dein Einsatz lohnt<\/h2>\n<p>Ein moderner Pflegeberuf lebt von fairen Bedingungen. compassio setzt sich mit dem innovativen Tarif <strong>ZEITENWENDE<\/strong> f\u00fcr eine bessere Bezahlung im Pflegebereich ein. Damit setzen wir das Tariftreuegesetz um und orientieren uns am politischen Ziel, Pflegekr\u00e4fte finanziell st\u00e4rker zu honorieren.<\/p>\n<h3>Verg\u00fctung und Entwicklung im \u00dcberblick<\/h3>\n<div>\n<p>In einem Pflegeberuf bei compassio erwartet dich eine strukturierte berufliche Laufbahn, die von der ersten Orientierung bis hin zu verantwortungsvollen F\u00fchrungspositionen attraktive Perspektiven bietet. W\u00e4hrend Einsteiger im Rahmen eines FSJ oder Praktikums wertvolle Einblicke und Anleitung erhalten, profitieren Auszubildende zur Pflegefachperson von einer <strong>stetig steigenden Verg\u00fctung<\/strong>, die im dritten Jahr bis zu 1.504 \u20ac brutto erreicht und durch gezielte Fortbildungen sowie klare \u00dcbernahmeoptionen erg\u00e4nzt wird.<\/p>\n<p>F\u00fcr examinierte Fachkr\u00e4fte sichert der moderne <strong>ZEITENWENDE-Tarif<\/strong> eine deutlich verbesserte Bezahlung sowie attraktive Zuschl\u00e4ge und ebnet den Weg f\u00fcr spezialisierte Weiterentwicklungen, beispielsweise in der Intensivpflege oder als Gerontofachkraft. Wer den Schritt in die F\u00fchrungsebene geht, etwa als Wohnbereichs- oder Einrichtungsleitung, \u00fcbernimmt nicht nur eine Schl\u00fcsselrolle in der Unternehmenssteuerung, sondern profitiert auch von speziellen Verantwortungszulagen und umfangreichen Benefits, die den Kurs aktueller Gehaltssteigerungen im Pflegesektor konsequent fortsetzen.<\/p>\n<\/div>\n<h3>Benefits, die deinen Pflegeberuf alltagstauglich machen<\/h3>\n<p>Gehalt allein reicht nicht, damit du in einem pflegeberuf job langfristig zufrieden bleibst. Deshalb legen wir gro\u00dfen Wert auf Benefits, die Alltag und Zukunft absichern:<\/p>\n<\/div><ul style=\"--awb-item-padding-top:10px;--awb-item-padding-left:25px;--awb-iconcolor:var(--awb-color4);--awb-line-height:27.2px;--awb-icon-width:27.2px;--awb-icon-height:27.2px;--awb-icon-margin:11.2px;--awb-content-margin:38.4px;--awb-circlecolor:hsla(var(--awb-color4-h),var(--awb-color4-s),var(--awb-color4-l),calc(var(--awb-color4-a) - 90%));--awb-circle-yes-font-size:14.08px;\" class=\"fusion-checklist fusion-checklist-2 type-icons\"><li class=\"fusion-li-item\" style=\"\"><span class=\"icon-wrapper circle-yes\"><i class=\"fusion-li-icon awb-magazine-angle-right-solid\" aria-hidden=\"true\"><\/i><\/span><div class=\"fusion-li-item-content\">\n<p><strong>JobRad-Leasing<\/strong> und Mobilit\u00e4tsl\u00f6sungen f\u00fcr deinen Weg zur Arbeit<\/p>\n<\/div><\/li><li class=\"fusion-li-item\" style=\"\"><span class=\"icon-wrapper circle-yes\"><i class=\"fusion-li-icon awb-magazine-angle-right-solid\" aria-hidden=\"true\"><\/i><\/span><div class=\"fusion-li-item-content\">\n<p><strong>Strukturiertes Fort- und Weiterbildungsprogramm<\/strong> f\u00fcr alle Karrierestufen<\/p>\n<\/div><\/li><li class=\"fusion-li-item\" style=\"\"><span class=\"icon-wrapper circle-yes\"><i class=\"fusion-li-icon awb-magazine-angle-right-solid\" aria-hidden=\"true\"><\/i><\/span><div class=\"fusion-li-item-content\">\n<p><strong>Wertsch\u00e4tzung im Alltag<\/strong> durch Jubil\u00e4ums- und Geburtstagsaktivit\u00e4ten<\/p>\n<\/div><\/li><li class=\"fusion-li-item\" style=\"\"><span class=\"icon-wrapper circle-yes\"><i class=\"fusion-li-icon awb-magazine-angle-right-solid\" aria-hidden=\"true\"><\/i><\/span><div class=\"fusion-li-item-content\">\n<p><strong>Vielf\u00e4ltige Arbeitszeitmodelle<\/strong>, von Vollzeit bis Teilzeit, in Absprache mit deinem Team<\/p>\n<\/div><\/li><\/ul><div class=\"fusion-text fusion-text-5\"><h2>Arbeitsalltag in der Pflege: Realit\u00e4t zwischen Belastung und Leichtigkeit<\/h2>\n<p><strong>Pflege ist anspruchsvoll<\/strong> \u2013 k\u00f6rperlich und emotional. Gleichzeitig berichten viele Kolleginnen, dass sie in keinem anderen Beruf so deutlich sp\u00fcren, wie <strong>sinnvoll <\/strong>ihre Arbeit ist. Stimmen aus Praxis, Studien und Communitys zeigen ein ambivalentes Bild: hohe Belastung, aber auch starke Bindung an den Beruf. F\u00fcr uns als Arbeitgeber bedeutet das, dass wir <strong>konkrete Rahmenbedingungen<\/strong> schaffen, die deinen Alltag tragf\u00e4hig machen.<\/p>\n<h3>Moderne Infrastruktur und digitale Unterst\u00fctzung<\/h3>\n<p>In unseren Einrichtungen arbeitest du mit:<\/p>\n<\/div><ul style=\"--awb-item-padding-top:10px;--awb-item-padding-left:25px;--awb-iconcolor:var(--awb-color4);--awb-line-height:27.2px;--awb-icon-width:27.2px;--awb-icon-height:27.2px;--awb-icon-margin:11.2px;--awb-content-margin:38.4px;--awb-circlecolor:hsla(var(--awb-color4-h),var(--awb-color4-s),var(--awb-color4-l),calc(var(--awb-color4-a) - 90%));--awb-circle-yes-font-size:14.08px;\" class=\"fusion-checklist fusion-checklist-3 type-icons\"><li class=\"fusion-li-item\" style=\"\"><span class=\"icon-wrapper circle-yes\"><i class=\"fusion-li-icon awb-magazine-angle-right-solid\" aria-hidden=\"true\"><\/i><\/span><div class=\"fusion-li-item-content\">\n<p><strong>Digitaler Pflegedokumentation<\/strong>, die auf Tablets oder PCs l\u00e4uft und dich entlastet<\/p>\n<\/div><\/li><li class=\"fusion-li-item\" style=\"\"><span class=\"icon-wrapper circle-yes\"><i class=\"fusion-li-icon awb-magazine-angle-right-solid\" aria-hidden=\"true\"><\/i><\/span><div class=\"fusion-li-item-content\">\n<p><strong>Ergonomischen Hilfsmitteln<\/strong> wie Lifter- und Transfersystemen, um k\u00f6rperliche Belastungen zu reduzieren<\/p>\n<\/div><\/li><li class=\"fusion-li-item\" style=\"\"><span class=\"icon-wrapper circle-yes\"><i class=\"fusion-li-icon awb-magazine-angle-right-solid\" aria-hidden=\"true\"><\/i><\/span><div class=\"fusion-li-item-content\">\n<p><strong>Modernen Geb\u00e4uden<\/strong> in Kooperation mit Partnern wie der Cureus GmbH, die auf Komfort und Barrierefreiheit setzen<\/p>\n<\/div><\/li><\/ul><div class=\"fusion-text fusion-text-6\"><p><span style=\"font-size: 16px;\">So entsteht ein Pflegealltag, in dem du Fachlichkeit leben kannst, statt dich in Papierarbeit oder unstrukturierten Prozessen zu verlieren.<\/span><\/p>\n<h3>Teamkultur: Leichtigkeit statt Angst im Dienst<\/h3>\n<p>Wir verstehen uns als <strong>moderner Arbeitgeber mit Leichtigkeit<\/strong> als Kernwert. Das sp\u00fcrst du im Alltag durch:<\/p>\n<\/div><ul style=\"--awb-item-padding-top:10px;--awb-item-padding-left:25px;--awb-iconcolor:var(--awb-color4);--awb-line-height:27.2px;--awb-icon-width:27.2px;--awb-icon-height:27.2px;--awb-icon-margin:11.2px;--awb-content-margin:38.4px;--awb-circlecolor:hsla(var(--awb-color4-h),var(--awb-color4-s),var(--awb-color4-l),calc(var(--awb-color4-a) - 90%));--awb-circle-yes-font-size:14.08px;\" class=\"fusion-checklist fusion-checklist-4 type-icons\"><li class=\"fusion-li-item\" style=\"\"><span class=\"icon-wrapper circle-yes\"><i class=\"fusion-li-icon awb-magazine-angle-right-solid\" aria-hidden=\"true\"><\/i><\/span><div class=\"fusion-li-item-content\">\n<p>Offene Feedback- und Gespr\u00e4chskultur, um Probleme fr\u00fchzeitig anzusprechen<\/p>\n<\/div><\/li><li class=\"fusion-li-item\" style=\"\"><span class=\"icon-wrapper circle-yes\"><i class=\"fusion-li-icon awb-magazine-angle-right-solid\" aria-hidden=\"true\"><\/i><\/span><div class=\"fusion-li-item-content\">\n<p>Teams, die neue Kolleginnen aktiv aufnehmen und Wissen teilen<\/p>\n<\/div><\/li><li class=\"fusion-li-item\" style=\"\"><span class=\"icon-wrapper circle-yes\"><i class=\"fusion-li-icon awb-magazine-angle-right-solid\" aria-hidden=\"true\"><\/i><\/span><div class=\"fusion-li-item-content\">\n<p>F\u00fchrungskr\u00e4fte, die moderne Steuerungstools nutzen, um Dienste fair zu planen und Belastung zu verteilen<\/p>\n<\/div><\/li><\/ul><div class=\"fusion-text fusion-text-7\"><p><span style=\"font-size: 16px;\">Ein P<\/span><strong style=\"font-size: 16px;\">flegeberufjob<\/strong><span style=\"font-size: 16px;\"> bei compassio bedeutet: Du gehst nicht alleine durch herausfordernde Situationen, sondern arbeitest in einem Team, das zusammenh\u00e4lt.<\/span><\/p>\n<\/div><div class=\"fusion-image-element \" style=\"--awb-caption-title-font-family:var(--h2_typography-font-family);--awb-caption-title-font-weight:var(--h2_typography-font-weight);--awb-caption-title-font-style:var(--h2_typography-font-style);--awb-caption-title-size:var(--h2_typography-font-size);--awb-caption-title-transform:var(--h2_typography-text-transform);--awb-caption-title-line-height:var(--h2_typography-line-height);--awb-caption-title-letter-spacing:var(--h2_typography-letter-spacing);\"><span class=\" fusion-imageframe imageframe-none imageframe-3 hover-type-none\"><img decoding=\"async\" width=\"800\" height=\"600\" alt=\"Gl\u00fccklicher Mensch zeigt mit Finger in die Kamera.\" title=\"Mitarbeiterportr\u00e4t Compassio\" src=\"https:\/\/karriere.compassio.de\/magazin\/wp-content\/uploads\/2026\/04\/8.png\" data-orig-src=\"https:\/\/karriere.compassio.de\/magazin\/wp-content\/uploads\/2026\/04\/8.png\" class=\"lazyload img-responsive wp-image-2135\" srcset=\"data:image\/svg+xml,%3Csvg%20xmlns%3D%27http%3A%2F%2Fwww.w3.org%2F2000%2Fsvg%27%20width%3D%27800%27%20height%3D%27600%27%20viewBox%3D%270%200%20800%20600%27%3E%3Crect%20width%3D%27800%27%20height%3D%27600%27%20fill-opacity%3D%220%22%2F%3E%3C%2Fsvg%3E\" data-srcset=\"https:\/\/karriere.compassio.de\/magazin\/wp-content\/uploads\/2026\/04\/8-200x150.png 200w, https:\/\/karriere.compassio.de\/magazin\/wp-content\/uploads\/2026\/04\/8-400x300.png 400w, https:\/\/karriere.compassio.de\/magazin\/wp-content\/uploads\/2026\/04\/8-600x450.png 600w, https:\/\/karriere.compassio.de\/magazin\/wp-content\/uploads\/2026\/04\/8.png 800w\" data-sizes=\"auto\" data-orig-sizes=\"(max-width: 800px) 100vw, 800px\" \/><\/span><\/div><div class=\"fusion-text fusion-text-8\"><h2>Wie du den passenden Pflegeberuf Job bei compassio findest<\/h2>\n<p>Ein sicherer Beruf f\u00fcr die Zukunft beginnt mit der passenden Stelle. Damit du nicht im Dschungel aus Stellenanzeigen, Portalen und Suchbegriffen wie \u201ePflegekraft Stellenangebote in der N\u00e4he\u201c die Orientierung verlierst, b\u00fcndelt unser Karriereportal alle Informationen an einem Ort.<\/p>\n<h3>Schritt f\u00fcr Schritt zum passenden Job<\/h3>\n<ol>\n<li><strong>Kl\u00e4re deine Rolle:<\/strong> M\u00f6chtest du als Pflegefachkraft, Pflegehilfskraft, Azubi, Quereinsteigerin oder im FSJ starten?<\/li>\n<li><strong>Lege deine Rahmenbedingungen fest:<\/strong> Vollzeit, Teilzeit, bestimmte Region, Wunschschichten.<\/li>\n<li><strong>Nutze unsere Stellen\u00fcbersicht:<\/strong> Auf <a href=\"https:\/\/karriere.compassio.de\/stellen\/\">aktuelle Stellenangebote<\/a> findest du alle offenen Jobs in unseren Einrichtungen \u2013 sortierbar nach Standort und Funktion.<\/li>\n<li><strong>Informiere dich \u00fcber Berufsprofile:<\/strong> Unsere \u00dcbersichtsseiten zu <a href=\"https:\/\/karriere.compassio.de\/pflege\/\">Pflege Jobs<\/a>, <a href=\"https:\/\/karriere.compassio.de\/starter\/ausbildung\/\">Ausbildung<\/a> und <a href=\"https:\/\/karriere.compassio.de\/starter\/bundesfreiwilligendienst\/\">Bundesfreiwilligendienst<\/a> helfen dir bei der Entscheidung.<\/li>\n<li><strong>Starte deine Bewerbung:<\/strong> \u00dcber unser <a href=\"https:\/\/karriere.compassio.de\/bewerbung\/\">Online-Bewerbungsformular<\/a> reichst du deine Unterlagen schnell ein und bleibst \u00fcber alle Schritte informiert.<\/li>\n<\/ol>\n<h3>Pers\u00f6nlicher Kontakt: Wir beantworten deine Fragen<\/h3>\n<p>Du hast konkrete Fragen zur Arbeitszeit, zu Entwicklungsm\u00f6glichkeiten oder zu einem bestimmten Standort? \u00dcber unsere Seite <a href=\"https:\/\/karriere.compassio.de\/kontakt\/\">Kontakt<\/a> erreichst du unser Recruiting-Team. Gemeinsam kl\u00e4ren wir, welcher pflegeberuf job in unser Netzwerk und zu deinem Lebensentwurf passt.<\/p>\n<\/div><div class=\"fusion-title title fusion-title-1 fusion-sep-none fusion-title-text fusion-title-size-three\" style=\"--awb-margin-top-small:10px;--awb-margin-right-small:0px;--awb-margin-bottom-small:10px;--awb-margin-left-small:0px;\"><h3 class=\"fusion-title-heading title-heading-left\" style=\"margin:0;\"><\/h3><\/div><\/div><\/div><\/div><\/div>\n","protected":false},"excerpt":{"rendered":"<p>Vielleicht fragst du dich: Ist ein Pflegeberuf wirklich ein sicherer Job f\u00fcr meine Zukunft \u2013 und unter welchen Bedingungen lohnt er sich?<\/p>\n","protected":false},"author":3,"featured_media":2132,"comment_status":"open","ping_status":"open","sticky":false,"template":"","format":"standard","meta":{"footnotes":""},"categories":[66,65],"tags":[72,70],"class_list":["post-2095","post","type-post","status-publish","format-standard","has-post-thumbnail","hentry","category-ausbildung-in-der-pflege","category-karriere-in-der-pflege","tag-karriere","tag-pflege"],"yoast_head":"<!-- This site is optimized with the Yoast SEO plugin v27.4 - https:\/\/yoast.com\/product\/yoast-seo-wordpress\/ -->\n<title>Pflegeberuf Job: Starte deine sinnvolle Karriere<\/title>\n<meta name=\"description\" content=\"Entdecke jetzt deinen Pflegeberuf Job bei compassio. Moderne Verg\u00fctung, starke Benefits und sichere Perspektiven im Team \u2013 gestalte Pflege mit Sinn.\" \/>\n<meta name=\"robots\" content=\"index, follow, max-snippet:-1, max-image-preview:large, max-video-preview:-1\" \/>\n<link rel=\"canonical\" href=\"https:\/\/karriere.compassio.de\/magazin\/pflegeberuf-job-starte-deine-sinnvolle-karriere\/\" \/>\n<meta property=\"og:locale\" content=\"de_DE\" \/>\n<meta property=\"og:type\" content=\"article\" \/>\n<meta property=\"og:title\" content=\"Pflegeberuf Job: Starte deine sinnvolle Karriere\" \/>\n<meta property=\"og:description\" content=\"Entdecke jetzt deinen Pflegeberuf Job bei compassio. Moderne Verg\u00fctung, starke Benefits und sichere Perspektiven im Team \u2013 gestalte Pflege mit Sinn.\" \/>\n<meta property=\"og:url\" content=\"https:\/\/karriere.compassio.de\/magazin\/pflegeberuf-job-starte-deine-sinnvolle-karriere\/\" \/>\n<meta property=\"og:site_name\" content=\"Avada Magazine\" \/>\n<meta property=\"article:publisher\" content=\"https:\/\/www.facebook.com\/compassiokarriere\/\" \/>\n<meta property=\"article:published_time\" content=\"2026-04-01T10:40:32+00:00\" \/>\n<meta property=\"article:modified_time\" content=\"2026-04-27T11:44:20+00:00\" \/>\n<meta property=\"og:image\" content=\"https:\/\/karriere.compassio.de\/magazin\/wp-content\/uploads\/2026\/04\/5.png\" \/>\n\t<meta property=\"og:image:width\" content=\"800\" \/>\n\t<meta property=\"og:image:height\" content=\"600\" \/>\n\t<meta property=\"og:image:type\" content=\"image\/png\" \/>\n<meta name=\"author\" content=\"Vanessa Angrick\" \/>\n<meta name=\"twitter:card\" content=\"summary_large_image\" \/>\n<meta name=\"twitter:label1\" content=\"Verfasst von\" \/>\n\t<meta name=\"twitter:data1\" content=\"Vanessa Angrick\" \/>\n\t<meta name=\"twitter:label2\" content=\"Gesch\u00e4tzte Lesezeit\" \/>\n\t<meta name=\"twitter:data2\" content=\"9\u00a0Minuten\" \/>\n<script type=\"application\/ld+json\" class=\"yoast-schema-graph\">{\"@context\":\"https:\\\/\\\/schema.org\",\"@graph\":[{\"@type\":\"Article\",\"@id\":\"https:\\\/\\\/karriere.compassio.de\\\/magazin\\\/pflegeberuf-job-starte-deine-sinnvolle-karriere\\\/#article\",\"isPartOf\":{\"@id\":\"https:\\\/\\\/karriere.compassio.de\\\/magazin\\\/pflegeberuf-job-starte-deine-sinnvolle-karriere\\\/\"},\"author\":{\"name\":\"Vanessa Angrick\",\"@id\":\"https:\\\/\\\/karriere.compassio.de\\\/magazin\\\/#\\\/schema\\\/person\\\/f82989bad171edfe2367aab4b6602eff\"},\"headline\":\"Pflegeberuf Job: Starte deine sinnvolle Karriere\",\"datePublished\":\"2026-04-01T10:40:32+00:00\",\"dateModified\":\"2026-04-27T11:44:20+00:00\",\"mainEntityOfPage\":{\"@id\":\"https:\\\/\\\/karriere.compassio.de\\\/magazin\\\/pflegeberuf-job-starte-deine-sinnvolle-karriere\\\/\"},\"wordCount\":3444,\"commentCount\":0,\"publisher\":{\"@id\":\"https:\\\/\\\/karriere.compassio.de\\\/magazin\\\/#organization\"},\"image\":{\"@id\":\"https:\\\/\\\/karriere.compassio.de\\\/magazin\\\/pflegeberuf-job-starte-deine-sinnvolle-karriere\\\/#primaryimage\"},\"thumbnailUrl\":\"https:\\\/\\\/karriere.compassio.de\\\/magazin\\\/wp-content\\\/uploads\\\/2026\\\/04\\\/5.png\",\"keywords\":[\"Karriere\",\"Pflege\"],\"articleSection\":[\"Ausbildung in der Pflege\",\"Karriere in der Pflege\"],\"inLanguage\":\"de\",\"potentialAction\":[{\"@type\":\"CommentAction\",\"name\":\"Comment\",\"target\":[\"https:\\\/\\\/karriere.compassio.de\\\/magazin\\\/pflegeberuf-job-starte-deine-sinnvolle-karriere\\\/#respond\"]}]},{\"@type\":\"WebPage\",\"@id\":\"https:\\\/\\\/karriere.compassio.de\\\/magazin\\\/pflegeberuf-job-starte-deine-sinnvolle-karriere\\\/\",\"url\":\"https:\\\/\\\/karriere.compassio.de\\\/magazin\\\/pflegeberuf-job-starte-deine-sinnvolle-karriere\\\/\",\"name\":\"Pflegeberuf Job: Starte deine sinnvolle Karriere\",\"isPartOf\":{\"@id\":\"https:\\\/\\\/karriere.compassio.de\\\/magazin\\\/#website\"},\"primaryImageOfPage\":{\"@id\":\"https:\\\/\\\/karriere.compassio.de\\\/magazin\\\/pflegeberuf-job-starte-deine-sinnvolle-karriere\\\/#primaryimage\"},\"image\":{\"@id\":\"https:\\\/\\\/karriere.compassio.de\\\/magazin\\\/pflegeberuf-job-starte-deine-sinnvolle-karriere\\\/#primaryimage\"},\"thumbnailUrl\":\"https:\\\/\\\/karriere.compassio.de\\\/magazin\\\/wp-content\\\/uploads\\\/2026\\\/04\\\/5.png\",\"datePublished\":\"2026-04-01T10:40:32+00:00\",\"dateModified\":\"2026-04-27T11:44:20+00:00\",\"description\":\"Entdecke jetzt deinen Pflegeberuf Job bei compassio. Moderne Verg\u00fctung, starke Benefits und sichere Perspektiven im Team \u2013 gestalte Pflege mit Sinn.\",\"breadcrumb\":{\"@id\":\"https:\\\/\\\/karriere.compassio.de\\\/magazin\\\/pflegeberuf-job-starte-deine-sinnvolle-karriere\\\/#breadcrumb\"},\"inLanguage\":\"de\",\"potentialAction\":[{\"@type\":\"ReadAction\",\"target\":[\"https:\\\/\\\/karriere.compassio.de\\\/magazin\\\/pflegeberuf-job-starte-deine-sinnvolle-karriere\\\/\"]}]},{\"@type\":\"ImageObject\",\"inLanguage\":\"de\",\"@id\":\"https:\\\/\\\/karriere.compassio.de\\\/magazin\\\/pflegeberuf-job-starte-deine-sinnvolle-karriere\\\/#primaryimage\",\"url\":\"https:\\\/\\\/karriere.compassio.de\\\/magazin\\\/wp-content\\\/uploads\\\/2026\\\/04\\\/5.png\",\"contentUrl\":\"https:\\\/\\\/karriere.compassio.de\\\/magazin\\\/wp-content\\\/uploads\\\/2026\\\/04\\\/5.png\",\"width\":800,\"height\":600,\"caption\":\"Gl\u00fcckliche Menschen posieren mit W\u00fcrfel in der Hand.\"},{\"@type\":\"BreadcrumbList\",\"@id\":\"https:\\\/\\\/karriere.compassio.de\\\/magazin\\\/pflegeberuf-job-starte-deine-sinnvolle-karriere\\\/#breadcrumb\",\"itemListElement\":[{\"@type\":\"ListItem\",\"position\":1,\"name\":\"Start\",\"item\":\"https:\\\/\\\/karriere.compassio.de\\\/magazin\\\/\"},{\"@type\":\"ListItem\",\"position\":2,\"name\":\"Pflegeberuf Job: Starte deine sinnvolle Karriere\"}]},{\"@type\":\"WebSite\",\"@id\":\"https:\\\/\\\/karriere.compassio.de\\\/magazin\\\/#website\",\"url\":\"https:\\\/\\\/karriere.compassio.de\\\/magazin\\\/\",\"name\":\"compassio Karriere Magazin\",\"description\":\"\",\"publisher\":{\"@id\":\"https:\\\/\\\/karriere.compassio.de\\\/magazin\\\/#organization\"},\"potentialAction\":[{\"@type\":\"SearchAction\",\"target\":{\"@type\":\"EntryPoint\",\"urlTemplate\":\"https:\\\/\\\/karriere.compassio.de\\\/magazin\\\/?s={search_term_string}\"},\"query-input\":{\"@type\":\"PropertyValueSpecification\",\"valueRequired\":true,\"valueName\":\"search_term_string\"}}],\"inLanguage\":\"de\"},{\"@type\":\"Organization\",\"@id\":\"https:\\\/\\\/karriere.compassio.de\\\/magazin\\\/#organization\",\"name\":\"compassio Karriere\",\"url\":\"https:\\\/\\\/karriere.compassio.de\\\/magazin\\\/\",\"logo\":{\"@type\":\"ImageObject\",\"inLanguage\":\"de\",\"@id\":\"https:\\\/\\\/karriere.compassio.de\\\/magazin\\\/#\\\/schema\\\/logo\\\/image\\\/\",\"url\":\"https:\\\/\\\/karriere.compassio.de\\\/magazin\\\/wp-content\\\/uploads\\\/2026\\\/03\\\/logo.png\",\"contentUrl\":\"https:\\\/\\\/karriere.compassio.de\\\/magazin\\\/wp-content\\\/uploads\\\/2026\\\/03\\\/logo.png\",\"width\":952,\"height\":348,\"caption\":\"compassio Karriere\"},\"image\":{\"@id\":\"https:\\\/\\\/karriere.compassio.de\\\/magazin\\\/#\\\/schema\\\/logo\\\/image\\\/\"},\"sameAs\":[\"https:\\\/\\\/www.facebook.com\\\/compassiokarriere\\\/\"]},{\"@type\":\"Person\",\"@id\":\"https:\\\/\\\/karriere.compassio.de\\\/magazin\\\/#\\\/schema\\\/person\\\/f82989bad171edfe2367aab4b6602eff\",\"name\":\"Vanessa Angrick\",\"image\":{\"@type\":\"ImageObject\",\"inLanguage\":\"de\",\"@id\":\"https:\\\/\\\/secure.gravatar.com\\\/avatar\\\/a954875a6c9d925c6a81849d6229350a9ad62f3583dc3627aa42a030b0b2777e?s=96&d=mm&r=g\",\"url\":\"https:\\\/\\\/secure.gravatar.com\\\/avatar\\\/a954875a6c9d925c6a81849d6229350a9ad62f3583dc3627aa42a030b0b2777e?s=96&d=mm&r=g\",\"contentUrl\":\"https:\\\/\\\/secure.gravatar.com\\\/avatar\\\/a954875a6c9d925c6a81849d6229350a9ad62f3583dc3627aa42a030b0b2777e?s=96&d=mm&r=g\",\"caption\":\"Vanessa Angrick\"}}]}<\/script>\n<!-- \/ Yoast SEO plugin. -->","yoast_head_json":{"title":"Pflegeberuf Job: Starte deine sinnvolle Karriere","description":"Entdecke jetzt deinen Pflegeberuf Job bei compassio. Moderne Verg\u00fctung, starke Benefits und sichere Perspektiven im Team \u2013 gestalte Pflege mit Sinn.","robots":{"index":"index","follow":"follow","max-snippet":"max-snippet:-1","max-image-preview":"max-image-preview:large","max-video-preview":"max-video-preview:-1"},"canonical":"https:\/\/karriere.compassio.de\/magazin\/pflegeberuf-job-starte-deine-sinnvolle-karriere\/","og_locale":"de_DE","og_type":"article","og_title":"Pflegeberuf Job: Starte deine sinnvolle Karriere","og_description":"Entdecke jetzt deinen Pflegeberuf Job bei compassio. Moderne Verg\u00fctung, starke Benefits und sichere Perspektiven im Team \u2013 gestalte Pflege mit Sinn.","og_url":"https:\/\/karriere.compassio.de\/magazin\/pflegeberuf-job-starte-deine-sinnvolle-karriere\/","og_site_name":"Avada Magazine","article_publisher":"https:\/\/www.facebook.com\/compassiokarriere\/","article_published_time":"2026-04-01T10:40:32+00:00","article_modified_time":"2026-04-27T11:44:20+00:00","og_image":[{"width":800,"height":600,"url":"https:\/\/karriere.compassio.de\/magazin\/wp-content\/uploads\/2026\/04\/5.png","type":"image\/png"}],"author":"Vanessa Angrick","twitter_card":"summary_large_image","twitter_misc":{"Verfasst von":"Vanessa Angrick","Gesch\u00e4tzte Lesezeit":"9\u00a0Minuten"},"schema":{"@context":"https:\/\/schema.org","@graph":[{"@type":"Article","@id":"https:\/\/karriere.compassio.de\/magazin\/pflegeberuf-job-starte-deine-sinnvolle-karriere\/#article","isPartOf":{"@id":"https:\/\/karriere.compassio.de\/magazin\/pflegeberuf-job-starte-deine-sinnvolle-karriere\/"},"author":{"name":"Vanessa Angrick","@id":"https:\/\/karriere.compassio.de\/magazin\/#\/schema\/person\/f82989bad171edfe2367aab4b6602eff"},"headline":"Pflegeberuf Job: Starte deine sinnvolle Karriere","datePublished":"2026-04-01T10:40:32+00:00","dateModified":"2026-04-27T11:44:20+00:00","mainEntityOfPage":{"@id":"https:\/\/karriere.compassio.de\/magazin\/pflegeberuf-job-starte-deine-sinnvolle-karriere\/"},"wordCount":3444,"commentCount":0,"publisher":{"@id":"https:\/\/karriere.compassio.de\/magazin\/#organization"},"image":{"@id":"https:\/\/karriere.compassio.de\/magazin\/pflegeberuf-job-starte-deine-sinnvolle-karriere\/#primaryimage"},"thumbnailUrl":"https:\/\/karriere.compassio.de\/magazin\/wp-content\/uploads\/2026\/04\/5.png","keywords":["Karriere","Pflege"],"articleSection":["Ausbildung in der Pflege","Karriere in der Pflege"],"inLanguage":"de","potentialAction":[{"@type":"CommentAction","name":"Comment","target":["https:\/\/karriere.compassio.de\/magazin\/pflegeberuf-job-starte-deine-sinnvolle-karriere\/#respond"]}]},{"@type":"WebPage","@id":"https:\/\/karriere.compassio.de\/magazin\/pflegeberuf-job-starte-deine-sinnvolle-karriere\/","url":"https:\/\/karriere.compassio.de\/magazin\/pflegeberuf-job-starte-deine-sinnvolle-karriere\/","name":"Pflegeberuf Job: Starte deine sinnvolle Karriere","isPartOf":{"@id":"https:\/\/karriere.compassio.de\/magazin\/#website"},"primaryImageOfPage":{"@id":"https:\/\/karriere.compassio.de\/magazin\/pflegeberuf-job-starte-deine-sinnvolle-karriere\/#primaryimage"},"image":{"@id":"https:\/\/karriere.compassio.de\/magazin\/pflegeberuf-job-starte-deine-sinnvolle-karriere\/#primaryimage"},"thumbnailUrl":"https:\/\/karriere.compassio.de\/magazin\/wp-content\/uploads\/2026\/04\/5.png","datePublished":"2026-04-01T10:40:32+00:00","dateModified":"2026-04-27T11:44:20+00:00","description":"Entdecke jetzt deinen Pflegeberuf Job bei compassio. Moderne Verg\u00fctung, starke Benefits und sichere Perspektiven im Team \u2013 gestalte Pflege mit Sinn.","breadcrumb":{"@id":"https:\/\/karriere.compassio.de\/magazin\/pflegeberuf-job-starte-deine-sinnvolle-karriere\/#breadcrumb"},"inLanguage":"de","potentialAction":[{"@type":"ReadAction","target":["https:\/\/karriere.compassio.de\/magazin\/pflegeberuf-job-starte-deine-sinnvolle-karriere\/"]}]},{"@type":"ImageObject","inLanguage":"de","@id":"https:\/\/karriere.compassio.de\/magazin\/pflegeberuf-job-starte-deine-sinnvolle-karriere\/#primaryimage","url":"https:\/\/karriere.compassio.de\/magazin\/wp-content\/uploads\/2026\/04\/5.png","contentUrl":"https:\/\/karriere.compassio.de\/magazin\/wp-content\/uploads\/2026\/04\/5.png","width":800,"height":600,"caption":"Gl\u00fcckliche Menschen posieren mit W\u00fcrfel in der Hand."},{"@type":"BreadcrumbList","@id":"https:\/\/karriere.compassio.de\/magazin\/pflegeberuf-job-starte-deine-sinnvolle-karriere\/#breadcrumb","itemListElement":[{"@type":"ListItem","position":1,"name":"Start","item":"https:\/\/karriere.compassio.de\/magazin\/"},{"@type":"ListItem","position":2,"name":"Pflegeberuf Job: Starte deine sinnvolle Karriere"}]},{"@type":"WebSite","@id":"https:\/\/karriere.compassio.de\/magazin\/#website","url":"https:\/\/karriere.compassio.de\/magazin\/","name":"compassio Karriere Magazin","description":"","publisher":{"@id":"https:\/\/karriere.compassio.de\/magazin\/#organization"},"potentialAction":[{"@type":"SearchAction","target":{"@type":"EntryPoint","urlTemplate":"https:\/\/karriere.compassio.de\/magazin\/?s={search_term_string}"},"query-input":{"@type":"PropertyValueSpecification","valueRequired":true,"valueName":"search_term_string"}}],"inLanguage":"de"},{"@type":"Organization","@id":"https:\/\/karriere.compassio.de\/magazin\/#organization","name":"compassio Karriere","url":"https:\/\/karriere.compassio.de\/magazin\/","logo":{"@type":"ImageObject","inLanguage":"de","@id":"https:\/\/karriere.compassio.de\/magazin\/#\/schema\/logo\/image\/","url":"https:\/\/karriere.compassio.de\/magazin\/wp-content\/uploads\/2026\/03\/logo.png","contentUrl":"https:\/\/karriere.compassio.de\/magazin\/wp-content\/uploads\/2026\/03\/logo.png","width":952,"height":348,"caption":"compassio Karriere"},"image":{"@id":"https:\/\/karriere.compassio.de\/magazin\/#\/schema\/logo\/image\/"},"sameAs":["https:\/\/www.facebook.com\/compassiokarriere\/"]},{"@type":"Person","@id":"https:\/\/karriere.compassio.de\/magazin\/#\/schema\/person\/f82989bad171edfe2367aab4b6602eff","name":"Vanessa Angrick","image":{"@type":"ImageObject","inLanguage":"de","@id":"https:\/\/secure.gravatar.com\/avatar\/a954875a6c9d925c6a81849d6229350a9ad62f3583dc3627aa42a030b0b2777e?s=96&d=mm&r=g","url":"https:\/\/secure.gravatar.com\/avatar\/a954875a6c9d925c6a81849d6229350a9ad62f3583dc3627aa42a030b0b2777e?s=96&d=mm&r=g","contentUrl":"https:\/\/secure.gravatar.com\/avatar\/a954875a6c9d925c6a81849d6229350a9ad62f3583dc3627aa42a030b0b2777e?s=96&d=mm&r=g","caption":"Vanessa Angrick"}}]}},"_links":{"self":[{"href":"https:\/\/karriere.compassio.de\/magazin\/wp-json\/wp\/v2\/posts\/2095","targetHints":{"allow":["GET"]}}],"collection":[{"href":"https:\/\/karriere.compassio.de\/magazin\/wp-json\/wp\/v2\/posts"}],"about":[{"href":"https:\/\/karriere.compassio.de\/magazin\/wp-json\/wp\/v2\/types\/post"}],"author":[{"embeddable":true,"href":"https:\/\/karriere.compassio.de\/magazin\/wp-json\/wp\/v2\/users\/3"}],"replies":[{"embeddable":true,"href":"https:\/\/karriere.compassio.de\/magazin\/wp-json\/wp\/v2\/comments?post=2095"}],"version-history":[{"count":10,"href":"https:\/\/karriere.compassio.de\/magazin\/wp-json\/wp\/v2\/posts\/2095\/revisions"}],"predecessor-version":[{"id":2371,"href":"https:\/\/karriere.compassio.de\/magazin\/wp-json\/wp\/v2\/posts\/2095\/revisions\/2371"}],"wp:featuredmedia":[{"embeddable":true,"href":"https:\/\/karriere.compassio.de\/magazin\/wp-json\/wp\/v2\/media\/2132"}],"wp:attachment":[{"href":"https:\/\/karriere.compassio.de\/magazin\/wp-json\/wp\/v2\/media?parent=2095"}],"wp:term":[{"taxonomy":"category","embeddable":true,"href":"https:\/\/karriere.compassio.de\/magazin\/wp-json\/wp\/v2\/categories?post=2095"},{"taxonomy":"post_tag","embeddable":true,"href":"https:\/\/karriere.compassio.de\/magazin\/wp-json\/wp\/v2\/tags?post=2095"}],"curies":[{"name":"wp","href":"https:\/\/api.w.org\/{rel}","templated":true}]}}