{"id":2099,"date":"2026-04-01T10:40:09","date_gmt":"2026-04-01T10:40:09","guid":{"rendered":"https:\/\/karriere.compassio.de\/magazin\/?p=2099"},"modified":"2026-04-27T13:45:44","modified_gmt":"2026-04-27T11:45:44","slug":"umschulung-pflege-starte-jetzt-neu-in-der-pflege","status":"publish","type":"post","link":"https:\/\/karriere.compassio.de\/magazin\/umschulung-pflege-starte-jetzt-neu-in-der-pflege\/","title":{"rendered":"Umschulung Pflege: Starte jetzt neu in der Pflege"},"content":{"rendered":"<div class=\"fusion-fullwidth fullwidth-box fusion-builder-row-1 fusion-flex-container has-pattern-background has-mask-background nonhundred-percent-fullwidth non-hundred-percent-height-scrolling\" style=\"--awb-border-radius-top-left:0px;--awb-border-radius-top-right:0px;--awb-border-radius-bottom-right:0px;--awb-border-radius-bottom-left:0px;--awb-flex-wrap:wrap;\" ><div class=\"fusion-builder-row fusion-row fusion-flex-align-items-flex-start fusion-flex-content-wrap\" style=\"max-width:1302px;margin-left: calc(-5% \/ 2 );margin-right: calc(-5% \/ 2 );\"><div class=\"fusion-layout-column fusion_builder_column fusion-builder-column-0 fusion_builder_column_1_1 1_1 fusion-flex-column\" style=\"--awb-bg-size:cover;--awb-width-large:100%;--awb-margin-top-large:0px;--awb-spacing-right-large:100px;--awb-margin-bottom-large:0px;--awb-spacing-left-large:100px;--awb-width-medium:100%;--awb-order-medium:0;--awb-spacing-right-medium:100px;--awb-spacing-left-medium:100px;--awb-width-small:100%;--awb-order-small:0;--awb-spacing-right-small:2.375%;--awb-spacing-left-small:2.375%;\"><div class=\"fusion-column-wrapper fusion-column-has-shadow fusion-flex-justify-content-flex-start fusion-content-layout-column\"><div class=\"fusion-text fusion-text-1\"><p>Der Begriff <strong>Umschulung Pflege<\/strong> taucht \u00fcberall auf: in Stellenportalen, bei der Arbeitsagentur, in Social Media. Viele Menschen aus ganz unterschiedlichen Berufen fragen sich: \u201ePasst Pflege zu mir \u2013 und wie komme ich dort an?\u201c In diesem Beitrag geben wir dir als Team von compassio einen klaren, praxisnahen \u00dcberblick dar\u00fcber, wie eine Umschulung in die Pflege abl\u00e4uft, welche Voraussetzungen du brauchst, wie lange das Ganze dauert und wie du die Umschulung finanzierst. <strong>Unser Ziel:<\/strong> Du gehst nach dem Lesen mit einem realistischen Bild, konkreten n\u00e4chsten Schritten und einem guten Gef\u00fchl daf\u00fcr aus dem Text, ob der Beruf zu dir passt \u2013 und welche M\u00f6glichkeiten du bei compassio hast.<\/p>\n<h2>Umschulung in die Pflege: Warum es so attraktiv ist<\/h2>\n<p>Wenn du \u00fcber eine berufliche Ver\u00e4nderung nachdenkst, suchst du mehr als einen \u201eJob\u201c. Du suchst Sicherheit, Entwicklungsm\u00f6glichkeiten und das Gef\u00fchl, dass deine Arbeit Sinn hat. Eine <strong>Umschulung Pflege<\/strong> verbindet genau diese Punkte:<\/p>\n<\/div><ul style=\"--awb-item-padding-top:10px;--awb-item-padding-left:25px;--awb-iconcolor:var(--awb-color4);--awb-line-height:27.2px;--awb-icon-width:27.2px;--awb-icon-height:27.2px;--awb-icon-margin:11.2px;--awb-content-margin:38.4px;--awb-circlecolor:hsla(var(--awb-color4-h),var(--awb-color4-s),var(--awb-color4-l),calc(var(--awb-color4-a) - 90%));--awb-circle-yes-font-size:14.08px;\" class=\"fusion-checklist fusion-checklist-1 type-icons\"><li class=\"fusion-li-item\" style=\"\"><span class=\"icon-wrapper circle-yes\"><i class=\"fusion-li-icon awb-magazine-angle-right-solid\" aria-hidden=\"true\"><\/i><\/span><div class=\"fusion-li-item-content\">\n<p>Pflegekr\u00e4fte werden bundesweit gesucht, in St\u00e4dten und l\u00e4ndlichen Regionen.<\/p>\n<\/div><\/li><li class=\"fusion-li-item\" style=\"\"><span class=\"icon-wrapper circle-yes\"><i class=\"fusion-li-icon awb-magazine-angle-right-solid\" aria-hidden=\"true\"><\/i><\/span><div class=\"fusion-li-item-content\">\n<p>Pflege bietet klare Karrierewege \u2013 von der Pflegehilfskraft \u00fcber die Pflegefachkraft bis zur F\u00fchrungskraft.<\/p>\n<\/div><\/li><li class=\"fusion-li-item\" style=\"\"><span class=\"icon-wrapper circle-yes\"><i class=\"fusion-li-icon awb-magazine-angle-right-solid\" aria-hidden=\"true\"><\/i><\/span><div class=\"fusion-li-item-content\">\n<p>Mit dem Qualifizierungschancengesetz und weiteren F\u00f6rderprogrammen stehen dir starke F\u00f6rderm\u00f6glichkeiten offen, wenn du deinen bisherigen Beruf hinter dir l\u00e4sst und einen neuen Abschluss in der Pflege erwirbst.<\/p>\n<\/div><\/li><\/ul><div class=\"fusion-text fusion-text-2\"><p>Als einer der gro\u00dfen Pflegeanbieter in Deutschland mit einem dichten Netz moderner Einrichtungen und einem innovativen Verg\u00fctungssystem ZEITENWENDE erleben wir t\u00e4glich, wie Quereinsteiger in der Pflege nicht nur einen neuen Beruf beginnen, sondern eine neue berufliche Identit\u00e4t entwickeln.<\/p>\n<\/div><div class=\"fusion-image-element \" style=\"--awb-caption-title-font-family:var(--h2_typography-font-family);--awb-caption-title-font-weight:var(--h2_typography-font-weight);--awb-caption-title-font-style:var(--h2_typography-font-style);--awb-caption-title-size:var(--h2_typography-font-size);--awb-caption-title-transform:var(--h2_typography-text-transform);--awb-caption-title-line-height:var(--h2_typography-line-height);--awb-caption-title-letter-spacing:var(--h2_typography-letter-spacing);\"><span class=\" fusion-imageframe imageframe-none imageframe-1 hover-type-none\"><img decoding=\"async\" width=\"800\" height=\"600\" alt=\"Gl\u00fcckliche Mitarbeiter mit Pose.\" title=\"Teamfoto Compassio\" src=\"https:\/\/karriere.compassio.de\/magazin\/wp-content\/uploads\/2026\/04\/1.png\" data-orig-src=\"https:\/\/karriere.compassio.de\/magazin\/wp-content\/uploads\/2026\/04\/1.png\" class=\"lazyload img-responsive wp-image-2128\" srcset=\"data:image\/svg+xml,%3Csvg%20xmlns%3D%27http%3A%2F%2Fwww.w3.org%2F2000%2Fsvg%27%20width%3D%27800%27%20height%3D%27600%27%20viewBox%3D%270%200%20800%20600%27%3E%3Crect%20width%3D%27800%27%20height%3D%27600%27%20fill-opacity%3D%220%22%2F%3E%3C%2Fsvg%3E\" data-srcset=\"https:\/\/karriere.compassio.de\/magazin\/wp-content\/uploads\/2026\/04\/1-200x150.png 200w, https:\/\/karriere.compassio.de\/magazin\/wp-content\/uploads\/2026\/04\/1-400x300.png 400w, https:\/\/karriere.compassio.de\/magazin\/wp-content\/uploads\/2026\/04\/1-600x450.png 600w, https:\/\/karriere.compassio.de\/magazin\/wp-content\/uploads\/2026\/04\/1.png 800w\" data-sizes=\"auto\" data-orig-sizes=\"(max-width: 800px) 100vw, 800px\" \/><\/span><\/div><div class=\"fusion-text fusion-text-3\"><h2>Welche Wege gibt es f\u00fcr deine Umschulung in die Pflege?<\/h2>\n<p>Unter dem Stichwort <strong>Umschulung Pflege<\/strong> verbergen sich verschiedene Qualifizierungswege. Wichtig ist, dass du den Pfad findest, der zu deiner Vorbildung, deiner Lebenssituation und deinen Zielen passt.<\/p>\n<h3>Umschulung zur Pflegefachfrau \/ zum Pflegefachmann (generalistisch)<\/h3>\n<p>Inhaltlich ist die Umschulung zur Pflegefachkraft identisch mit der regul\u00e4ren dreij\u00e4hrigen Ausbildung und f\u00fchrt zu einem <strong>vollwertigen, staatlich anerkannten Berufsabschluss<\/strong>. Mit dieser Qualifikation stehen dir vielf\u00e4ltige Einsatzgebiete offen, die von der station\u00e4ren Altenpflege und ambulanten Diensten bis hin zur Arbeit in Krankenh\u00e4usern, Reha-Kliniken oder der spezialisierten <strong>au\u00dferklinischen Intensivpflege<\/strong> reichen.<\/p>\n<p><strong>Wichtig:<\/strong> Laut Bundesagentur f\u00fcr Arbeit und Fachschultr\u00e4gern handelt es sich bei der Umschulung zur Pflegefachkraft in der Regel um eine verk\u00fcrzte, aber inhaltlich identische Form der generalistischen Pflegeausbildung.<\/p>\n<h3>Umschulung oder Einstieg als Pflegehelfer \/ Pflegehilfskraft<\/h3>\n<p>Wenn du dir noch unsicher bist oder dein Schulabschluss nicht direkt f\u00fcr die Pflegefachkraft-Ausbildung ausreicht, kann eine <strong>Qualifizierung als Pflegehelferin<\/strong> oder <strong>Pflegehilfskraft <\/strong>ein idealer Einstieg sein. Du unterst\u00fctzt Pflegefachkr\u00e4fte im Alltag, \u00fcbernimmst Grundpflege, Begleitung und einfache dokumentarische Aufgaben. Eine T\u00e4tigkeit als<strong> Pflegehilfskraft bei compassio<\/strong> oder eine entsprechende Qualifizierung legst du bei Interesse sp\u00e4ter zu einer Ausbildung oder Umschulung als Pflegefachkraft nach. Informationen zu Rollen und Entwicklungspfaden findest du auf unserer Seite zu <a href=\"https:\/\/karriere.compassio.de\/pflege\/pflegehilfskraft\/\">Pflegehilfskraft-Jobs bei compassio<\/a>.<\/p>\n<h3>Berufsbegleitende und \u201eonline\u201c organisierte Umschulung Pflege<\/h3>\n<p>Gerade f\u00fcr Erwachsene mit Familie spielt die Frage \u201e<strong>Umschulung Pflege berufsbegleitend<\/strong>\u201c eine gro\u00dfe Rolle. Hier ist wichtig:<\/p>\n<\/div><ul style=\"--awb-item-padding-top:10px;--awb-item-padding-left:25px;--awb-iconcolor:var(--awb-color4);--awb-line-height:27.2px;--awb-icon-width:27.2px;--awb-icon-height:27.2px;--awb-icon-margin:11.2px;--awb-content-margin:38.4px;--awb-circlecolor:hsla(var(--awb-color4-h),var(--awb-color4-s),var(--awb-color4-l),calc(var(--awb-color4-a) - 90%));--awb-circle-yes-font-size:14.08px;\" class=\"fusion-checklist fusion-checklist-2 type-icons\"><li class=\"fusion-li-item\" style=\"\"><span class=\"icon-wrapper circle-yes\"><i class=\"fusion-li-icon awb-magazine-angle-right-solid\" aria-hidden=\"true\"><\/i><\/span><div class=\"fusion-li-item-content\">\n<p>Die Ausbildung zur Pflegefachkraft ist eine <strong>staatlich geregelte, \u00fcberwiegend schulische und praktische Ausbildung<\/strong> mit festen Praxiszeiten in Einrichtungen.<\/p>\n<\/div><\/li><li class=\"fusion-li-item\" style=\"\"><span class=\"icon-wrapper circle-yes\"><i class=\"fusion-li-icon awb-magazine-angle-right-solid\" aria-hidden=\"true\"><\/i><\/span><div class=\"fusion-li-item-content\">\n<p>Reine \u201eOnline-Umschulung Pflegefachkraft\u201c gibt es deshalb nicht. Digitale Lernformen erg\u00e4nzen aber zunehmend den Unterricht.<\/p>\n<\/div><\/li><li class=\"fusion-li-item\" style=\"\"><span class=\"icon-wrapper circle-yes\"><i class=\"fusion-li-icon awb-magazine-angle-right-solid\" aria-hidden=\"true\"><\/i><\/span><div class=\"fusion-li-item-content\">\n<p>Einzelne Bildungstr\u00e4ger organisieren Teile der Theorie als E-Learning oder Fernunterricht. Der praktische Teil findet immer in Einrichtungen statt.<\/p>\n<\/div><\/li><\/ul><div class=\"fusion-text fusion-text-4\"><p>Berufsbegleitende Modelle richten sich meist an Personen, die bereits im Pflegebereich arbeiten, etwa als Pflegehelferin, und sich zur Fachkraft weiterqualifizieren.<\/p>\n<h2>Dauer: Wie lange dauert eine Umschulung in der Pflege?<\/h2>\n<p>Die Dauer einer Umschulung in der Pflege richtet sich nach dem angestrebten Abschluss und deiner beruflichen Vorbildung, wobei der Weg zur <strong>staatlich anerkannten Pflegefachkraft<\/strong> in Vollzeit \u00fcblicherweise zwei bis drei Jahre in Anspruch nimmt. Wer zun\u00e4chst eine Basisqualifikation als Pflegehelfer anstrebt, kann diesen Weg je nach Bundesland und Modell bereits in ein bis zwei Jahren abschlie\u00dfen, beh\u00e4lt jedoch stets die Option offen, sich sp\u00e4ter zur Fachkraft weiterzubilden. F\u00fcr bereits t\u00e4tige Hilfskr\u00e4fte bietet sich zudem eine <strong>berufsbegleitende Qualifizierung<\/strong> an, die oft \u00fcber drei Jahre in Teilzeitmodellen verl\u00e4uft und in enger Abstimmung mit dem Arbeitgeber sowie der Fachschule den Aufstieg zur examinierten Pflegefachkraft erm\u00f6glicht.<\/p>\n<p><strong>Merke:<\/strong> Umschulung zur Pflegefachkraft ist kein Kurzprojekt von ein paar Monaten. Du entscheidest dich f\u00fcr einen vollwertigen Berufsabschluss \u2013 mit gro\u00dfer Wirkung auf deine weitere Laufbahn.<\/p>\n<\/div><div class=\"fusion-image-element \" style=\"--awb-caption-title-font-family:var(--h2_typography-font-family);--awb-caption-title-font-weight:var(--h2_typography-font-weight);--awb-caption-title-font-style:var(--h2_typography-font-style);--awb-caption-title-size:var(--h2_typography-font-size);--awb-caption-title-transform:var(--h2_typography-text-transform);--awb-caption-title-line-height:var(--h2_typography-line-height);--awb-caption-title-letter-spacing:var(--h2_typography-letter-spacing);\"><span class=\" fusion-imageframe imageframe-none imageframe-2 hover-type-none\"><img decoding=\"async\" width=\"2560\" height=\"1429\" alt=\"Gefaltete H\u00e4nde und Grafiken.\" title=\"Symbolbild Benefits (1)\" src=\"https:\/\/karriere.compassio.de\/magazin\/wp-content\/uploads\/2026\/04\/Gemini_Generated_Image_iwh2bjiwh2bjiwh2-1-scaled.png\" data-orig-src=\"https:\/\/karriere.compassio.de\/magazin\/wp-content\/uploads\/2026\/04\/Gemini_Generated_Image_iwh2bjiwh2bjiwh2-1-scaled.png\" class=\"lazyload img-responsive wp-image-2144\" srcset=\"data:image\/svg+xml,%3Csvg%20xmlns%3D%27http%3A%2F%2Fwww.w3.org%2F2000%2Fsvg%27%20width%3D%272560%27%20height%3D%271429%27%20viewBox%3D%270%200%202560%201429%27%3E%3Crect%20width%3D%272560%27%20height%3D%271429%27%20fill-opacity%3D%220%22%2F%3E%3C%2Fsvg%3E\" data-srcset=\"https:\/\/karriere.compassio.de\/magazin\/wp-content\/uploads\/2026\/04\/Gemini_Generated_Image_iwh2bjiwh2bjiwh2-1-200x112.png 200w, https:\/\/karriere.compassio.de\/magazin\/wp-content\/uploads\/2026\/04\/Gemini_Generated_Image_iwh2bjiwh2bjiwh2-1-400x223.png 400w, https:\/\/karriere.compassio.de\/magazin\/wp-content\/uploads\/2026\/04\/Gemini_Generated_Image_iwh2bjiwh2bjiwh2-1-600x335.png 600w, https:\/\/karriere.compassio.de\/magazin\/wp-content\/uploads\/2026\/04\/Gemini_Generated_Image_iwh2bjiwh2bjiwh2-1-800x447.png 800w, https:\/\/karriere.compassio.de\/magazin\/wp-content\/uploads\/2026\/04\/Gemini_Generated_Image_iwh2bjiwh2bjiwh2-1-1200x670.png 1200w, https:\/\/karriere.compassio.de\/magazin\/wp-content\/uploads\/2026\/04\/Gemini_Generated_Image_iwh2bjiwh2bjiwh2-1-scaled.png 2560w\" data-sizes=\"auto\" data-orig-sizes=\"(max-width: 800px) 100vw, 1200px\" \/><\/span><\/div><div class=\"fusion-text fusion-text-5\"><h2>Welche Voraussetzungen brauchst du f\u00fcr die Umschulung in die Pflege?<\/h2>\n<p>Viele Interessierte geben in Suchmaschinen \u201e<strong>Umschulung Pflegefachkraft Voraussetzungen<\/strong>\u201c ein. Die genauen Zulassungskriterien regeln die Pflegeberufegesetze der Bundesl\u00e4nder; sie orientieren sich an den bundesrechtlichen Vorgaben. Typisch sind:<\/p>\n<p><strong>Schulische Voraussetzungen: <\/strong>F\u00fcr den Zugang zur generalistischen Ausbildung zur Pflegefachkraft ist in der Regel ein mittlerer Schulabschluss erforderlich, w\u00e4hrend Hauptschulabsolventen \u00fcber eine zus\u00e4tzliche zweij\u00e4hrige Berufsausbildung oder eine abgeschlossene Ausbildung in der <strong>Pflegefachhilfe<\/strong> quereinsteigen k\u00f6nnen. F\u00fcr die Qualifizierung zur Hilfskraft gen\u00fcgt meist ein Hauptschulabschluss, wobei einzelne Fachschulen erg\u00e4nzende Kriterien wie ein spezifisches <strong>Sprachniveau<\/strong> oder vorab geleistete Praktikumsnachweise festlegen k\u00f6nnen.<\/p>\n<p><strong>Gesundheitliche und pers\u00f6nliche Eignung: <\/strong>Neben der gesetzlich geforderten gesundheitlichen Eignung durch ein \u00e4rztliches Attest und der pers\u00f6nlichen Zuverl\u00e4ssigkeit mittels eines einwandfreien <strong>F\u00fchrungszeugnisses<\/strong> sind im Pflegealltag vor allem eine stabile emotionale Belastbarkeit und gute Deutschkenntnisse f\u00fcr die Dokumentation entscheidend. Einrichtungen legen zudem gro\u00dfen Wert auf eine ausgepr\u00e4gte Freude am Umgang mit Menschen sowie die Bereitschaft, sich flexibel in das System der <strong>Schichtarbeit<\/strong> zu integrieren.<\/p>\n<p><strong>Vorerfahrung: Muss man schon in der Pflege gearbeitet haben?: <\/strong>Obwohl Vorerfahrungen im Gesundheitswesen den Einstieg erleichtern, ist ein direkter Quereinstieg aus v\u00f6llig fachfremden Branchen wie dem Handel oder der Gastronomie problemlos m\u00f6glich, da vor allem die mitgebrachte <strong>Lebenserfahrung<\/strong> z\u00e4hlt. Um vorab ein realistisches Bild des Berufs zu gewinnen, empfiehlt sich ein kurzes Praktikum, ein Freiwilligendienst oder ein <strong>Probearbeiten<\/strong>, um die t\u00e4glichen Abl\u00e4ufe und die Atmosph\u00e4re in einer station\u00e4ren Einrichtung hautnah zu erleben.<\/p>\n<p>Bei compassio bieten wir dir dazu klare Einstiegspfade \u2013 etwa \u00fcber unser <a href=\"https:\/\/karriere.compassio.de\/starter\/freiwilliges-soziales-jahr\/\">Freiwilliges Soziales Jahr in der Pflege<\/a> oder den <a href=\"https:\/\/karriere.compassio.de\/starter\/bundesfreiwilligendienst\/\">Bundesfreiwilligendienst in unseren Einrichtungen<\/a>. So sp\u00fcrst du, ob der Pflegealltag zu dir passt, bevor du in eine Umschulung einsteigst.<\/p>\n<h2>Finanzierung und F\u00f6rderung: Wer bezahlt deine Umschulung in die Pflege?<\/h2>\n<p>Ein zentraler Punkt beim Thema \u201e<strong>Umschulung Pflege F\u00f6rderung<\/strong>\u201c lautet: Wie finanziere ich mich in dieser Zeit \u2013 und wer tr\u00e4gt die Kosten f\u00fcr Schule und Pr\u00fcfungen?<\/p>\n<h3>F\u00f6rderung durch Arbeitsagentur und Jobcenter<\/h3>\n<p>Die Umschulung zur Pflegefachkraft oder Pflegehilfskraft gilt in der Regel als <strong>abschlussorientierte Weiterbildung<\/strong> nach dem Dritten Buch Sozialgesetzbuch. Unter bestimmten Voraussetzungen \u00fcbernehmen Agenturen f\u00fcr Arbeit oder Jobcenter:<\/p>\n<ul>\n<li>Lehrgangskosten (Schule, Pr\u00fcfungsgeb\u00fchren)<\/li>\n<li>Fahrtkosten<\/li>\n<li>Kosten f\u00fcr Lernmittel<\/li>\n<li>Kinderbetreuungskosten<\/li>\n<li>und zahlen zus\u00e4tzlich ein Unterhaltsgeld bzw. gleichen Unterschiede zum fr\u00fcheren Einkommen teilweise aus.<\/li>\n<\/ul>\n<p>In vielen F\u00e4llen l\u00e4uft die <strong>F\u00f6rderung \u00fcber einen Bildungsgutschein<\/strong>. Details h\u00e4ngen von deinem bisherigen Erwerbsverlauf, deinem Alter und deiner Arbeitsmarktsituation ab.<\/p>\n<h3>Qualifizierungschancengesetz f\u00fcr Besch\u00e4ftigte<\/h3>\n<p>Wenn du aktuell besch\u00e4ftigt bist und dich in der Pflege neu ausrichten willst, kann das Qualifizierungschancengesetz ein wichtiger Hebel sein. Es erm\u00f6glicht gef\u00f6rderte Umschulungen zum Erwerb eines <strong>Berufsabschlusses <\/strong>\u2013 darunter auch zur Pflegefachfrau bzw. zum Pflegefachmann \u2013 inklusive anteiliger oder voller <strong>\u00dcbernahme der Lehrgangskosten<\/strong> und Zusch\u00fcsse zum Arbeitsentgelt. \u00a0Viele Arbeitgeber nutzen diese Option, um Mitarbeitende f\u00fcr Zukunftsbereiche wie Pflege zu qualifizieren. Gerade in einem <strong>gro\u00dfen Pflegeverbund wie compassio <\/strong>ergeben sich damit <strong>echte Perspektiven<\/strong> f\u00fcr Angestellte, die ihren bisherigen T\u00e4tigkeitsbereich wechseln.<\/p>\n<h3>Ausbildungsverg\u00fctung und spezielle Regelungen in der Pflege<\/h3>\n<p>Der gro\u00dfe Unterschied zu vielen anderen Umschulungen: In der Pflege erh\u00e4ltst du im Rahmen der <strong>Ausbildung zur Pflegefachfrau \/ zum Pflegefachmann<\/strong> in der Regel eine Ausbildungsverg\u00fctung. Bei compassio liegen die durchschnittlichen <strong>monatlichen Bruttoverg\u00fctungen<\/strong> aktuell bei:<\/p>\n<ul>\n<li>1.341 \u20ac im 1. Jahr<\/li>\n<li>1.403 \u20ac im 2. Jahr<\/li>\n<li>1.504 \u20ac im 3. Jahr<\/li>\n<\/ul>\n<p>F\u00fcr Zweitausbildungen \u00fcber das <strong>Qualifizierungschancengesetz <\/strong>sind \u2013 je nach individueller F\u00f6rderkonstellation \u2013 sogar monatliche Geh\u00e4lter bis zu 2.400 \u20ac brutto m\u00f6glich. In Kombination mit F\u00f6rderleistungen der Arbeitsagentur ergibt sich damit ein stabiles finanzielles Fundament w\u00e4hrend deiner <strong>Umschulung Pflege<\/strong>.<\/p>\n<\/div><div class=\"fusion-image-element \" style=\"--awb-caption-title-font-family:var(--h2_typography-font-family);--awb-caption-title-font-weight:var(--h2_typography-font-weight);--awb-caption-title-font-style:var(--h2_typography-font-style);--awb-caption-title-size:var(--h2_typography-font-size);--awb-caption-title-transform:var(--h2_typography-text-transform);--awb-caption-title-line-height:var(--h2_typography-line-height);--awb-caption-title-letter-spacing:var(--h2_typography-letter-spacing);\"><span class=\" fusion-imageframe imageframe-none imageframe-3 hover-type-none\"><img decoding=\"async\" width=\"800\" height=\"600\" alt=\"Gl\u00fcckliche Menschen posieren mit W\u00fcrfel in der Hand.\" title=\"F\u00fcrsorge und Freude bei Compassio.\" src=\"https:\/\/karriere.compassio.de\/magazin\/wp-content\/uploads\/2026\/04\/5.png\" data-orig-src=\"https:\/\/karriere.compassio.de\/magazin\/wp-content\/uploads\/2026\/04\/5.png\" class=\"lazyload img-responsive wp-image-2132\" srcset=\"data:image\/svg+xml,%3Csvg%20xmlns%3D%27http%3A%2F%2Fwww.w3.org%2F2000%2Fsvg%27%20width%3D%27800%27%20height%3D%27600%27%20viewBox%3D%270%200%20800%20600%27%3E%3Crect%20width%3D%27800%27%20height%3D%27600%27%20fill-opacity%3D%220%22%2F%3E%3C%2Fsvg%3E\" data-srcset=\"https:\/\/karriere.compassio.de\/magazin\/wp-content\/uploads\/2026\/04\/5-200x150.png 200w, https:\/\/karriere.compassio.de\/magazin\/wp-content\/uploads\/2026\/04\/5-400x300.png 400w, https:\/\/karriere.compassio.de\/magazin\/wp-content\/uploads\/2026\/04\/5-600x450.png 600w, https:\/\/karriere.compassio.de\/magazin\/wp-content\/uploads\/2026\/04\/5.png 800w\" data-sizes=\"auto\" data-orig-sizes=\"(max-width: 800px) 100vw, 800px\" \/><\/span><\/div><div class=\"fusion-text fusion-text-6\"><h2><span style=\"font-size: 16px;\">Mit 40, 45 oder 50 in die Pflege wechseln \u2013 ist das realistisch?<\/span><\/h2>\n<p>Eine der typischen Fragen lautet: \u201e<strong>Ist man mit 40 zu alt f\u00fcr eine Umschulung?<\/strong>\u201c Gerade in der Pflege erleben wir t\u00e4glich das Gegenteil.<\/p>\n<p>F\u00fcr den Beruf entscheidend sind:<\/p>\n<ul>\n<li>stabile Gesundheit und eine gewisse k\u00f6rperliche Belastbarkeit<\/li>\n<li>Bereitschaft zum Lernen \u2013 theoretisch und praktisch<\/li>\n<li>Freude an Begegnungen mit \u00e4lteren Menschen, Angeh\u00f6rigen und Kolleginnen<\/li>\n<\/ul>\n<p>Viele <strong>Pflegeschulen <\/strong>und F\u00f6rderprogramme richten sich ausdr\u00fccklich an <strong>Erwachsene mit Berufserfahrung<\/strong>. Auch die Statistik zu F\u00f6rderf\u00e4llen nach dem Qualifizierungschancengesetz zeigt, dass Menschen im mittleren Erwerbsalter diese Chance intensiv nutzen, um einen <strong>vollwertigen Berufsabschluss nachzuholen<\/strong>. Als Arbeitgeber sch\u00e4tzen wir bei <strong>compassio <\/strong>Quereinsteigerinnen und Quereinsteiger in dieser Lebensphase besonders: Du bringst Ruhe, Lebenserfahrung und oft eine <strong>klare Motivation<\/strong> mit, dich noch einmal bewusst f\u00fcr einen <strong>Beruf mit Sinn<\/strong> zu entscheiden.<\/p>\n<h2>Karriere- und Entwicklungschancen nach der Umschulung<\/h2>\n<p>Mit einer erfolgreich abgeschlossenen <strong>Umschulung in die Pflege<\/strong> \u00f6ffnest du dir zahlreiche T\u00fcren:<\/p>\n<ul>\n<li><strong>Fachlaufbahn<\/strong>: Spezialisierung zur Gerontofachkraft, Wundexpertin, Praxisanleiterin u.\u202fv.\u202fm.<\/li>\n<li><strong>F\u00fchrungsverantwortung<\/strong>: Wohnbereichsleitung, Pflegedienstleitung, Einrichtungsleitung<\/li>\n<li><strong>Wechsel in angrenzende Bereiche<\/strong> wie Qualit\u00e4tsmanagement, Schulung oder Praxisanleitung<\/li>\n<\/ul>\n<p>Auf unseren Seiten zu <a href=\"https:\/\/karriere.compassio.de\/fuehrungskraefte\/pflegedienstleitung-2\/\">Pflegedienstleitung-Jobs<\/a> und <a href=\"https:\/\/karriere.compassio.de\/fuehrungskraefte\/einrichtungsleitung\/\">Einrichtungsleitung bei compassio<\/a> erh\u00e4ltst du ein Gef\u00fchl daf\u00fcr, wie sich eine Karriere in der Pflege Schritt f\u00fcr Schritt entwickeln kann. Als moderner Arbeitgeber investieren wir gezielt in interne Fort- und Weiterbildungen, Mentoring-Angebote und individuelle Karriereplanung. So w\u00e4chst du mit deinen Aufgaben \u2013 fachlich und pers\u00f6nlich.<\/p>\n<\/div><div class=\"fusion-title title fusion-title-1 fusion-sep-none fusion-title-text fusion-title-size-three\" style=\"--awb-margin-top-small:10px;--awb-margin-right-small:0px;--awb-margin-bottom-small:10px;--awb-margin-left-small:0px;\"><h3 class=\"fusion-title-heading title-heading-left\" style=\"margin:0;\"><\/h3><\/div><\/div><\/div><\/div><\/div>\n","protected":false},"excerpt":{"rendered":"<p>In diesem Beitrag geben wir dir als Team von compassio einen klaren, praxisnahen \u00dcberblick dar\u00fcber, wie eine Umschulung in die Pflege abl\u00e4uft.<\/p>\n","protected":false},"author":3,"featured_media":2127,"comment_status":"open","ping_status":"open","sticky":false,"template":"","format":"standard","meta":{"footnotes":""},"categories":[65,67],"tags":[72,70,73],"class_list":["post-2099","post","type-post","status-publish","format-standard","has-post-thumbnail","hentry","category-karriere-in-der-pflege","category-quereinstieg-weiterbildung-pflege","tag-karriere","tag-pflege","tag-umschulung"],"yoast_head":"<!-- This site is optimized with the Yoast SEO plugin v27.4 - https:\/\/yoast.com\/product\/yoast-seo-wordpress\/ -->\n<title>Umschulung Pflege: Starte jetzt neu in der Pflege<\/title>\n<meta name=\"description\" content=\"Starte deine Umschulung Pflege bei compassio \ud83c\udf31 mit sicherem Job, moderner Technik und starker Gemeinschaft. Entdecke neue Perspektiven und echten Sinn in deinem Alltag.\" \/>\n<meta name=\"robots\" content=\"index, follow, max-snippet:-1, max-image-preview:large, max-video-preview:-1\" \/>\n<link rel=\"canonical\" href=\"https:\/\/karriere.compassio.de\/magazin\/umschulung-pflege-starte-jetzt-neu-in-der-pflege\/\" \/>\n<meta property=\"og:locale\" content=\"de_DE\" \/>\n<meta property=\"og:type\" content=\"article\" \/>\n<meta property=\"og:title\" content=\"Umschulung Pflege: Starte jetzt neu in der Pflege\" \/>\n<meta property=\"og:description\" content=\"Starte deine Umschulung Pflege bei compassio \ud83c\udf31 mit sicherem Job, moderner Technik und starker Gemeinschaft. Entdecke neue Perspektiven und echten Sinn in deinem Alltag.\" \/>\n<meta property=\"og:url\" content=\"https:\/\/karriere.compassio.de\/magazin\/umschulung-pflege-starte-jetzt-neu-in-der-pflege\/\" \/>\n<meta property=\"og:site_name\" content=\"Avada Magazine\" \/>\n<meta property=\"article:publisher\" content=\"https:\/\/www.facebook.com\/compassiokarriere\/\" \/>\n<meta property=\"article:published_time\" content=\"2026-04-01T10:40:09+00:00\" \/>\n<meta property=\"article:modified_time\" content=\"2026-04-27T11:45:44+00:00\" \/>\n<meta property=\"og:image\" content=\"https:\/\/karriere.compassio.de\/magazin\/wp-content\/uploads\/2026\/04\/15.png\" \/>\n\t<meta property=\"og:image:width\" content=\"800\" \/>\n\t<meta property=\"og:image:height\" content=\"600\" \/>\n\t<meta property=\"og:image:type\" content=\"image\/png\" \/>\n<meta name=\"author\" content=\"Vanessa Angrick\" \/>\n<meta name=\"twitter:card\" content=\"summary_large_image\" \/>\n<meta name=\"twitter:label1\" content=\"Verfasst von\" \/>\n\t<meta name=\"twitter:data1\" content=\"Vanessa Angrick\" \/>\n\t<meta name=\"twitter:label2\" content=\"Gesch\u00e4tzte Lesezeit\" \/>\n\t<meta name=\"twitter:data2\" content=\"9\u00a0Minuten\" \/>\n<script type=\"application\/ld+json\" class=\"yoast-schema-graph\">{\"@context\":\"https:\\\/\\\/schema.org\",\"@graph\":[{\"@type\":\"Article\",\"@id\":\"https:\\\/\\\/karriere.compassio.de\\\/magazin\\\/umschulung-pflege-starte-jetzt-neu-in-der-pflege\\\/#article\",\"isPartOf\":{\"@id\":\"https:\\\/\\\/karriere.compassio.de\\\/magazin\\\/umschulung-pflege-starte-jetzt-neu-in-der-pflege\\\/\"},\"author\":{\"name\":\"Vanessa Angrick\",\"@id\":\"https:\\\/\\\/karriere.compassio.de\\\/magazin\\\/#\\\/schema\\\/person\\\/f82989bad171edfe2367aab4b6602eff\"},\"headline\":\"Umschulung Pflege: Starte jetzt neu in der Pflege\",\"datePublished\":\"2026-04-01T10:40:09+00:00\",\"dateModified\":\"2026-04-27T11:45:44+00:00\",\"mainEntityOfPage\":{\"@id\":\"https:\\\/\\\/karriere.compassio.de\\\/magazin\\\/umschulung-pflege-starte-jetzt-neu-in-der-pflege\\\/\"},\"wordCount\":3325,\"commentCount\":0,\"publisher\":{\"@id\":\"https:\\\/\\\/karriere.compassio.de\\\/magazin\\\/#organization\"},\"image\":{\"@id\":\"https:\\\/\\\/karriere.compassio.de\\\/magazin\\\/umschulung-pflege-starte-jetzt-neu-in-der-pflege\\\/#primaryimage\"},\"thumbnailUrl\":\"https:\\\/\\\/karriere.compassio.de\\\/magazin\\\/wp-content\\\/uploads\\\/2026\\\/04\\\/15.png\",\"keywords\":[\"Karriere\",\"Pflege\",\"Umschulung\"],\"articleSection\":[\"Karriere in der Pflege\",\"Quereinstieg\\\/Weiterbildung\"],\"inLanguage\":\"de\",\"potentialAction\":[{\"@type\":\"CommentAction\",\"name\":\"Comment\",\"target\":[\"https:\\\/\\\/karriere.compassio.de\\\/magazin\\\/umschulung-pflege-starte-jetzt-neu-in-der-pflege\\\/#respond\"]}]},{\"@type\":\"WebPage\",\"@id\":\"https:\\\/\\\/karriere.compassio.de\\\/magazin\\\/umschulung-pflege-starte-jetzt-neu-in-der-pflege\\\/\",\"url\":\"https:\\\/\\\/karriere.compassio.de\\\/magazin\\\/umschulung-pflege-starte-jetzt-neu-in-der-pflege\\\/\",\"name\":\"Umschulung Pflege: Starte jetzt neu in der Pflege\",\"isPartOf\":{\"@id\":\"https:\\\/\\\/karriere.compassio.de\\\/magazin\\\/#website\"},\"primaryImageOfPage\":{\"@id\":\"https:\\\/\\\/karriere.compassio.de\\\/magazin\\\/umschulung-pflege-starte-jetzt-neu-in-der-pflege\\\/#primaryimage\"},\"image\":{\"@id\":\"https:\\\/\\\/karriere.compassio.de\\\/magazin\\\/umschulung-pflege-starte-jetzt-neu-in-der-pflege\\\/#primaryimage\"},\"thumbnailUrl\":\"https:\\\/\\\/karriere.compassio.de\\\/magazin\\\/wp-content\\\/uploads\\\/2026\\\/04\\\/15.png\",\"datePublished\":\"2026-04-01T10:40:09+00:00\",\"dateModified\":\"2026-04-27T11:45:44+00:00\",\"description\":\"Starte deine Umschulung Pflege bei compassio \ud83c\udf31 mit sicherem Job, moderner Technik und starker Gemeinschaft. Entdecke neue Perspektiven und echten Sinn in deinem Alltag.\",\"breadcrumb\":{\"@id\":\"https:\\\/\\\/karriere.compassio.de\\\/magazin\\\/umschulung-pflege-starte-jetzt-neu-in-der-pflege\\\/#breadcrumb\"},\"inLanguage\":\"de\",\"potentialAction\":[{\"@type\":\"ReadAction\",\"target\":[\"https:\\\/\\\/karriere.compassio.de\\\/magazin\\\/umschulung-pflege-starte-jetzt-neu-in-der-pflege\\\/\"]}]},{\"@type\":\"ImageObject\",\"inLanguage\":\"de\",\"@id\":\"https:\\\/\\\/karriere.compassio.de\\\/magazin\\\/umschulung-pflege-starte-jetzt-neu-in-der-pflege\\\/#primaryimage\",\"url\":\"https:\\\/\\\/karriere.compassio.de\\\/magazin\\\/wp-content\\\/uploads\\\/2026\\\/04\\\/15.png\",\"contentUrl\":\"https:\\\/\\\/karriere.compassio.de\\\/magazin\\\/wp-content\\\/uploads\\\/2026\\\/04\\\/15.png\",\"width\":800,\"height\":600,\"caption\":\"Gl\u00fcckliche Menschen lachen zusammen.\"},{\"@type\":\"BreadcrumbList\",\"@id\":\"https:\\\/\\\/karriere.compassio.de\\\/magazin\\\/umschulung-pflege-starte-jetzt-neu-in-der-pflege\\\/#breadcrumb\",\"itemListElement\":[{\"@type\":\"ListItem\",\"position\":1,\"name\":\"Start\",\"item\":\"https:\\\/\\\/karriere.compassio.de\\\/magazin\\\/\"},{\"@type\":\"ListItem\",\"position\":2,\"name\":\"Umschulung Pflege: Starte jetzt neu in der Pflege\"}]},{\"@type\":\"WebSite\",\"@id\":\"https:\\\/\\\/karriere.compassio.de\\\/magazin\\\/#website\",\"url\":\"https:\\\/\\\/karriere.compassio.de\\\/magazin\\\/\",\"name\":\"compassio Karriere Magazin\",\"description\":\"\",\"publisher\":{\"@id\":\"https:\\\/\\\/karriere.compassio.de\\\/magazin\\\/#organization\"},\"potentialAction\":[{\"@type\":\"SearchAction\",\"target\":{\"@type\":\"EntryPoint\",\"urlTemplate\":\"https:\\\/\\\/karriere.compassio.de\\\/magazin\\\/?s={search_term_string}\"},\"query-input\":{\"@type\":\"PropertyValueSpecification\",\"valueRequired\":true,\"valueName\":\"search_term_string\"}}],\"inLanguage\":\"de\"},{\"@type\":\"Organization\",\"@id\":\"https:\\\/\\\/karriere.compassio.de\\\/magazin\\\/#organization\",\"name\":\"compassio Karriere\",\"url\":\"https:\\\/\\\/karriere.compassio.de\\\/magazin\\\/\",\"logo\":{\"@type\":\"ImageObject\",\"inLanguage\":\"de\",\"@id\":\"https:\\\/\\\/karriere.compassio.de\\\/magazin\\\/#\\\/schema\\\/logo\\\/image\\\/\",\"url\":\"https:\\\/\\\/karriere.compassio.de\\\/magazin\\\/wp-content\\\/uploads\\\/2026\\\/03\\\/logo.png\",\"contentUrl\":\"https:\\\/\\\/karriere.compassio.de\\\/magazin\\\/wp-content\\\/uploads\\\/2026\\\/03\\\/logo.png\",\"width\":952,\"height\":348,\"caption\":\"compassio Karriere\"},\"image\":{\"@id\":\"https:\\\/\\\/karriere.compassio.de\\\/magazin\\\/#\\\/schema\\\/logo\\\/image\\\/\"},\"sameAs\":[\"https:\\\/\\\/www.facebook.com\\\/compassiokarriere\\\/\"]},{\"@type\":\"Person\",\"@id\":\"https:\\\/\\\/karriere.compassio.de\\\/magazin\\\/#\\\/schema\\\/person\\\/f82989bad171edfe2367aab4b6602eff\",\"name\":\"Vanessa Angrick\",\"image\":{\"@type\":\"ImageObject\",\"inLanguage\":\"de\",\"@id\":\"https:\\\/\\\/secure.gravatar.com\\\/avatar\\\/a954875a6c9d925c6a81849d6229350a9ad62f3583dc3627aa42a030b0b2777e?s=96&d=mm&r=g\",\"url\":\"https:\\\/\\\/secure.gravatar.com\\\/avatar\\\/a954875a6c9d925c6a81849d6229350a9ad62f3583dc3627aa42a030b0b2777e?s=96&d=mm&r=g\",\"contentUrl\":\"https:\\\/\\\/secure.gravatar.com\\\/avatar\\\/a954875a6c9d925c6a81849d6229350a9ad62f3583dc3627aa42a030b0b2777e?s=96&d=mm&r=g\",\"caption\":\"Vanessa Angrick\"}}]}<\/script>\n<!-- \/ Yoast SEO plugin. -->","yoast_head_json":{"title":"Umschulung Pflege: Starte jetzt neu in der Pflege","description":"Starte deine Umschulung Pflege bei compassio \ud83c\udf31 mit sicherem Job, moderner Technik und starker Gemeinschaft. Entdecke neue Perspektiven und echten Sinn in deinem Alltag.","robots":{"index":"index","follow":"follow","max-snippet":"max-snippet:-1","max-image-preview":"max-image-preview:large","max-video-preview":"max-video-preview:-1"},"canonical":"https:\/\/karriere.compassio.de\/magazin\/umschulung-pflege-starte-jetzt-neu-in-der-pflege\/","og_locale":"de_DE","og_type":"article","og_title":"Umschulung Pflege: Starte jetzt neu in der Pflege","og_description":"Starte deine Umschulung Pflege bei compassio \ud83c\udf31 mit sicherem Job, moderner Technik und starker Gemeinschaft. Entdecke neue Perspektiven und echten Sinn in deinem Alltag.","og_url":"https:\/\/karriere.compassio.de\/magazin\/umschulung-pflege-starte-jetzt-neu-in-der-pflege\/","og_site_name":"Avada Magazine","article_publisher":"https:\/\/www.facebook.com\/compassiokarriere\/","article_published_time":"2026-04-01T10:40:09+00:00","article_modified_time":"2026-04-27T11:45:44+00:00","og_image":[{"width":800,"height":600,"url":"https:\/\/karriere.compassio.de\/magazin\/wp-content\/uploads\/2026\/04\/15.png","type":"image\/png"}],"author":"Vanessa Angrick","twitter_card":"summary_large_image","twitter_misc":{"Verfasst von":"Vanessa Angrick","Gesch\u00e4tzte Lesezeit":"9\u00a0Minuten"},"schema":{"@context":"https:\/\/schema.org","@graph":[{"@type":"Article","@id":"https:\/\/karriere.compassio.de\/magazin\/umschulung-pflege-starte-jetzt-neu-in-der-pflege\/#article","isPartOf":{"@id":"https:\/\/karriere.compassio.de\/magazin\/umschulung-pflege-starte-jetzt-neu-in-der-pflege\/"},"author":{"name":"Vanessa Angrick","@id":"https:\/\/karriere.compassio.de\/magazin\/#\/schema\/person\/f82989bad171edfe2367aab4b6602eff"},"headline":"Umschulung Pflege: Starte jetzt neu in der Pflege","datePublished":"2026-04-01T10:40:09+00:00","dateModified":"2026-04-27T11:45:44+00:00","mainEntityOfPage":{"@id":"https:\/\/karriere.compassio.de\/magazin\/umschulung-pflege-starte-jetzt-neu-in-der-pflege\/"},"wordCount":3325,"commentCount":0,"publisher":{"@id":"https:\/\/karriere.compassio.de\/magazin\/#organization"},"image":{"@id":"https:\/\/karriere.compassio.de\/magazin\/umschulung-pflege-starte-jetzt-neu-in-der-pflege\/#primaryimage"},"thumbnailUrl":"https:\/\/karriere.compassio.de\/magazin\/wp-content\/uploads\/2026\/04\/15.png","keywords":["Karriere","Pflege","Umschulung"],"articleSection":["Karriere in der Pflege","Quereinstieg\/Weiterbildung"],"inLanguage":"de","potentialAction":[{"@type":"CommentAction","name":"Comment","target":["https:\/\/karriere.compassio.de\/magazin\/umschulung-pflege-starte-jetzt-neu-in-der-pflege\/#respond"]}]},{"@type":"WebPage","@id":"https:\/\/karriere.compassio.de\/magazin\/umschulung-pflege-starte-jetzt-neu-in-der-pflege\/","url":"https:\/\/karriere.compassio.de\/magazin\/umschulung-pflege-starte-jetzt-neu-in-der-pflege\/","name":"Umschulung Pflege: Starte jetzt neu in der Pflege","isPartOf":{"@id":"https:\/\/karriere.compassio.de\/magazin\/#website"},"primaryImageOfPage":{"@id":"https:\/\/karriere.compassio.de\/magazin\/umschulung-pflege-starte-jetzt-neu-in-der-pflege\/#primaryimage"},"image":{"@id":"https:\/\/karriere.compassio.de\/magazin\/umschulung-pflege-starte-jetzt-neu-in-der-pflege\/#primaryimage"},"thumbnailUrl":"https:\/\/karriere.compassio.de\/magazin\/wp-content\/uploads\/2026\/04\/15.png","datePublished":"2026-04-01T10:40:09+00:00","dateModified":"2026-04-27T11:45:44+00:00","description":"Starte deine Umschulung Pflege bei compassio \ud83c\udf31 mit sicherem Job, moderner Technik und starker Gemeinschaft. Entdecke neue Perspektiven und echten Sinn in deinem Alltag.","breadcrumb":{"@id":"https:\/\/karriere.compassio.de\/magazin\/umschulung-pflege-starte-jetzt-neu-in-der-pflege\/#breadcrumb"},"inLanguage":"de","potentialAction":[{"@type":"ReadAction","target":["https:\/\/karriere.compassio.de\/magazin\/umschulung-pflege-starte-jetzt-neu-in-der-pflege\/"]}]},{"@type":"ImageObject","inLanguage":"de","@id":"https:\/\/karriere.compassio.de\/magazin\/umschulung-pflege-starte-jetzt-neu-in-der-pflege\/#primaryimage","url":"https:\/\/karriere.compassio.de\/magazin\/wp-content\/uploads\/2026\/04\/15.png","contentUrl":"https:\/\/karriere.compassio.de\/magazin\/wp-content\/uploads\/2026\/04\/15.png","width":800,"height":600,"caption":"Gl\u00fcckliche Menschen lachen zusammen."},{"@type":"BreadcrumbList","@id":"https:\/\/karriere.compassio.de\/magazin\/umschulung-pflege-starte-jetzt-neu-in-der-pflege\/#breadcrumb","itemListElement":[{"@type":"ListItem","position":1,"name":"Start","item":"https:\/\/karriere.compassio.de\/magazin\/"},{"@type":"ListItem","position":2,"name":"Umschulung Pflege: Starte jetzt neu in der Pflege"}]},{"@type":"WebSite","@id":"https:\/\/karriere.compassio.de\/magazin\/#website","url":"https:\/\/karriere.compassio.de\/magazin\/","name":"compassio Karriere Magazin","description":"","publisher":{"@id":"https:\/\/karriere.compassio.de\/magazin\/#organization"},"potentialAction":[{"@type":"SearchAction","target":{"@type":"EntryPoint","urlTemplate":"https:\/\/karriere.compassio.de\/magazin\/?s={search_term_string}"},"query-input":{"@type":"PropertyValueSpecification","valueRequired":true,"valueName":"search_term_string"}}],"inLanguage":"de"},{"@type":"Organization","@id":"https:\/\/karriere.compassio.de\/magazin\/#organization","name":"compassio Karriere","url":"https:\/\/karriere.compassio.de\/magazin\/","logo":{"@type":"ImageObject","inLanguage":"de","@id":"https:\/\/karriere.compassio.de\/magazin\/#\/schema\/logo\/image\/","url":"https:\/\/karriere.compassio.de\/magazin\/wp-content\/uploads\/2026\/03\/logo.png","contentUrl":"https:\/\/karriere.compassio.de\/magazin\/wp-content\/uploads\/2026\/03\/logo.png","width":952,"height":348,"caption":"compassio Karriere"},"image":{"@id":"https:\/\/karriere.compassio.de\/magazin\/#\/schema\/logo\/image\/"},"sameAs":["https:\/\/www.facebook.com\/compassiokarriere\/"]},{"@type":"Person","@id":"https:\/\/karriere.compassio.de\/magazin\/#\/schema\/person\/f82989bad171edfe2367aab4b6602eff","name":"Vanessa Angrick","image":{"@type":"ImageObject","inLanguage":"de","@id":"https:\/\/secure.gravatar.com\/avatar\/a954875a6c9d925c6a81849d6229350a9ad62f3583dc3627aa42a030b0b2777e?s=96&d=mm&r=g","url":"https:\/\/secure.gravatar.com\/avatar\/a954875a6c9d925c6a81849d6229350a9ad62f3583dc3627aa42a030b0b2777e?s=96&d=mm&r=g","contentUrl":"https:\/\/secure.gravatar.com\/avatar\/a954875a6c9d925c6a81849d6229350a9ad62f3583dc3627aa42a030b0b2777e?s=96&d=mm&r=g","caption":"Vanessa Angrick"}}]}},"_links":{"self":[{"href":"https:\/\/karriere.compassio.de\/magazin\/wp-json\/wp\/v2\/posts\/2099","targetHints":{"allow":["GET"]}}],"collection":[{"href":"https:\/\/karriere.compassio.de\/magazin\/wp-json\/wp\/v2\/posts"}],"about":[{"href":"https:\/\/karriere.compassio.de\/magazin\/wp-json\/wp\/v2\/types\/post"}],"author":[{"embeddable":true,"href":"https:\/\/karriere.compassio.de\/magazin\/wp-json\/wp\/v2\/users\/3"}],"replies":[{"embeddable":true,"href":"https:\/\/karriere.compassio.de\/magazin\/wp-json\/wp\/v2\/comments?post=2099"}],"version-history":[{"count":9,"href":"https:\/\/karriere.compassio.de\/magazin\/wp-json\/wp\/v2\/posts\/2099\/revisions"}],"predecessor-version":[{"id":2372,"href":"https:\/\/karriere.compassio.de\/magazin\/wp-json\/wp\/v2\/posts\/2099\/revisions\/2372"}],"wp:featuredmedia":[{"embeddable":true,"href":"https:\/\/karriere.compassio.de\/magazin\/wp-json\/wp\/v2\/media\/2127"}],"wp:attachment":[{"href":"https:\/\/karriere.compassio.de\/magazin\/wp-json\/wp\/v2\/media?parent=2099"}],"wp:term":[{"taxonomy":"category","embeddable":true,"href":"https:\/\/karriere.compassio.de\/magazin\/wp-json\/wp\/v2\/categories?post=2099"},{"taxonomy":"post_tag","embeddable":true,"href":"https:\/\/karriere.compassio.de\/magazin\/wp-json\/wp\/v2\/tags?post=2099"}],"curies":[{"name":"wp","href":"https:\/\/api.w.org\/{rel}","templated":true}]}}