{"id":2102,"date":"2026-04-01T10:39:42","date_gmt":"2026-04-01T10:39:42","guid":{"rendered":"https:\/\/karriere.compassio.de\/magazin\/?p=2102"},"modified":"2026-04-27T13:46:51","modified_gmt":"2026-04-27T11:46:51","slug":"weiterbildung-pflege-so-entwickelst-du-deine-karriere-%f0%9f%92%a1-bei-compassio","status":"publish","type":"post","link":"https:\/\/karriere.compassio.de\/magazin\/weiterbildung-pflege-so-entwickelst-du-deine-karriere-%f0%9f%92%a1-bei-compassio\/","title":{"rendered":"Weiterbildung Pflege: So entwickelst du deine Karriere \ud83d\udca1 bei compassio"},"content":{"rendered":"<div class=\"fusion-fullwidth fullwidth-box fusion-builder-row-1 fusion-flex-container has-pattern-background has-mask-background nonhundred-percent-fullwidth non-hundred-percent-height-scrolling\" style=\"--awb-border-radius-top-left:0px;--awb-border-radius-top-right:0px;--awb-border-radius-bottom-right:0px;--awb-border-radius-bottom-left:0px;--awb-flex-wrap:wrap;\" ><div class=\"fusion-builder-row fusion-row fusion-flex-align-items-flex-start fusion-flex-content-wrap\" style=\"max-width:1302px;margin-left: calc(-5% \/ 2 );margin-right: calc(-5% \/ 2 );\"><div class=\"fusion-layout-column fusion_builder_column fusion-builder-column-0 fusion_builder_column_1_1 1_1 fusion-flex-column\" style=\"--awb-bg-size:cover;--awb-width-large:100%;--awb-margin-top-large:0px;--awb-spacing-right-large:100px;--awb-margin-bottom-large:0px;--awb-spacing-left-large:100px;--awb-width-medium:100%;--awb-order-medium:0;--awb-spacing-right-medium:100px;--awb-spacing-left-medium:100px;--awb-width-small:100%;--awb-order-small:0;--awb-spacing-right-small:2.375%;--awb-spacing-left-small:2.375%;\"><div class=\"fusion-column-wrapper fusion-column-has-shadow fusion-flex-justify-content-flex-start fusion-content-layout-column\"><div class=\"fusion-text fusion-text-1\"><p>Wer als Pflegefachkraft arbeitet, sp\u00fcrt schnell: Stillstand f\u00fchlt sich falsch an. Die Anforderungen steigen, medizinisches Wissen entwickelt sich weiter, Verantwortung w\u00e4chst. Genau hier setzt eine <strong>Weiterbildung in der Pflege<\/strong> an \u2013 vor allem in hochspezialisierten Bereichen wie der Intensivpflege. In diesem Beitrag zeigen wir dir, wann sich diese Spezialisierung <strong>fachlich, finanziell und pers\u00f6nlich<\/strong> lohnt und wie wir bei compassio dich auf diesem Weg begleiten.<\/p>\n<h2>Weiterbildung Pflege im Bereich Intensivpflege<\/h2>\n<p>Wenn du \u00fcber eine Weiterbildung in der Pflege nachdenkst, taucht ein Bereich besonders h\u00e4ufig auf: <strong>Intensivpflege<\/strong>. Diese Spezialisierung baut auf deiner Ausbildung als Pflegefachkraft auf und vertieft dein Wissen deutlich.<\/p>\n<p>In der Intensivpflege versorgst du Menschen, die lebensbedrohlich erkrankt sind oder eine hochkomplexe \u00dcberwachung ben\u00f6tigen \u2013 zum Beispiel in der <a href=\"https:\/\/karriere.compassio.de\/pflege\/ausserklinische-intensivpflege\/\">au\u00dferklinischen Intensivpflege<\/a>. Du arbeitest eng mit Medizintechnik wie <strong>Beatmungsger\u00e4ten, Monitoring und Infusionssystemen<\/strong>. Gleichzeitig st\u00e4rkst du deine F\u00e4higkeiten in klinischer Beobachtung, Krisenkommunikation, Notfallsituationen und interdisziplin\u00e4rer Zusammenarbeit.<\/p>\n<p>F\u00fcr compassio spielt dieser Bereich eine wichtige Rolle \u2013 insbesondere in der au\u00dferklinischen Intensivpflege. Hier betreuen spezialisierte Teams Menschen mit hohem medizinischem Bedarf au\u00dferhalb des Krankenhauses, etwa mit Beatmung oder komplexen neurologischen Erkrankungen. Damit ist Intensivpflege nicht nur fachlich spannend, sondern auch ein <strong>klarer Entwicklungspfad<\/strong> innerhalb der compassio Gruppe.<\/p>\n<\/div><div class=\"fusion-image-element \" style=\"--awb-caption-title-font-family:var(--h2_typography-font-family);--awb-caption-title-font-weight:var(--h2_typography-font-weight);--awb-caption-title-font-style:var(--h2_typography-font-style);--awb-caption-title-size:var(--h2_typography-font-size);--awb-caption-title-transform:var(--h2_typography-text-transform);--awb-caption-title-line-height:var(--h2_typography-line-height);--awb-caption-title-letter-spacing:var(--h2_typography-letter-spacing);\"><span class=\" fusion-imageframe imageframe-none imageframe-1 hover-type-none\"><img decoding=\"async\" width=\"800\" height=\"600\" alt=\"Gl\u00fcckliche Mitarbeiter mit Pose.\" title=\"Teamfoto Compassio.\" src=\"https:\/\/karriere.compassio.de\/magazin\/wp-content\/uploads\/2026\/04\/2.png\" data-orig-src=\"https:\/\/karriere.compassio.de\/magazin\/wp-content\/uploads\/2026\/04\/2.png\" class=\"lazyload img-responsive wp-image-2129\" srcset=\"data:image\/svg+xml,%3Csvg%20xmlns%3D%27http%3A%2F%2Fwww.w3.org%2F2000%2Fsvg%27%20width%3D%27800%27%20height%3D%27600%27%20viewBox%3D%270%200%20800%20600%27%3E%3Crect%20width%3D%27800%27%20height%3D%27600%27%20fill-opacity%3D%220%22%2F%3E%3C%2Fsvg%3E\" data-srcset=\"https:\/\/karriere.compassio.de\/magazin\/wp-content\/uploads\/2026\/04\/2-200x150.png 200w, https:\/\/karriere.compassio.de\/magazin\/wp-content\/uploads\/2026\/04\/2-400x300.png 400w, https:\/\/karriere.compassio.de\/magazin\/wp-content\/uploads\/2026\/04\/2-600x450.png 600w, https:\/\/karriere.compassio.de\/magazin\/wp-content\/uploads\/2026\/04\/2.png 800w\" data-sizes=\"auto\" data-orig-sizes=\"(max-width: 800px) 100vw, 800px\" \/><\/span><\/div><div class=\"fusion-text fusion-text-2\"><h2>Fachliche Exzellenz und pers\u00f6nlicher Sinn: Der Mehrwert deiner Weiterbildung<\/h2>\n<p>Eine <strong>gezielte Weiterbildung<\/strong> in der Pflege hebt dein fachliches Handeln auf ein neues Niveau. Gerade in der Intensivpflege vertiefst du dein Wissen in Bereichen wie Beatmungsmanagement, \u00dcberwachung, Notfallintervention und klinischer Einsch\u00e4tzung. Dieser Kompetenzzuwachs gibt dir mehr Sicherheit in komplexen Situationen und st\u00e4rkt gleichzeitig dein berufliches Profil.<\/p>\n<p>Viele Pflegefachkr\u00e4fte und <a href=\"https:\/\/karriere.compassio.de\/pflege\/pflegehilfskraft\/\">Pflegehilfskr\u00e4fte <\/a>erleben genau darin einen gro\u00dfen Mehrwert: Du arbeitest spezialisierter, handelst sicherer und \u00fcbernimmst sichtbar <strong>mehr Verantwortung<\/strong>. Wir bei compassio verstehen Weiterbildung deshalb nicht als Nebensache, sondern als wichtigen Teil beruflicher Entwicklung. Strukturierte Prozesse, fachlicher Austausch und ein <strong>professionelles Umfeld<\/strong> helfen dir dabei, diesen Weg langfristig zu gehen.<\/p>\n<h2>Dauer der Fortbildung in der Pflege \u2013 speziell in der Intensivpflege<\/h2>\n<p>Die Dauer einer Weiterbildung in der Pflege variiert je nach Ziel, Anbieter und fachlichem Umfang. Gerade in der <strong>Intensivpflege <\/strong>sind Qualifizierungen meist anspruchsvoll aufgebaut, weil sie tiefes Fachwissen und einen hohen Praxisbezug verlangen. Viele Weiterbildungen laufen deshalb berufsbegleitend und verbinden Theorie mit <strong>konkreten Eins\u00e4tzen <\/strong>im pflegerischen Alltag.<\/p>\n<p>F\u00fcr dich ist dabei vor allem wichtig, dass die Weiterbildung zu deinem beruflichen Ziel passt. Willst du dich in der <strong>au\u00dferklinischen Intensivpflege<\/strong> spezialisieren, Beatmungspflege vertiefen oder deine klinische Handlungssicherheit ausbauen, brauchst du andere Inhalte als in einer allgemeinen Fortbildung. Um <strong>Beruf, Privatleben und Qualifizierung <\/strong>besser zu <strong>vereinen<\/strong>, setzen viele Modelle auf Blockunterricht, feste Lernzeiten oder modulare Lernphasen. Genau das macht eine Spezialisierung in der Intensivpflege auch im laufenden Berufsalltag realistisch.<\/p>\n<\/div><div class=\"fusion-image-element \" style=\"--awb-caption-title-font-family:var(--h2_typography-font-family);--awb-caption-title-font-weight:var(--h2_typography-font-weight);--awb-caption-title-font-style:var(--h2_typography-font-style);--awb-caption-title-size:var(--h2_typography-font-size);--awb-caption-title-transform:var(--h2_typography-text-transform);--awb-caption-title-line-height:var(--h2_typography-line-height);--awb-caption-title-letter-spacing:var(--h2_typography-letter-spacing);\"><span class=\" fusion-imageframe imageframe-none imageframe-2 hover-type-none\"><img decoding=\"async\" width=\"800\" height=\"600\" alt=\"Menschen halten H\u00e4nde.\" title=\"Mitgef\u00fchl und F\u00fcrsorge bei Compassio.\" src=\"https:\/\/karriere.compassio.de\/magazin\/wp-content\/uploads\/2026\/04\/14.png\" data-orig-src=\"https:\/\/karriere.compassio.de\/magazin\/wp-content\/uploads\/2026\/04\/14.png\" class=\"lazyload img-responsive wp-image-2126\" srcset=\"data:image\/svg+xml,%3Csvg%20xmlns%3D%27http%3A%2F%2Fwww.w3.org%2F2000%2Fsvg%27%20width%3D%27800%27%20height%3D%27600%27%20viewBox%3D%270%200%20800%20600%27%3E%3Crect%20width%3D%27800%27%20height%3D%27600%27%20fill-opacity%3D%220%22%2F%3E%3C%2Fsvg%3E\" data-srcset=\"https:\/\/karriere.compassio.de\/magazin\/wp-content\/uploads\/2026\/04\/14-200x150.png 200w, https:\/\/karriere.compassio.de\/magazin\/wp-content\/uploads\/2026\/04\/14-400x300.png 400w, https:\/\/karriere.compassio.de\/magazin\/wp-content\/uploads\/2026\/04\/14-600x450.png 600w, https:\/\/karriere.compassio.de\/magazin\/wp-content\/uploads\/2026\/04\/14.png 800w\" data-sizes=\"auto\" data-orig-sizes=\"(max-width: 800px) 100vw, 800px\" \/><\/span><\/div><div class=\"fusion-text fusion-text-3\"><h2>Intensivpflege: F\u00fcr wen lohnt sich diese Weiterbildung in der Pflege?<\/h2>\n<p>Die Fachweiterbildung Intensivpflege lohnt sich vor allem, wenn du:<\/p>\n<\/div><ul style=\"--awb-item-padding-top:10px;--awb-item-padding-left:25px;--awb-iconcolor:var(--awb-color4);--awb-line-height:27.2px;--awb-icon-width:27.2px;--awb-icon-height:27.2px;--awb-icon-margin:11.2px;--awb-content-margin:38.4px;--awb-circlecolor:hsla(var(--awb-color4-h),var(--awb-color4-s),var(--awb-color4-l),calc(var(--awb-color4-a) - 90%));--awb-circle-yes-font-size:14.08px;\" class=\"fusion-checklist fusion-checklist-1 type-icons\"><li class=\"fusion-li-item\" style=\"\"><span class=\"icon-wrapper circle-yes\"><i class=\"fusion-li-icon awb-magazine-angle-right-solid\" aria-hidden=\"true\"><\/i><\/span><div class=\"fusion-li-item-content\">\n<p>Freude an hochkomplexen Situationen und Technik hast<\/p>\n<\/div><\/li><li class=\"fusion-li-item\" style=\"\"><span class=\"icon-wrapper circle-yes\"><i class=\"fusion-li-icon awb-magazine-angle-right-solid\" aria-hidden=\"true\"><\/i><\/span><div class=\"fusion-li-item-content\">\n<p>gerne interdisziplin\u00e4r arbeitest und schnell Entscheidungen triffst<\/p>\n<\/div><\/li><li class=\"fusion-li-item\" style=\"\"><span class=\"icon-wrapper circle-yes\"><i class=\"fusion-li-icon awb-magazine-angle-right-solid\" aria-hidden=\"true\"><\/i><\/span><div class=\"fusion-li-item-content\">\n<p>ein Umfeld suchst, in dem klinische Beobachtungsgabe besonders z\u00e4hlt<\/p>\n<\/div><\/li><li class=\"fusion-li-item\" style=\"\"><span class=\"icon-wrapper circle-yes\"><i class=\"fusion-li-icon awb-magazine-angle-right-solid\" aria-hidden=\"true\"><\/i><\/span><div class=\"fusion-li-item-content\">\n<p>dir eine stabile Spezialisierung mit klarer fachlicher Perspektive w\u00fcnschst<\/p>\n<\/div><\/li><\/ul><div class=\"fusion-text fusion-text-4\"><p>In der <strong>au\u00dferklinischen Intensivpflege<\/strong> von compassio betreust du Menschen mit Langzeitbeatmung oder schweren neurologischen Erkrankungen in spezialisierten Settings. Du kombinierst intensivpflegerisches Know-how mit einem Arbeitsumfeld, das moderne Ausstattung, 24\/7-Versorgung und enge Teamarbeit erfordert. Eine entsprechende Weiterbildung in der Pflege \u2013 zum Beispiel in Intensivpflege, Beatmungsmanagement oder <strong>angrenzenden Fachthemen<\/strong> \u2013 st\u00e4rkt deine Handlungssicherheit und passt direkt zu einem realen Einsatzfeld innerhalb der compassio Gruppe.<\/p>\n<h2>Weitere Spezialisierungen: Praxisanleitung, Qualit\u00e4tsmanagement, F\u00fchrung<\/h2>\n<p>Auch wenn dein Fokus auf Intensivpflege liegt, lohnt sich ein Blick auf weitere Richtungen der Weiterbildung in der Pflege:<\/p>\n<\/div><ul style=\"--awb-item-padding-top:10px;--awb-item-padding-left:25px;--awb-iconcolor:var(--awb-color4);--awb-line-height:27.2px;--awb-icon-width:27.2px;--awb-icon-height:27.2px;--awb-icon-margin:11.2px;--awb-content-margin:38.4px;--awb-circlecolor:hsla(var(--awb-color4-h),var(--awb-color4-s),var(--awb-color4-l),calc(var(--awb-color4-a) - 90%));--awb-circle-yes-font-size:14.08px;\" class=\"fusion-checklist fusion-checklist-2 type-icons\"><li class=\"fusion-li-item\" style=\"\"><span class=\"icon-wrapper circle-yes\"><i class=\"fusion-li-icon awb-magazine-angle-right-solid\" aria-hidden=\"true\"><\/i><\/span><div class=\"fusion-li-item-content\">\n<p><strong>Praxisanleitung:<\/strong> Du begleitest Auszubildende und neue Mitarbeitende, vermittelst Fachwissen und st\u00e4rkst die Qualit\u00e4t in der Einarbeitung.<\/p>\n<\/div><\/li><li class=\"fusion-li-item\" style=\"\"><span class=\"icon-wrapper circle-yes\"><i class=\"fusion-li-icon awb-magazine-angle-right-solid\" aria-hidden=\"true\"><\/i><\/span><div class=\"fusion-li-item-content\">\n<p><a href=\"https:\/\/karriere.compassio.de\/pflege\/qualitaetsmanagement\/\"><strong>Qualit\u00e4tsmanagement<\/strong><\/a><strong>:<\/strong> Du sorgst daf\u00fcr, dass Pflegestandards nicht nur auf Papier stehen, sondern im Alltag gelebt werden. Du analysierst Abl\u00e4ufe, begleitest Pr\u00fcfungen und entwickelst Prozesse weiter.<\/p>\n<\/div><\/li><li class=\"fusion-li-item\" style=\"\"><span class=\"icon-wrapper circle-yes\"><i class=\"fusion-li-icon awb-magazine-angle-right-solid\" aria-hidden=\"true\"><\/i><\/span><div class=\"fusion-li-item-content\">\n<p><strong>F\u00fchrung:<\/strong> Wenn du Verantwortung f\u00fcr Teams, Organisation und Pflegequalit\u00e4t \u00fcbernehmen willst, k\u00f6nnen Wege in Richtung <a href=\"https:\/\/karriere.compassio.de\/fuehrungskraefte\/wohnbereichsleitung\/\">Wohnbereichsleitung<\/a> oder Pflegedienstleitung sinnvoll sein.<\/p>\n<\/div><\/li><\/ul><div class=\"fusion-text fusion-text-5\"><p>Diese Richtungen erg\u00e4nzen die fachliche Spezialisierung in der Intensivpflege sinnvoll. So kann aus einer pflegerischen Vertiefung sp\u00e4ter auch ein Entwicklungsschritt in Anleitung, Koordination oder F\u00fchrung werden. Gerade f\u00fcr compassio sind das relevante Karrierewege, weil fachliche Kompetenz und organisatorische Verantwortung in der Pflege eng zusammengeh\u00f6ren.<\/p>\n<\/div><div class=\"fusion-image-element \" style=\"--awb-caption-title-font-family:var(--h2_typography-font-family);--awb-caption-title-font-weight:var(--h2_typography-font-weight);--awb-caption-title-font-style:var(--h2_typography-font-style);--awb-caption-title-size:var(--h2_typography-font-size);--awb-caption-title-transform:var(--h2_typography-text-transform);--awb-caption-title-line-height:var(--h2_typography-line-height);--awb-caption-title-letter-spacing:var(--h2_typography-letter-spacing);\"><span class=\" fusion-imageframe imageframe-none imageframe-3 hover-type-none\"><img decoding=\"async\" width=\"800\" height=\"600\" alt=\"Pfleger hilft alter Frau aufzustehen.\" title=\"Hilfe bei jeder Situation im Alltag.\" src=\"https:\/\/karriere.compassio.de\/magazin\/wp-content\/uploads\/2026\/04\/21.png\" data-orig-src=\"https:\/\/karriere.compassio.de\/magazin\/wp-content\/uploads\/2026\/04\/21.png\" class=\"lazyload img-responsive wp-image-2148\" srcset=\"data:image\/svg+xml,%3Csvg%20xmlns%3D%27http%3A%2F%2Fwww.w3.org%2F2000%2Fsvg%27%20width%3D%27800%27%20height%3D%27600%27%20viewBox%3D%270%200%20800%20600%27%3E%3Crect%20width%3D%27800%27%20height%3D%27600%27%20fill-opacity%3D%220%22%2F%3E%3C%2Fsvg%3E\" data-srcset=\"https:\/\/karriere.compassio.de\/magazin\/wp-content\/uploads\/2026\/04\/21-200x150.png 200w, https:\/\/karriere.compassio.de\/magazin\/wp-content\/uploads\/2026\/04\/21-400x300.png 400w, https:\/\/karriere.compassio.de\/magazin\/wp-content\/uploads\/2026\/04\/21-600x450.png 600w, https:\/\/karriere.compassio.de\/magazin\/wp-content\/uploads\/2026\/04\/21.png 800w\" data-sizes=\"auto\" data-orig-sizes=\"(max-width: 800px) 100vw, 800px\" \/><\/span><\/div><div class=\"fusion-text fusion-text-6\"><h2>Schlussgedanke: Intensivpflege als echter Entwicklungsschritt<\/h2>\n<p>Weiterbildung in der Pflege lohnt sich besonders dann, wenn sie zu einem realen Arbeitsfeld und zu deinen pers\u00f6nlichen St\u00e4rken passt. Genau deshalb ist Intensivpflege f\u00fcr viele <strong>Pflegefachkr\u00e4fte <\/strong>ein naheliegender und sinnvoller Weg: Du arbeitest hochspezialisiert, entwickelst dich fachlich weiter und \u00fcbernimmst Verantwortung in einem Bereich, der <strong>professionelles Handeln<\/strong> auf hohem Niveau verlangt.<\/p>\n<p>Bei compassio ist Intensivpflege kein Randthema, sondern ein echtes Einsatzfeld. Wenn du Teil eines Teams werden m\u00f6chtest, das spezialisierte Pflege, moderne Technik und menschliche N\u00e4he miteinander verbindet, kann dieser Weg genau der richtige f\u00fcr dich sein.<\/p>\n<\/div><div class=\"fusion-title title fusion-title-1 fusion-sep-none fusion-title-text fusion-title-size-three\" style=\"--awb-margin-top-small:10px;--awb-margin-right-small:0px;--awb-margin-bottom-small:10px;--awb-margin-left-small:0px;\"><h3 class=\"fusion-title-heading title-heading-left\" style=\"margin:0;\"><\/h3><\/div><\/div><\/div><\/div><\/div>\n","protected":false},"excerpt":{"rendered":"<p>In diesem Beitrag zeigen wir dir, wann sich diese Spezialisierung fachlich, finanziell und pers\u00f6nlich lohnt und wie wir bei compassio dich auf diesem Weg begleiten.<\/p>\n","protected":false},"author":3,"featured_media":2141,"comment_status":"open","ping_status":"open","sticky":false,"template":"","format":"standard","meta":{"footnotes":""},"categories":[65,67],"tags":[72,70,74],"class_list":["post-2102","post","type-post","status-publish","format-standard","has-post-thumbnail","hentry","category-karriere-in-der-pflege","category-quereinstieg-weiterbildung-pflege","tag-karriere","tag-pflege","tag-weiterbildung"],"yoast_head":"<!-- This site is optimized with the Yoast SEO plugin v27.4 - https:\/\/yoast.com\/product\/yoast-seo-wordpress\/ -->\n<title>Weiterbildung Pflege: So entwickelst du deine Karriere \ud83d\udca1 bei compassio<\/title>\n<meta name=\"description\" content=\"Entdecke moderne Weiterbildung in der Pflege bei compassio \ud83d\udca1 hier findest du Sicherheit, Sinn und Karrierewege, die dich fachlich und pers\u00f6nlich weiterbringen\" \/>\n<meta name=\"robots\" content=\"index, follow, max-snippet:-1, max-image-preview:large, max-video-preview:-1\" \/>\n<link rel=\"canonical\" href=\"https:\/\/karriere.compassio.de\/magazin\/weiterbildung-pflege-so-entwickelst-du-deine-karriere-\ud83d\udca1-bei-compassio\/\" \/>\n<meta property=\"og:locale\" content=\"de_DE\" \/>\n<meta property=\"og:type\" content=\"article\" \/>\n<meta property=\"og:title\" content=\"Weiterbildung Pflege: So entwickelst du deine Karriere \ud83d\udca1 bei compassio\" \/>\n<meta property=\"og:description\" content=\"Entdecke moderne Weiterbildung in der Pflege bei compassio \ud83d\udca1 hier findest du Sicherheit, Sinn und Karrierewege, die dich fachlich und pers\u00f6nlich weiterbringen\" \/>\n<meta property=\"og:url\" content=\"https:\/\/karriere.compassio.de\/magazin\/weiterbildung-pflege-so-entwickelst-du-deine-karriere-\ud83d\udca1-bei-compassio\/\" \/>\n<meta property=\"og:site_name\" content=\"Avada Magazine\" \/>\n<meta property=\"article:publisher\" content=\"https:\/\/www.facebook.com\/compassiokarriere\/\" \/>\n<meta property=\"article:published_time\" content=\"2026-04-01T10:39:42+00:00\" \/>\n<meta property=\"article:modified_time\" content=\"2026-04-27T11:46:51+00:00\" \/>\n<meta property=\"og:image\" content=\"https:\/\/karriere.compassio.de\/magazin\/wp-content\/uploads\/2026\/04\/19.png\" \/>\n\t<meta property=\"og:image:width\" content=\"800\" \/>\n\t<meta property=\"og:image:height\" content=\"600\" \/>\n\t<meta property=\"og:image:type\" content=\"image\/png\" \/>\n<meta name=\"author\" content=\"Vanessa Angrick\" \/>\n<meta name=\"twitter:card\" content=\"summary_large_image\" \/>\n<meta name=\"twitter:label1\" content=\"Verfasst von\" \/>\n\t<meta name=\"twitter:data1\" content=\"Vanessa Angrick\" \/>\n\t<meta name=\"twitter:label2\" content=\"Gesch\u00e4tzte Lesezeit\" \/>\n\t<meta name=\"twitter:data2\" content=\"6\u00a0Minuten\" \/>\n<script type=\"application\/ld+json\" class=\"yoast-schema-graph\">{\"@context\":\"https:\\\/\\\/schema.org\",\"@graph\":[{\"@type\":\"Article\",\"@id\":\"https:\\\/\\\/karriere.compassio.de\\\/magazin\\\/weiterbildung-pflege-so-entwickelst-du-deine-karriere-%f0%9f%92%a1-bei-compassio\\\/#article\",\"isPartOf\":{\"@id\":\"https:\\\/\\\/karriere.compassio.de\\\/magazin\\\/weiterbildung-pflege-so-entwickelst-du-deine-karriere-%f0%9f%92%a1-bei-compassio\\\/\"},\"author\":{\"name\":\"Vanessa Angrick\",\"@id\":\"https:\\\/\\\/karriere.compassio.de\\\/magazin\\\/#\\\/schema\\\/person\\\/f82989bad171edfe2367aab4b6602eff\"},\"headline\":\"Weiterbildung Pflege: So entwickelst du deine Karriere \ud83d\udca1 bei compassio\",\"datePublished\":\"2026-04-01T10:39:42+00:00\",\"dateModified\":\"2026-04-27T11:46:51+00:00\",\"mainEntityOfPage\":{\"@id\":\"https:\\\/\\\/karriere.compassio.de\\\/magazin\\\/weiterbildung-pflege-so-entwickelst-du-deine-karriere-%f0%9f%92%a1-bei-compassio\\\/\"},\"wordCount\":2582,\"commentCount\":0,\"publisher\":{\"@id\":\"https:\\\/\\\/karriere.compassio.de\\\/magazin\\\/#organization\"},\"image\":{\"@id\":\"https:\\\/\\\/karriere.compassio.de\\\/magazin\\\/weiterbildung-pflege-so-entwickelst-du-deine-karriere-%f0%9f%92%a1-bei-compassio\\\/#primaryimage\"},\"thumbnailUrl\":\"https:\\\/\\\/karriere.compassio.de\\\/magazin\\\/wp-content\\\/uploads\\\/2026\\\/04\\\/19.png\",\"keywords\":[\"Karriere\",\"Pflege\",\"Weiterbildung\"],\"articleSection\":[\"Karriere in der Pflege\",\"Quereinstieg\\\/Weiterbildung\"],\"inLanguage\":\"de\",\"potentialAction\":[{\"@type\":\"CommentAction\",\"name\":\"Comment\",\"target\":[\"https:\\\/\\\/karriere.compassio.de\\\/magazin\\\/weiterbildung-pflege-so-entwickelst-du-deine-karriere-%f0%9f%92%a1-bei-compassio\\\/#respond\"]}]},{\"@type\":\"WebPage\",\"@id\":\"https:\\\/\\\/karriere.compassio.de\\\/magazin\\\/weiterbildung-pflege-so-entwickelst-du-deine-karriere-%f0%9f%92%a1-bei-compassio\\\/\",\"url\":\"https:\\\/\\\/karriere.compassio.de\\\/magazin\\\/weiterbildung-pflege-so-entwickelst-du-deine-karriere-%f0%9f%92%a1-bei-compassio\\\/\",\"name\":\"Weiterbildung Pflege: So entwickelst du deine Karriere \ud83d\udca1 bei compassio\",\"isPartOf\":{\"@id\":\"https:\\\/\\\/karriere.compassio.de\\\/magazin\\\/#website\"},\"primaryImageOfPage\":{\"@id\":\"https:\\\/\\\/karriere.compassio.de\\\/magazin\\\/weiterbildung-pflege-so-entwickelst-du-deine-karriere-%f0%9f%92%a1-bei-compassio\\\/#primaryimage\"},\"image\":{\"@id\":\"https:\\\/\\\/karriere.compassio.de\\\/magazin\\\/weiterbildung-pflege-so-entwickelst-du-deine-karriere-%f0%9f%92%a1-bei-compassio\\\/#primaryimage\"},\"thumbnailUrl\":\"https:\\\/\\\/karriere.compassio.de\\\/magazin\\\/wp-content\\\/uploads\\\/2026\\\/04\\\/19.png\",\"datePublished\":\"2026-04-01T10:39:42+00:00\",\"dateModified\":\"2026-04-27T11:46:51+00:00\",\"description\":\"Entdecke moderne Weiterbildung in der Pflege bei compassio \ud83d\udca1 hier findest du Sicherheit, Sinn und Karrierewege, die dich fachlich und pers\u00f6nlich weiterbringen\",\"breadcrumb\":{\"@id\":\"https:\\\/\\\/karriere.compassio.de\\\/magazin\\\/weiterbildung-pflege-so-entwickelst-du-deine-karriere-%f0%9f%92%a1-bei-compassio\\\/#breadcrumb\"},\"inLanguage\":\"de\",\"potentialAction\":[{\"@type\":\"ReadAction\",\"target\":[\"https:\\\/\\\/karriere.compassio.de\\\/magazin\\\/weiterbildung-pflege-so-entwickelst-du-deine-karriere-%f0%9f%92%a1-bei-compassio\\\/\"]}]},{\"@type\":\"ImageObject\",\"inLanguage\":\"de\",\"@id\":\"https:\\\/\\\/karriere.compassio.de\\\/magazin\\\/weiterbildung-pflege-so-entwickelst-du-deine-karriere-%f0%9f%92%a1-bei-compassio\\\/#primaryimage\",\"url\":\"https:\\\/\\\/karriere.compassio.de\\\/magazin\\\/wp-content\\\/uploads\\\/2026\\\/04\\\/19.png\",\"contentUrl\":\"https:\\\/\\\/karriere.compassio.de\\\/magazin\\\/wp-content\\\/uploads\\\/2026\\\/04\\\/19.png\",\"width\":800,\"height\":600,\"caption\":\"Holzfiguren, im Hintergrund ein Schirm und Einblendung mit Symbol.\"},{\"@type\":\"BreadcrumbList\",\"@id\":\"https:\\\/\\\/karriere.compassio.de\\\/magazin\\\/weiterbildung-pflege-so-entwickelst-du-deine-karriere-%f0%9f%92%a1-bei-compassio\\\/#breadcrumb\",\"itemListElement\":[{\"@type\":\"ListItem\",\"position\":1,\"name\":\"Start\",\"item\":\"https:\\\/\\\/karriere.compassio.de\\\/magazin\\\/\"},{\"@type\":\"ListItem\",\"position\":2,\"name\":\"Weiterbildung Pflege: So entwickelst du deine Karriere \ud83d\udca1 bei compassio\"}]},{\"@type\":\"WebSite\",\"@id\":\"https:\\\/\\\/karriere.compassio.de\\\/magazin\\\/#website\",\"url\":\"https:\\\/\\\/karriere.compassio.de\\\/magazin\\\/\",\"name\":\"compassio Karriere Magazin\",\"description\":\"\",\"publisher\":{\"@id\":\"https:\\\/\\\/karriere.compassio.de\\\/magazin\\\/#organization\"},\"potentialAction\":[{\"@type\":\"SearchAction\",\"target\":{\"@type\":\"EntryPoint\",\"urlTemplate\":\"https:\\\/\\\/karriere.compassio.de\\\/magazin\\\/?s={search_term_string}\"},\"query-input\":{\"@type\":\"PropertyValueSpecification\",\"valueRequired\":true,\"valueName\":\"search_term_string\"}}],\"inLanguage\":\"de\"},{\"@type\":\"Organization\",\"@id\":\"https:\\\/\\\/karriere.compassio.de\\\/magazin\\\/#organization\",\"name\":\"compassio Karriere\",\"url\":\"https:\\\/\\\/karriere.compassio.de\\\/magazin\\\/\",\"logo\":{\"@type\":\"ImageObject\",\"inLanguage\":\"de\",\"@id\":\"https:\\\/\\\/karriere.compassio.de\\\/magazin\\\/#\\\/schema\\\/logo\\\/image\\\/\",\"url\":\"https:\\\/\\\/karriere.compassio.de\\\/magazin\\\/wp-content\\\/uploads\\\/2026\\\/03\\\/logo.png\",\"contentUrl\":\"https:\\\/\\\/karriere.compassio.de\\\/magazin\\\/wp-content\\\/uploads\\\/2026\\\/03\\\/logo.png\",\"width\":952,\"height\":348,\"caption\":\"compassio Karriere\"},\"image\":{\"@id\":\"https:\\\/\\\/karriere.compassio.de\\\/magazin\\\/#\\\/schema\\\/logo\\\/image\\\/\"},\"sameAs\":[\"https:\\\/\\\/www.facebook.com\\\/compassiokarriere\\\/\"]},{\"@type\":\"Person\",\"@id\":\"https:\\\/\\\/karriere.compassio.de\\\/magazin\\\/#\\\/schema\\\/person\\\/f82989bad171edfe2367aab4b6602eff\",\"name\":\"Vanessa Angrick\",\"image\":{\"@type\":\"ImageObject\",\"inLanguage\":\"de\",\"@id\":\"https:\\\/\\\/secure.gravatar.com\\\/avatar\\\/a954875a6c9d925c6a81849d6229350a9ad62f3583dc3627aa42a030b0b2777e?s=96&d=mm&r=g\",\"url\":\"https:\\\/\\\/secure.gravatar.com\\\/avatar\\\/a954875a6c9d925c6a81849d6229350a9ad62f3583dc3627aa42a030b0b2777e?s=96&d=mm&r=g\",\"contentUrl\":\"https:\\\/\\\/secure.gravatar.com\\\/avatar\\\/a954875a6c9d925c6a81849d6229350a9ad62f3583dc3627aa42a030b0b2777e?s=96&d=mm&r=g\",\"caption\":\"Vanessa Angrick\"}}]}<\/script>\n<!-- \/ Yoast SEO plugin. -->","yoast_head_json":{"title":"Weiterbildung Pflege: So entwickelst du deine Karriere \ud83d\udca1 bei compassio","description":"Entdecke moderne Weiterbildung in der Pflege bei compassio \ud83d\udca1 hier findest du Sicherheit, Sinn und Karrierewege, die dich fachlich und pers\u00f6nlich weiterbringen","robots":{"index":"index","follow":"follow","max-snippet":"max-snippet:-1","max-image-preview":"max-image-preview:large","max-video-preview":"max-video-preview:-1"},"canonical":"https:\/\/karriere.compassio.de\/magazin\/weiterbildung-pflege-so-entwickelst-du-deine-karriere-\ud83d\udca1-bei-compassio\/","og_locale":"de_DE","og_type":"article","og_title":"Weiterbildung Pflege: So entwickelst du deine Karriere \ud83d\udca1 bei compassio","og_description":"Entdecke moderne Weiterbildung in der Pflege bei compassio \ud83d\udca1 hier findest du Sicherheit, Sinn und Karrierewege, die dich fachlich und pers\u00f6nlich weiterbringen","og_url":"https:\/\/karriere.compassio.de\/magazin\/weiterbildung-pflege-so-entwickelst-du-deine-karriere-\ud83d\udca1-bei-compassio\/","og_site_name":"Avada Magazine","article_publisher":"https:\/\/www.facebook.com\/compassiokarriere\/","article_published_time":"2026-04-01T10:39:42+00:00","article_modified_time":"2026-04-27T11:46:51+00:00","og_image":[{"width":800,"height":600,"url":"https:\/\/karriere.compassio.de\/magazin\/wp-content\/uploads\/2026\/04\/19.png","type":"image\/png"}],"author":"Vanessa Angrick","twitter_card":"summary_large_image","twitter_misc":{"Verfasst von":"Vanessa Angrick","Gesch\u00e4tzte Lesezeit":"6\u00a0Minuten"},"schema":{"@context":"https:\/\/schema.org","@graph":[{"@type":"Article","@id":"https:\/\/karriere.compassio.de\/magazin\/weiterbildung-pflege-so-entwickelst-du-deine-karriere-%f0%9f%92%a1-bei-compassio\/#article","isPartOf":{"@id":"https:\/\/karriere.compassio.de\/magazin\/weiterbildung-pflege-so-entwickelst-du-deine-karriere-%f0%9f%92%a1-bei-compassio\/"},"author":{"name":"Vanessa Angrick","@id":"https:\/\/karriere.compassio.de\/magazin\/#\/schema\/person\/f82989bad171edfe2367aab4b6602eff"},"headline":"Weiterbildung Pflege: So entwickelst du deine Karriere \ud83d\udca1 bei compassio","datePublished":"2026-04-01T10:39:42+00:00","dateModified":"2026-04-27T11:46:51+00:00","mainEntityOfPage":{"@id":"https:\/\/karriere.compassio.de\/magazin\/weiterbildung-pflege-so-entwickelst-du-deine-karriere-%f0%9f%92%a1-bei-compassio\/"},"wordCount":2582,"commentCount":0,"publisher":{"@id":"https:\/\/karriere.compassio.de\/magazin\/#organization"},"image":{"@id":"https:\/\/karriere.compassio.de\/magazin\/weiterbildung-pflege-so-entwickelst-du-deine-karriere-%f0%9f%92%a1-bei-compassio\/#primaryimage"},"thumbnailUrl":"https:\/\/karriere.compassio.de\/magazin\/wp-content\/uploads\/2026\/04\/19.png","keywords":["Karriere","Pflege","Weiterbildung"],"articleSection":["Karriere in der Pflege","Quereinstieg\/Weiterbildung"],"inLanguage":"de","potentialAction":[{"@type":"CommentAction","name":"Comment","target":["https:\/\/karriere.compassio.de\/magazin\/weiterbildung-pflege-so-entwickelst-du-deine-karriere-%f0%9f%92%a1-bei-compassio\/#respond"]}]},{"@type":"WebPage","@id":"https:\/\/karriere.compassio.de\/magazin\/weiterbildung-pflege-so-entwickelst-du-deine-karriere-%f0%9f%92%a1-bei-compassio\/","url":"https:\/\/karriere.compassio.de\/magazin\/weiterbildung-pflege-so-entwickelst-du-deine-karriere-%f0%9f%92%a1-bei-compassio\/","name":"Weiterbildung Pflege: So entwickelst du deine Karriere \ud83d\udca1 bei compassio","isPartOf":{"@id":"https:\/\/karriere.compassio.de\/magazin\/#website"},"primaryImageOfPage":{"@id":"https:\/\/karriere.compassio.de\/magazin\/weiterbildung-pflege-so-entwickelst-du-deine-karriere-%f0%9f%92%a1-bei-compassio\/#primaryimage"},"image":{"@id":"https:\/\/karriere.compassio.de\/magazin\/weiterbildung-pflege-so-entwickelst-du-deine-karriere-%f0%9f%92%a1-bei-compassio\/#primaryimage"},"thumbnailUrl":"https:\/\/karriere.compassio.de\/magazin\/wp-content\/uploads\/2026\/04\/19.png","datePublished":"2026-04-01T10:39:42+00:00","dateModified":"2026-04-27T11:46:51+00:00","description":"Entdecke moderne Weiterbildung in der Pflege bei compassio \ud83d\udca1 hier findest du Sicherheit, Sinn und Karrierewege, die dich fachlich und pers\u00f6nlich weiterbringen","breadcrumb":{"@id":"https:\/\/karriere.compassio.de\/magazin\/weiterbildung-pflege-so-entwickelst-du-deine-karriere-%f0%9f%92%a1-bei-compassio\/#breadcrumb"},"inLanguage":"de","potentialAction":[{"@type":"ReadAction","target":["https:\/\/karriere.compassio.de\/magazin\/weiterbildung-pflege-so-entwickelst-du-deine-karriere-%f0%9f%92%a1-bei-compassio\/"]}]},{"@type":"ImageObject","inLanguage":"de","@id":"https:\/\/karriere.compassio.de\/magazin\/weiterbildung-pflege-so-entwickelst-du-deine-karriere-%f0%9f%92%a1-bei-compassio\/#primaryimage","url":"https:\/\/karriere.compassio.de\/magazin\/wp-content\/uploads\/2026\/04\/19.png","contentUrl":"https:\/\/karriere.compassio.de\/magazin\/wp-content\/uploads\/2026\/04\/19.png","width":800,"height":600,"caption":"Holzfiguren, im Hintergrund ein Schirm und Einblendung mit Symbol."},{"@type":"BreadcrumbList","@id":"https:\/\/karriere.compassio.de\/magazin\/weiterbildung-pflege-so-entwickelst-du-deine-karriere-%f0%9f%92%a1-bei-compassio\/#breadcrumb","itemListElement":[{"@type":"ListItem","position":1,"name":"Start","item":"https:\/\/karriere.compassio.de\/magazin\/"},{"@type":"ListItem","position":2,"name":"Weiterbildung Pflege: So entwickelst du deine Karriere \ud83d\udca1 bei compassio"}]},{"@type":"WebSite","@id":"https:\/\/karriere.compassio.de\/magazin\/#website","url":"https:\/\/karriere.compassio.de\/magazin\/","name":"compassio Karriere Magazin","description":"","publisher":{"@id":"https:\/\/karriere.compassio.de\/magazin\/#organization"},"potentialAction":[{"@type":"SearchAction","target":{"@type":"EntryPoint","urlTemplate":"https:\/\/karriere.compassio.de\/magazin\/?s={search_term_string}"},"query-input":{"@type":"PropertyValueSpecification","valueRequired":true,"valueName":"search_term_string"}}],"inLanguage":"de"},{"@type":"Organization","@id":"https:\/\/karriere.compassio.de\/magazin\/#organization","name":"compassio Karriere","url":"https:\/\/karriere.compassio.de\/magazin\/","logo":{"@type":"ImageObject","inLanguage":"de","@id":"https:\/\/karriere.compassio.de\/magazin\/#\/schema\/logo\/image\/","url":"https:\/\/karriere.compassio.de\/magazin\/wp-content\/uploads\/2026\/03\/logo.png","contentUrl":"https:\/\/karriere.compassio.de\/magazin\/wp-content\/uploads\/2026\/03\/logo.png","width":952,"height":348,"caption":"compassio Karriere"},"image":{"@id":"https:\/\/karriere.compassio.de\/magazin\/#\/schema\/logo\/image\/"},"sameAs":["https:\/\/www.facebook.com\/compassiokarriere\/"]},{"@type":"Person","@id":"https:\/\/karriere.compassio.de\/magazin\/#\/schema\/person\/f82989bad171edfe2367aab4b6602eff","name":"Vanessa Angrick","image":{"@type":"ImageObject","inLanguage":"de","@id":"https:\/\/secure.gravatar.com\/avatar\/a954875a6c9d925c6a81849d6229350a9ad62f3583dc3627aa42a030b0b2777e?s=96&d=mm&r=g","url":"https:\/\/secure.gravatar.com\/avatar\/a954875a6c9d925c6a81849d6229350a9ad62f3583dc3627aa42a030b0b2777e?s=96&d=mm&r=g","contentUrl":"https:\/\/secure.gravatar.com\/avatar\/a954875a6c9d925c6a81849d6229350a9ad62f3583dc3627aa42a030b0b2777e?s=96&d=mm&r=g","caption":"Vanessa Angrick"}}]}},"_links":{"self":[{"href":"https:\/\/karriere.compassio.de\/magazin\/wp-json\/wp\/v2\/posts\/2102","targetHints":{"allow":["GET"]}}],"collection":[{"href":"https:\/\/karriere.compassio.de\/magazin\/wp-json\/wp\/v2\/posts"}],"about":[{"href":"https:\/\/karriere.compassio.de\/magazin\/wp-json\/wp\/v2\/types\/post"}],"author":[{"embeddable":true,"href":"https:\/\/karriere.compassio.de\/magazin\/wp-json\/wp\/v2\/users\/3"}],"replies":[{"embeddable":true,"href":"https:\/\/karriere.compassio.de\/magazin\/wp-json\/wp\/v2\/comments?post=2102"}],"version-history":[{"count":9,"href":"https:\/\/karriere.compassio.de\/magazin\/wp-json\/wp\/v2\/posts\/2102\/revisions"}],"predecessor-version":[{"id":2373,"href":"https:\/\/karriere.compassio.de\/magazin\/wp-json\/wp\/v2\/posts\/2102\/revisions\/2373"}],"wp:featuredmedia":[{"embeddable":true,"href":"https:\/\/karriere.compassio.de\/magazin\/wp-json\/wp\/v2\/media\/2141"}],"wp:attachment":[{"href":"https:\/\/karriere.compassio.de\/magazin\/wp-json\/wp\/v2\/media?parent=2102"}],"wp:term":[{"taxonomy":"category","embeddable":true,"href":"https:\/\/karriere.compassio.de\/magazin\/wp-json\/wp\/v2\/categories?post=2102"},{"taxonomy":"post_tag","embeddable":true,"href":"https:\/\/karriere.compassio.de\/magazin\/wp-json\/wp\/v2\/tags?post=2102"}],"curies":[{"name":"wp","href":"https:\/\/api.w.org\/{rel}","templated":true}]}}