{"id":2105,"date":"2026-04-01T10:39:25","date_gmt":"2026-04-01T10:39:25","guid":{"rendered":"https:\/\/karriere.compassio.de\/magazin\/?p=2105"},"modified":"2026-04-27T13:54:57","modified_gmt":"2026-04-27T11:54:57","slug":"pflege-und-familie-vereinen-wie-du-bei-compassio-beides-lebst","status":"publish","type":"post","link":"https:\/\/karriere.compassio.de\/magazin\/pflege-und-familie-vereinen-wie-du-bei-compassio-beides-lebst\/","title":{"rendered":"Pflege und Familie vereinen: Wie du bei compassio beides lebst"},"content":{"rendered":"<div class=\"fusion-fullwidth fullwidth-box fusion-builder-row-1 fusion-flex-container has-pattern-background has-mask-background nonhundred-percent-fullwidth non-hundred-percent-height-scrolling\" style=\"--awb-border-radius-top-left:0px;--awb-border-radius-top-right:0px;--awb-border-radius-bottom-right:0px;--awb-border-radius-bottom-left:0px;--awb-padding-right:0px;--awb-padding-left:0px;--awb-flex-wrap:wrap;\" ><div class=\"fusion-builder-row fusion-row fusion-flex-align-items-flex-start fusion-flex-content-wrap\" style=\"max-width:1302px;margin-left: calc(-5% \/ 2 );margin-right: calc(-5% \/ 2 );\"><div class=\"fusion-layout-column fusion_builder_column fusion-builder-column-0 fusion_builder_column_1_1 1_1 fusion-flex-column\" style=\"--awb-bg-size:cover;--awb-width-large:100%;--awb-margin-top-large:0px;--awb-spacing-right-large:2.375%;--awb-margin-bottom-large:0px;--awb-spacing-left-large:2.375%;--awb-width-medium:100%;--awb-order-medium:0;--awb-spacing-right-medium:2.375%;--awb-spacing-left-medium:2.375%;--awb-width-small:100%;--awb-order-small:0;--awb-spacing-right-small:2.375%;--awb-spacing-left-small:2.375%;\"><div class=\"fusion-column-wrapper fusion-column-has-shadow fusion-flex-justify-content-flex-start fusion-content-layout-column\"><div class=\"fusion-text fusion-text-1\"><p>Der Alltag in der Pflege ist intensiv, emotional und oft unberechenbar. Gleichzeitig w\u00fcnschst du dir Zeit f\u00fcr deine Familie, f\u00fcr Freunde und f\u00fcr dich selbst. Genau hier liegt die Herausforderung: Pflege und Familie vereinen, ohne dich zu \u00fcberfordern und ohne deine berufliche Leidenschaft aufzugeben. In diesem Beitrag zeigen wir dir, welche gesetzlichen Modelle dich unterst\u00fctzen, welche Arbeitszeitmodelle es in der Praxis gibt und wie wir bei compassio Rahmenbedingungen schaffen, die zu deinem Leben passen.<\/p>\n<h2>Pflege und Familie vereinen: Schwierigkeiten und Gestaltungsspielr\u00e4ume<\/h2>\n<p>Du kennst es aus deinem Dienstplan: <strong>Fr\u00fchdienst, Sp\u00e4tdienst, Nachtdienst<\/strong>, Wochenenden, Feiertage, kurzfristige Diensteinspr\u00fcnge. Wenn du <strong>Kinder <\/strong>hast, Angeh\u00f6rige pflegst oder einfach verl\u00e4ssliche Freizeit brauchst, f\u00fchlt sich das schnell <strong>wie ein Dauer-Spagat<\/strong> an.<\/p>\n<p>Gleichzeitig gibt es mehr M\u00f6glichkeiten als viele denken. Pflegeberuf und Familie vereinen, das ist l\u00e4ngst ein politisches Thema, rechtlich abgesichert und in <strong>modernen Einrichtungen<\/strong> ein wesentlicher Teil der Personalstrategie. In einem gro\u00dfen Pflegeverbund wie compassio mit vielen Standorten, unterschiedlichen Bereichen \u2013 station\u00e4re Pflege, Tagespflege, au\u00dferklinische Intensivpflege, betreutes Wohnen \u2013 und einem breiten Spektrum an Stellen entstehen Spielr\u00e4ume, die du nutzen kannst \u2013 vom Arbeitszeitmodell bis zur Karriereplanung.<\/p>\n<\/div><div class=\"fusion-image-element \" style=\"--awb-caption-title-font-family:var(--h2_typography-font-family);--awb-caption-title-font-weight:var(--h2_typography-font-weight);--awb-caption-title-font-style:var(--h2_typography-font-style);--awb-caption-title-size:var(--h2_typography-font-size);--awb-caption-title-transform:var(--h2_typography-text-transform);--awb-caption-title-line-height:var(--h2_typography-line-height);--awb-caption-title-letter-spacing:var(--h2_typography-letter-spacing);\"><span class=\" fusion-imageframe imageframe-none imageframe-1 hover-type-none\"><img decoding=\"async\" width=\"800\" height=\"600\" alt=\"Gl\u00fcckliche Menschen lachen zusammen.\" title=\"Spa\u00df im Pflegealltag bei Compassio\" src=\"https:\/\/karriere.compassio.de\/magazin\/wp-content\/uploads\/2026\/04\/15.png\" data-orig-src=\"https:\/\/karriere.compassio.de\/magazin\/wp-content\/uploads\/2026\/04\/15.png\" class=\"lazyload img-responsive wp-image-2127\" srcset=\"data:image\/svg+xml,%3Csvg%20xmlns%3D%27http%3A%2F%2Fwww.w3.org%2F2000%2Fsvg%27%20width%3D%27800%27%20height%3D%27600%27%20viewBox%3D%270%200%20800%20600%27%3E%3Crect%20width%3D%27800%27%20height%3D%27600%27%20fill-opacity%3D%220%22%2F%3E%3C%2Fsvg%3E\" data-srcset=\"https:\/\/karriere.compassio.de\/magazin\/wp-content\/uploads\/2026\/04\/15-200x150.png 200w, https:\/\/karriere.compassio.de\/magazin\/wp-content\/uploads\/2026\/04\/15-400x300.png 400w, https:\/\/karriere.compassio.de\/magazin\/wp-content\/uploads\/2026\/04\/15-600x450.png 600w, https:\/\/karriere.compassio.de\/magazin\/wp-content\/uploads\/2026\/04\/15.png 800w\" data-sizes=\"auto\" data-orig-sizes=\"(max-width: 800px) 100vw, 800px\" \/><\/span><\/div><div class=\"fusion-text fusion-text-2\"><h2>Arbeitszeitmodelle, die Pflege und Familie vereinen \u2013 was in der Praxis funktioniert<\/h2>\n<p>Rechtliche Rahmen helfen, aber der Alltag entscheidet sich im Dienstplan. Darum sind flexible Arbeitszeitmodelle der zentrale Hebel, damit du deinen Pflegeberuf, deine Kinder, deinen Partner oder andere Angeh\u00f6rige unter einen Hut bringst.<\/p>\n<h3>Klassische Teilzeit: Weniger Stunden, mehr Planbarkeit<\/h3>\n<p>Die Teilzeit ist in der Pflege das bevorzugte Modell, um die Balance zwischen Beruf, Familie und Freizeit individuell zu gestalten. Dabei variieren die M\u00f6glichkeiten von einer klassischen <strong>Reduktion der w\u00f6chentlichen Arbeitsstunden<\/strong> \u00fcber die <strong>Konzentration der Dienste<\/strong> auf spezifische Wochentage bis hin zum gezielten <strong>Ausschluss einzelner Schichtarten<\/strong>, wie beispielsweise dem Verzicht auf Nachtdienste oder Sp\u00e4tschichten nach individueller Vereinbarung.<\/p>\n<p>In vielen compassio-Einrichtungen stellen wir fest: Gut abgestimmte Teilzeitkr\u00e4fte entlasten das gesamte Team, weil sie mit klaren Zeiten planen und auch langfristig im Beruf bleiben. Wenn du dich \u00fcber Teilzeitmodelle im Rahmen eines Stellenwechsels informieren m\u00f6chtest, startest du am besten \u00fcber unsere \u00dcbersicht zu <a href=\"https:\/\/karriere.compassio.de\/pflege\/\">Pflege Jobs bei compassio<\/a>.<\/p>\n<h3>Arbeitszeitkonten und Wunschdienstpl\u00e4ne<\/h3>\n<p>Moderne Pflegeeinrichtungen nutzen zunehmend <strong>Arbeitszeitkonten<\/strong>, um Arbeitsspitzen und Ruhephasen flexibel auszugleichen. Dies erm\u00f6glicht es dir, Dienste an deine privaten Verpflichtungen anzupassen, Plusstunden in ruhigeren Zeiten gezielt auf- oder abzubauen und durch <strong>Wunschdienstpl\u00e4ne<\/strong> eine verl\u00e4ssliche Struktur zu schaffen. So lassen sich auch regelm\u00e4\u00dfige Termine, wie die Pflege von Angeh\u00f6rigen, erfolgreich in den Berufsalltag integrieren, sofern die <strong>Gesamtbesetzung im Team<\/strong> gew\u00e4hrleistet bleibt.<\/p>\n<h3>Modelle f\u00fcr Schichtdienst mit Familie: Beispiele aus der Praxis<\/h3>\n<p>Um die Vereinbarkeit von Familie und Beruf im Schichtdienst zu gew\u00e4hrleisten, haben sich in der Pflege praxisnahe Modelle wie die <strong>\u201eMama- oder Papa-Schichten\u201c<\/strong> etabliert, die durch bevorzugte Fr\u00fchdienste Freir\u00e4ume f\u00fcr die Nachmittagsgestaltung schaffen. Alternativ erm\u00f6glichen <strong>kompakte Arbeitsbl\u00f6cke<\/strong> l\u00e4ngere zusammenh\u00e4ngende Erholungsphasen, w\u00e4hrend eine <strong>offene Diensttausch-Kultur<\/strong> im Team die n\u00f6tige Flexibilit\u00e4t f\u00fcr kurzfristige Engp\u00e4sse bietet. Entscheidend f\u00fcr den Erfolg dieser Modelle ist eine transparente Kommunikation zwischen Mitarbeitenden und Leitung, um gemeinsam bed\u00fcrfnisorientierte und tragf\u00e4hige L\u00f6sungen zu entwickeln.<\/p>\n<\/div><div class=\"fusion-image-element \" style=\"--awb-caption-title-font-family:var(--h2_typography-font-family);--awb-caption-title-font-weight:var(--h2_typography-font-weight);--awb-caption-title-font-style:var(--h2_typography-font-style);--awb-caption-title-size:var(--h2_typography-font-size);--awb-caption-title-transform:var(--h2_typography-text-transform);--awb-caption-title-line-height:var(--h2_typography-line-height);--awb-caption-title-letter-spacing:var(--h2_typography-letter-spacing);\"><span class=\" fusion-imageframe imageframe-none imageframe-2 hover-type-none\"><img decoding=\"async\" width=\"800\" height=\"600\" alt=\"Frau blickt in die Kamera. Im Hintergrund Menschen die lernen.\" title=\"Ausbildung Pflege Compassio.\" src=\"https:\/\/karriere.compassio.de\/magazin\/wp-content\/uploads\/2026\/04\/20.png\" data-orig-src=\"https:\/\/karriere.compassio.de\/magazin\/wp-content\/uploads\/2026\/04\/20.png\" class=\"lazyload img-responsive wp-image-2149\" srcset=\"data:image\/svg+xml,%3Csvg%20xmlns%3D%27http%3A%2F%2Fwww.w3.org%2F2000%2Fsvg%27%20width%3D%27800%27%20height%3D%27600%27%20viewBox%3D%270%200%20800%20600%27%3E%3Crect%20width%3D%27800%27%20height%3D%27600%27%20fill-opacity%3D%220%22%2F%3E%3C%2Fsvg%3E\" data-srcset=\"https:\/\/karriere.compassio.de\/magazin\/wp-content\/uploads\/2026\/04\/20-200x150.png 200w, https:\/\/karriere.compassio.de\/magazin\/wp-content\/uploads\/2026\/04\/20-400x300.png 400w, https:\/\/karriere.compassio.de\/magazin\/wp-content\/uploads\/2026\/04\/20-600x450.png 600w, https:\/\/karriere.compassio.de\/magazin\/wp-content\/uploads\/2026\/04\/20.png 800w\" data-sizes=\"auto\" data-orig-sizes=\"(max-width: 800px) 100vw, 800px\" \/><\/span><\/div><div class=\"fusion-text fusion-text-3\"><h2>Modelle, mit denen du Freizeit, Familie und Pflegeberuf ausbalancierst<\/h2>\n<p>Neben den rechtlichen Instrumenten und klassischen Arbeitszeitmodellen gibt es weitere Wege, wie du ganz praktisch Ausgleich schaffen kannst. Die folgenden Modelle basieren auf Erfahrungen aus unserem Netzwerk und lassen sich je nach Standort unterschiedlich umsetzen.<\/p>\n<h3>Modell 1: Fokus auf Wochenstruktur \u2013 feste Familien- und freie Tage<\/h3>\n<p>Eine stabile Wochenstruktur bietet vielen Pflegekr\u00e4ften eine sp\u00fcrbare Entlastung und sch\u00fctzt vor st\u00e4ndiger Improvisation im Alltag. Durch die Festlegung <strong>fester Nachmittage<\/strong> f\u00fcr Kinder oder Angeh\u00f6rige sowie eines klar definierten <strong>Regenerationstages<\/strong> ohne jegliche Dienstpflichten l\u00e4sst sich eine verl\u00e4ssliche Balance schaffen. Die fr\u00fchzeitige Abstimmung der Dienstpl\u00e4ne mit dem privaten Betreuungsnetzwerk und eine konsequente Kommunikation im Team sind dabei die Schl\u00fcssel, um Pflege und Familie nachhaltig und rhythmisch miteinander zu vereinen.<\/p>\n<h3>Modell 2: Rollenwechsel \u2013 von der Vollzeit-Pflegefachkraft zu geteilten Verantwortlichkeiten<\/h3>\n<p>Gerade <strong>erfahrene Fachkr\u00e4fte<\/strong> im Alter 45+ erleben die <strong>Doppelbelastung <\/strong>aus Beruf und Angeh\u00f6rigenpflege stark. Ein Weg zu mehr Ausgleich:<\/p>\n<\/div><ul style=\"--awb-item-padding-top:10px;--awb-item-padding-left:25px;--awb-iconcolor:var(--awb-color4);--awb-line-height:27.2px;--awb-icon-width:27.2px;--awb-icon-height:27.2px;--awb-icon-margin:11.2px;--awb-content-margin:38.4px;--awb-circlecolor:hsla(var(--awb-color4-h),var(--awb-color4-s),var(--awb-color4-l),calc(var(--awb-color4-a) - 90%));--awb-circle-yes-font-size:14.08px;\" class=\"fusion-checklist fusion-checklist-1 type-icons\"><li class=\"fusion-li-item\" style=\"\"><span class=\"icon-wrapper circle-yes\"><i class=\"fusion-li-icon awb-magazine-angle-right-solid\" aria-hidden=\"true\"><\/i><\/span><div class=\"fusion-li-item-content\">\n<p>Wechsel aus einer k\u00f6rperlich sehr <strong>belastenden Station<\/strong> in einen Bereich mit mehr Struktur, etwa <a href=\"https:\/\/karriere.compassio.de\/pflege\/ergotherapeut-betreuungsassistent\/\">Betreuung und Aktivierung<\/a> oder Tagespflege.<\/p>\n<\/div><\/li><li class=\"fusion-li-item\" style=\"\"><span class=\"icon-wrapper circle-yes\"><i class=\"fusion-li-icon awb-magazine-angle-right-solid\" aria-hidden=\"true\"><\/i><\/span><div class=\"fusion-li-item-content\">\n<p>Kombination aus <strong>Praxis und koordinierenden Aufgaben<\/strong>, z. B. in Richtung <a href=\"https:\/\/karriere.compassio.de\/fuehrungskraefte\/pflegedienstleitung-2\/\">Pflegedienstleitung<\/a> oder Qualit\u00e4tsmanagement, wo du st\u00e4rker planend und beratend arbeitest.<\/p>\n<\/div><\/li><\/ul><div class=\"fusion-text fusion-text-4\"><p>So bleibst du in der Pflege, bringst deine Erfahrung ein und reduzierst gleichzeitig den k\u00f6rperlichen Stress \u2013 ein wichtiger Faktor, um langfristig gesund zu bleiben und deine privaten Verpflichtungen zu erf\u00fcllen.<\/p>\n<h3>Modell 3: Tempor\u00e4re berufliche Reduktion bei intensiver Angeh\u00f6rigenpflege<\/h3>\n<p>In Phasen intensiver h\u00e4uslicher Pflege, etwa bei hohen Pflegegraden oder in der Sterbebegleitung, bietet ein zeitlich befristetes Arbeitsmodell die notwendige psychische Entlastung. Durch die Nutzung von <strong>Pflegezeit oder Familienpflegezeit<\/strong>, eine Reduzierung der Stelle auf ein Minimum sowie <strong>klare Wiedereinstiegsvereinbarungen<\/strong> mit der Einrichtungsleitung wird der Dauerdruck zwischen Arbeitgeber und Familie aufgel\u00f6st. Dieser strukturierte Rahmen erm\u00f6glicht es, sich voll auf den Angeh\u00f6rigen zu konzentrieren, w\u00e4hrend gleichzeitig der <strong>Kontakt zum Team<\/strong> und ein geordneter R\u00fcckweg in den Beruf gesichert bleiben.<\/p>\n<\/div><div class=\"fusion-image-element \" style=\"--awb-caption-title-font-family:var(--h2_typography-font-family);--awb-caption-title-font-weight:var(--h2_typography-font-weight);--awb-caption-title-font-style:var(--h2_typography-font-style);--awb-caption-title-size:var(--h2_typography-font-size);--awb-caption-title-transform:var(--h2_typography-text-transform);--awb-caption-title-line-height:var(--h2_typography-line-height);--awb-caption-title-letter-spacing:var(--h2_typography-letter-spacing);\"><span class=\" fusion-imageframe imageframe-none imageframe-3 hover-type-none\"><img decoding=\"async\" width=\"800\" height=\"600\" alt=\"Gl\u00fcckliche Mitarbeiter mit Pose.\" title=\"Teamfoto Compassio\" src=\"https:\/\/karriere.compassio.de\/magazin\/wp-content\/uploads\/2026\/04\/1.png\" data-orig-src=\"https:\/\/karriere.compassio.de\/magazin\/wp-content\/uploads\/2026\/04\/1.png\" class=\"lazyload img-responsive wp-image-2128\" srcset=\"data:image\/svg+xml,%3Csvg%20xmlns%3D%27http%3A%2F%2Fwww.w3.org%2F2000%2Fsvg%27%20width%3D%27800%27%20height%3D%27600%27%20viewBox%3D%270%200%20800%20600%27%3E%3Crect%20width%3D%27800%27%20height%3D%27600%27%20fill-opacity%3D%220%22%2F%3E%3C%2Fsvg%3E\" data-srcset=\"https:\/\/karriere.compassio.de\/magazin\/wp-content\/uploads\/2026\/04\/1-200x150.png 200w, https:\/\/karriere.compassio.de\/magazin\/wp-content\/uploads\/2026\/04\/1-400x300.png 400w, https:\/\/karriere.compassio.de\/magazin\/wp-content\/uploads\/2026\/04\/1-600x450.png 600w, https:\/\/karriere.compassio.de\/magazin\/wp-content\/uploads\/2026\/04\/1.png 800w\" data-sizes=\"auto\" data-orig-sizes=\"(max-width: 800px) 100vw, 800px\" \/><\/span><\/div><div class=\"fusion-text fusion-text-5\"><h2><span style=\"font-size: 16px;\">Vereinbarkeit von Pflege und Beruf in der Praxis: Was compassio als Arbeitgeber leistet<\/span><\/h2>\n<p>Als Pflegeanbieter mit bundesweiter Pr\u00e4senz und \u00fcber hundert station\u00e4ren Einrichtungen erleben wir t\u00e4glich, wie wichtig ein verl\u00e4sslicher Rahmen f\u00fcr Mitarbeitende ist. Wenn du Pflege und Familie vereinen willst, brauchst du mehr als theoretische Modelle. Du brauchst einen Arbeitgeber, der diese Modelle mit Leben f\u00fcllt. Was dir compassio bietet:<\/p>\n<\/div><ul style=\"--awb-item-padding-top:10px;--awb-item-padding-left:25px;--awb-iconcolor:var(--awb-color4);--awb-line-height:27.2px;--awb-icon-width:27.2px;--awb-icon-height:27.2px;--awb-icon-margin:11.2px;--awb-content-margin:38.4px;--awb-circlecolor:hsla(var(--awb-color4-h),var(--awb-color4-s),var(--awb-color4-l),calc(var(--awb-color4-a) - 90%));--awb-circle-yes-font-size:14.08px;\" class=\"fusion-checklist fusion-checklist-2 type-icons\"><li class=\"fusion-li-item\" style=\"\"><span class=\"icon-wrapper circle-yes\"><i class=\"fusion-li-icon awb-magazine-angle-right-solid\" aria-hidden=\"true\"><\/i><\/span><div class=\"fusion-li-item-content\">\n<p><strong>Flexibilit\u00e4t in der Arbeitszeitgestaltung:<\/strong> Teilzeitoptionen, feste Schichten, individuelle Absprachen, wo der Versorgungsauftrag es zul\u00e4sst.<\/p>\n<\/div><\/li><li class=\"fusion-li-item\" style=\"\"><span class=\"icon-wrapper circle-yes\"><i class=\"fusion-li-icon awb-magazine-angle-right-solid\" aria-hidden=\"true\"><\/i><\/span><div class=\"fusion-li-item-content\">\n<p><strong>Moderne Infrastruktur und digitale Unterst\u00fctzung: <\/strong>Digitale Dokumentation und effiziente Prozesse sparen Zeit, die du wieder f\u00fcr Bewohner und deine Familie nutzen kannst.<\/p>\n<\/div><\/li><li class=\"fusion-li-item\" style=\"\"><span class=\"icon-wrapper circle-yes\"><i class=\"fusion-li-icon awb-magazine-angle-right-solid\" aria-hidden=\"true\"><\/i><\/span><div class=\"fusion-li-item-content\">\n<p><strong>Karrierewege mit Sinn und Perspektive: <\/strong>Vom Einstieg als <a href=\"https:\/\/karriere.compassio.de\/pflege\/pflegehilfskraft\/\">Pflegehilfskraft<\/a> \u00fcber die <a href=\"https:\/\/karriere.compassio.de\/pflege\/pflegefachkraft\/\">Pflegefachkraft<\/a> bis hin zu Leitungsfunktionen \u2013 immer mit Blick darauf, wie dein Lebensmodell dazu passt.<\/p>\n<\/div><\/li><li class=\"fusion-li-item\" style=\"\"><span class=\"icon-wrapper circle-yes\"><i class=\"fusion-li-icon awb-magazine-angle-right-solid\" aria-hidden=\"true\"><\/i><\/span><div class=\"fusion-li-item-content\">\n<p><strong>Leichtigkeit und Teamkultur: <\/strong>Wir f\u00f6rdern eine angstfreie Arbeitsatmosph\u00e4re mit offener Feedbackkultur. In einem funktionierenden Team gelingt Diensttausch, Unterst\u00fctzung bei Engp\u00e4ssen und echte Entlastung.<\/p>\n<\/div><\/li><\/ul><div class=\"fusion-text fusion-text-6\"><p>Wenn du sp\u00fcrst, dass dein aktuelles Setting nicht mehr zu deiner Lebensphase passt, lohnt sich der Blick auf unsere <a href=\"https:\/\/karriere.compassio.de\/stellen\/\">aktuellen Stellenangebote<\/a>. In vielen H\u00e4usern suchen wir ausdr\u00fccklich nach Mitarbeitenden, die ihre Arbeitszeit an Familie oder Pflege von Angeh\u00f6rigen anpassen m\u00f6chten.<\/p>\n<\/div><div class=\"fusion-title title fusion-title-1 fusion-sep-none fusion-title-text fusion-title-size-three\" style=\"--awb-margin-top-small:10px;--awb-margin-right-small:0px;--awb-margin-bottom-small:10px;--awb-margin-left-small:0px;\"><h3 class=\"fusion-title-heading title-heading-left\" style=\"margin:0;\"><\/h3><\/div><\/div><\/div><\/div><\/div>\n","protected":false},"excerpt":{"rendered":"<p>n diesem Beitrag zeigen wir dir, welche gesetzlichen Modelle dich unterst\u00fctzen, welche Arbeitszeitmodelle es in der Praxis gibt und wie wir bei compassio Rahmenbedingungen schaffen, die zu deinem Leben passen.<\/p>\n","protected":false},"author":3,"featured_media":2144,"comment_status":"open","ping_status":"open","sticky":false,"template":"","format":"standard","meta":{"footnotes":""},"categories":[64],"tags":[75,70],"class_list":["post-2105","post","type-post","status-publish","format-standard","has-post-thumbnail","hentry","category-arbeit-in-der-pflege","tag-familie","tag-pflege"],"yoast_head":"<!-- This site is optimized with the Yoast SEO plugin v27.4 - https:\/\/yoast.com\/product\/yoast-seo-wordpress\/ -->\n<title>Pflege und Familie vereinen: Wie du bei compassio beides lebst<\/title>\n<meta name=\"description\" content=\"Entdecke bei compassio, wie du Pflege und Familie vereinen kannst. Mit flexiblen Arbeitszeiten, moderner Technik und sicherer Karriere in einem starken Team\" \/>\n<meta name=\"robots\" content=\"index, follow, max-snippet:-1, max-image-preview:large, max-video-preview:-1\" \/>\n<link rel=\"canonical\" href=\"https:\/\/karriere.compassio.de\/magazin\/pflege-und-familie-vereinen-wie-du-bei-compassio-beides-lebst\/\" \/>\n<meta property=\"og:locale\" content=\"de_DE\" \/>\n<meta property=\"og:type\" content=\"article\" \/>\n<meta property=\"og:title\" content=\"Pflege und Familie vereinen: Wie du bei compassio beides lebst\" \/>\n<meta property=\"og:description\" content=\"Entdecke bei compassio, wie du Pflege und Familie vereinen kannst. Mit flexiblen Arbeitszeiten, moderner Technik und sicherer Karriere in einem starken Team\" \/>\n<meta property=\"og:url\" content=\"https:\/\/karriere.compassio.de\/magazin\/pflege-und-familie-vereinen-wie-du-bei-compassio-beides-lebst\/\" \/>\n<meta property=\"og:site_name\" content=\"Avada Magazine\" \/>\n<meta property=\"article:publisher\" content=\"https:\/\/www.facebook.com\/compassiokarriere\/\" \/>\n<meta property=\"article:published_time\" content=\"2026-04-01T10:39:25+00:00\" \/>\n<meta property=\"article:modified_time\" content=\"2026-04-27T11:54:57+00:00\" \/>\n<meta property=\"og:image\" content=\"https:\/\/karriere.compassio.de\/magazin\/wp-content\/uploads\/2026\/04\/Gemini_Generated_Image_iwh2bjiwh2bjiwh2-1-scaled.png\" \/>\n\t<meta property=\"og:image:width\" content=\"2560\" \/>\n\t<meta property=\"og:image:height\" content=\"1429\" \/>\n\t<meta property=\"og:image:type\" content=\"image\/png\" \/>\n<meta name=\"author\" content=\"Vanessa Angrick\" \/>\n<meta name=\"twitter:card\" content=\"summary_large_image\" \/>\n<meta name=\"twitter:label1\" content=\"Verfasst von\" \/>\n\t<meta name=\"twitter:data1\" content=\"Vanessa Angrick\" \/>\n\t<meta name=\"twitter:label2\" content=\"Gesch\u00e4tzte Lesezeit\" \/>\n\t<meta name=\"twitter:data2\" content=\"7\u00a0Minuten\" \/>\n<script type=\"application\/ld+json\" class=\"yoast-schema-graph\">{\"@context\":\"https:\\\/\\\/schema.org\",\"@graph\":[{\"@type\":\"Article\",\"@id\":\"https:\\\/\\\/karriere.compassio.de\\\/magazin\\\/pflege-und-familie-vereinen-wie-du-bei-compassio-beides-lebst\\\/#article\",\"isPartOf\":{\"@id\":\"https:\\\/\\\/karriere.compassio.de\\\/magazin\\\/pflege-und-familie-vereinen-wie-du-bei-compassio-beides-lebst\\\/\"},\"author\":{\"name\":\"Vanessa Angrick\",\"@id\":\"https:\\\/\\\/karriere.compassio.de\\\/magazin\\\/#\\\/schema\\\/person\\\/f82989bad171edfe2367aab4b6602eff\"},\"headline\":\"Pflege und Familie vereinen: Wie du bei compassio beides lebst\",\"datePublished\":\"2026-04-01T10:39:25+00:00\",\"dateModified\":\"2026-04-27T11:54:57+00:00\",\"mainEntityOfPage\":{\"@id\":\"https:\\\/\\\/karriere.compassio.de\\\/magazin\\\/pflege-und-familie-vereinen-wie-du-bei-compassio-beides-lebst\\\/\"},\"wordCount\":2865,\"commentCount\":0,\"publisher\":{\"@id\":\"https:\\\/\\\/karriere.compassio.de\\\/magazin\\\/#organization\"},\"image\":{\"@id\":\"https:\\\/\\\/karriere.compassio.de\\\/magazin\\\/pflege-und-familie-vereinen-wie-du-bei-compassio-beides-lebst\\\/#primaryimage\"},\"thumbnailUrl\":\"https:\\\/\\\/karriere.compassio.de\\\/magazin\\\/wp-content\\\/uploads\\\/2026\\\/04\\\/Gemini_Generated_Image_iwh2bjiwh2bjiwh2-1-scaled.png\",\"keywords\":[\"Familie\",\"Pflege\"],\"articleSection\":[\"Arbeit &amp; Leben in der Pflege\"],\"inLanguage\":\"de\",\"potentialAction\":[{\"@type\":\"CommentAction\",\"name\":\"Comment\",\"target\":[\"https:\\\/\\\/karriere.compassio.de\\\/magazin\\\/pflege-und-familie-vereinen-wie-du-bei-compassio-beides-lebst\\\/#respond\"]}]},{\"@type\":\"WebPage\",\"@id\":\"https:\\\/\\\/karriere.compassio.de\\\/magazin\\\/pflege-und-familie-vereinen-wie-du-bei-compassio-beides-lebst\\\/\",\"url\":\"https:\\\/\\\/karriere.compassio.de\\\/magazin\\\/pflege-und-familie-vereinen-wie-du-bei-compassio-beides-lebst\\\/\",\"name\":\"Pflege und Familie vereinen: Wie du bei compassio beides lebst\",\"isPartOf\":{\"@id\":\"https:\\\/\\\/karriere.compassio.de\\\/magazin\\\/#website\"},\"primaryImageOfPage\":{\"@id\":\"https:\\\/\\\/karriere.compassio.de\\\/magazin\\\/pflege-und-familie-vereinen-wie-du-bei-compassio-beides-lebst\\\/#primaryimage\"},\"image\":{\"@id\":\"https:\\\/\\\/karriere.compassio.de\\\/magazin\\\/pflege-und-familie-vereinen-wie-du-bei-compassio-beides-lebst\\\/#primaryimage\"},\"thumbnailUrl\":\"https:\\\/\\\/karriere.compassio.de\\\/magazin\\\/wp-content\\\/uploads\\\/2026\\\/04\\\/Gemini_Generated_Image_iwh2bjiwh2bjiwh2-1-scaled.png\",\"datePublished\":\"2026-04-01T10:39:25+00:00\",\"dateModified\":\"2026-04-27T11:54:57+00:00\",\"description\":\"Entdecke bei compassio, wie du Pflege und Familie vereinen kannst. Mit flexiblen Arbeitszeiten, moderner Technik und sicherer Karriere in einem starken Team\",\"breadcrumb\":{\"@id\":\"https:\\\/\\\/karriere.compassio.de\\\/magazin\\\/pflege-und-familie-vereinen-wie-du-bei-compassio-beides-lebst\\\/#breadcrumb\"},\"inLanguage\":\"de\",\"potentialAction\":[{\"@type\":\"ReadAction\",\"target\":[\"https:\\\/\\\/karriere.compassio.de\\\/magazin\\\/pflege-und-familie-vereinen-wie-du-bei-compassio-beides-lebst\\\/\"]}]},{\"@type\":\"ImageObject\",\"inLanguage\":\"de\",\"@id\":\"https:\\\/\\\/karriere.compassio.de\\\/magazin\\\/pflege-und-familie-vereinen-wie-du-bei-compassio-beides-lebst\\\/#primaryimage\",\"url\":\"https:\\\/\\\/karriere.compassio.de\\\/magazin\\\/wp-content\\\/uploads\\\/2026\\\/04\\\/Gemini_Generated_Image_iwh2bjiwh2bjiwh2-1-scaled.png\",\"contentUrl\":\"https:\\\/\\\/karriere.compassio.de\\\/magazin\\\/wp-content\\\/uploads\\\/2026\\\/04\\\/Gemini_Generated_Image_iwh2bjiwh2bjiwh2-1-scaled.png\",\"width\":2560,\"height\":1429,\"caption\":\"Gefaltete H\u00e4nde und Grafiken.\"},{\"@type\":\"BreadcrumbList\",\"@id\":\"https:\\\/\\\/karriere.compassio.de\\\/magazin\\\/pflege-und-familie-vereinen-wie-du-bei-compassio-beides-lebst\\\/#breadcrumb\",\"itemListElement\":[{\"@type\":\"ListItem\",\"position\":1,\"name\":\"Start\",\"item\":\"https:\\\/\\\/karriere.compassio.de\\\/magazin\\\/\"},{\"@type\":\"ListItem\",\"position\":2,\"name\":\"Pflege und Familie vereinen: Wie du bei compassio beides lebst\"}]},{\"@type\":\"WebSite\",\"@id\":\"https:\\\/\\\/karriere.compassio.de\\\/magazin\\\/#website\",\"url\":\"https:\\\/\\\/karriere.compassio.de\\\/magazin\\\/\",\"name\":\"compassio Karriere Magazin\",\"description\":\"\",\"publisher\":{\"@id\":\"https:\\\/\\\/karriere.compassio.de\\\/magazin\\\/#organization\"},\"potentialAction\":[{\"@type\":\"SearchAction\",\"target\":{\"@type\":\"EntryPoint\",\"urlTemplate\":\"https:\\\/\\\/karriere.compassio.de\\\/magazin\\\/?s={search_term_string}\"},\"query-input\":{\"@type\":\"PropertyValueSpecification\",\"valueRequired\":true,\"valueName\":\"search_term_string\"}}],\"inLanguage\":\"de\"},{\"@type\":\"Organization\",\"@id\":\"https:\\\/\\\/karriere.compassio.de\\\/magazin\\\/#organization\",\"name\":\"compassio Karriere\",\"url\":\"https:\\\/\\\/karriere.compassio.de\\\/magazin\\\/\",\"logo\":{\"@type\":\"ImageObject\",\"inLanguage\":\"de\",\"@id\":\"https:\\\/\\\/karriere.compassio.de\\\/magazin\\\/#\\\/schema\\\/logo\\\/image\\\/\",\"url\":\"https:\\\/\\\/karriere.compassio.de\\\/magazin\\\/wp-content\\\/uploads\\\/2026\\\/03\\\/logo.png\",\"contentUrl\":\"https:\\\/\\\/karriere.compassio.de\\\/magazin\\\/wp-content\\\/uploads\\\/2026\\\/03\\\/logo.png\",\"width\":952,\"height\":348,\"caption\":\"compassio Karriere\"},\"image\":{\"@id\":\"https:\\\/\\\/karriere.compassio.de\\\/magazin\\\/#\\\/schema\\\/logo\\\/image\\\/\"},\"sameAs\":[\"https:\\\/\\\/www.facebook.com\\\/compassiokarriere\\\/\"]},{\"@type\":\"Person\",\"@id\":\"https:\\\/\\\/karriere.compassio.de\\\/magazin\\\/#\\\/schema\\\/person\\\/f82989bad171edfe2367aab4b6602eff\",\"name\":\"Vanessa Angrick\",\"image\":{\"@type\":\"ImageObject\",\"inLanguage\":\"de\",\"@id\":\"https:\\\/\\\/secure.gravatar.com\\\/avatar\\\/a954875a6c9d925c6a81849d6229350a9ad62f3583dc3627aa42a030b0b2777e?s=96&d=mm&r=g\",\"url\":\"https:\\\/\\\/secure.gravatar.com\\\/avatar\\\/a954875a6c9d925c6a81849d6229350a9ad62f3583dc3627aa42a030b0b2777e?s=96&d=mm&r=g\",\"contentUrl\":\"https:\\\/\\\/secure.gravatar.com\\\/avatar\\\/a954875a6c9d925c6a81849d6229350a9ad62f3583dc3627aa42a030b0b2777e?s=96&d=mm&r=g\",\"caption\":\"Vanessa Angrick\"}}]}<\/script>\n<!-- \/ Yoast SEO plugin. -->","yoast_head_json":{"title":"Pflege und Familie vereinen: Wie du bei compassio beides lebst","description":"Entdecke bei compassio, wie du Pflege und Familie vereinen kannst. Mit flexiblen Arbeitszeiten, moderner Technik und sicherer Karriere in einem starken Team","robots":{"index":"index","follow":"follow","max-snippet":"max-snippet:-1","max-image-preview":"max-image-preview:large","max-video-preview":"max-video-preview:-1"},"canonical":"https:\/\/karriere.compassio.de\/magazin\/pflege-und-familie-vereinen-wie-du-bei-compassio-beides-lebst\/","og_locale":"de_DE","og_type":"article","og_title":"Pflege und Familie vereinen: Wie du bei compassio beides lebst","og_description":"Entdecke bei compassio, wie du Pflege und Familie vereinen kannst. Mit flexiblen Arbeitszeiten, moderner Technik und sicherer Karriere in einem starken Team","og_url":"https:\/\/karriere.compassio.de\/magazin\/pflege-und-familie-vereinen-wie-du-bei-compassio-beides-lebst\/","og_site_name":"Avada Magazine","article_publisher":"https:\/\/www.facebook.com\/compassiokarriere\/","article_published_time":"2026-04-01T10:39:25+00:00","article_modified_time":"2026-04-27T11:54:57+00:00","og_image":[{"width":2560,"height":1429,"url":"https:\/\/karriere.compassio.de\/magazin\/wp-content\/uploads\/2026\/04\/Gemini_Generated_Image_iwh2bjiwh2bjiwh2-1-scaled.png","type":"image\/png"}],"author":"Vanessa Angrick","twitter_card":"summary_large_image","twitter_misc":{"Verfasst von":"Vanessa Angrick","Gesch\u00e4tzte Lesezeit":"7\u00a0Minuten"},"schema":{"@context":"https:\/\/schema.org","@graph":[{"@type":"Article","@id":"https:\/\/karriere.compassio.de\/magazin\/pflege-und-familie-vereinen-wie-du-bei-compassio-beides-lebst\/#article","isPartOf":{"@id":"https:\/\/karriere.compassio.de\/magazin\/pflege-und-familie-vereinen-wie-du-bei-compassio-beides-lebst\/"},"author":{"name":"Vanessa Angrick","@id":"https:\/\/karriere.compassio.de\/magazin\/#\/schema\/person\/f82989bad171edfe2367aab4b6602eff"},"headline":"Pflege und Familie vereinen: Wie du bei compassio beides lebst","datePublished":"2026-04-01T10:39:25+00:00","dateModified":"2026-04-27T11:54:57+00:00","mainEntityOfPage":{"@id":"https:\/\/karriere.compassio.de\/magazin\/pflege-und-familie-vereinen-wie-du-bei-compassio-beides-lebst\/"},"wordCount":2865,"commentCount":0,"publisher":{"@id":"https:\/\/karriere.compassio.de\/magazin\/#organization"},"image":{"@id":"https:\/\/karriere.compassio.de\/magazin\/pflege-und-familie-vereinen-wie-du-bei-compassio-beides-lebst\/#primaryimage"},"thumbnailUrl":"https:\/\/karriere.compassio.de\/magazin\/wp-content\/uploads\/2026\/04\/Gemini_Generated_Image_iwh2bjiwh2bjiwh2-1-scaled.png","keywords":["Familie","Pflege"],"articleSection":["Arbeit &amp; Leben in der Pflege"],"inLanguage":"de","potentialAction":[{"@type":"CommentAction","name":"Comment","target":["https:\/\/karriere.compassio.de\/magazin\/pflege-und-familie-vereinen-wie-du-bei-compassio-beides-lebst\/#respond"]}]},{"@type":"WebPage","@id":"https:\/\/karriere.compassio.de\/magazin\/pflege-und-familie-vereinen-wie-du-bei-compassio-beides-lebst\/","url":"https:\/\/karriere.compassio.de\/magazin\/pflege-und-familie-vereinen-wie-du-bei-compassio-beides-lebst\/","name":"Pflege und Familie vereinen: Wie du bei compassio beides lebst","isPartOf":{"@id":"https:\/\/karriere.compassio.de\/magazin\/#website"},"primaryImageOfPage":{"@id":"https:\/\/karriere.compassio.de\/magazin\/pflege-und-familie-vereinen-wie-du-bei-compassio-beides-lebst\/#primaryimage"},"image":{"@id":"https:\/\/karriere.compassio.de\/magazin\/pflege-und-familie-vereinen-wie-du-bei-compassio-beides-lebst\/#primaryimage"},"thumbnailUrl":"https:\/\/karriere.compassio.de\/magazin\/wp-content\/uploads\/2026\/04\/Gemini_Generated_Image_iwh2bjiwh2bjiwh2-1-scaled.png","datePublished":"2026-04-01T10:39:25+00:00","dateModified":"2026-04-27T11:54:57+00:00","description":"Entdecke bei compassio, wie du Pflege und Familie vereinen kannst. Mit flexiblen Arbeitszeiten, moderner Technik und sicherer Karriere in einem starken Team","breadcrumb":{"@id":"https:\/\/karriere.compassio.de\/magazin\/pflege-und-familie-vereinen-wie-du-bei-compassio-beides-lebst\/#breadcrumb"},"inLanguage":"de","potentialAction":[{"@type":"ReadAction","target":["https:\/\/karriere.compassio.de\/magazin\/pflege-und-familie-vereinen-wie-du-bei-compassio-beides-lebst\/"]}]},{"@type":"ImageObject","inLanguage":"de","@id":"https:\/\/karriere.compassio.de\/magazin\/pflege-und-familie-vereinen-wie-du-bei-compassio-beides-lebst\/#primaryimage","url":"https:\/\/karriere.compassio.de\/magazin\/wp-content\/uploads\/2026\/04\/Gemini_Generated_Image_iwh2bjiwh2bjiwh2-1-scaled.png","contentUrl":"https:\/\/karriere.compassio.de\/magazin\/wp-content\/uploads\/2026\/04\/Gemini_Generated_Image_iwh2bjiwh2bjiwh2-1-scaled.png","width":2560,"height":1429,"caption":"Gefaltete H\u00e4nde und Grafiken."},{"@type":"BreadcrumbList","@id":"https:\/\/karriere.compassio.de\/magazin\/pflege-und-familie-vereinen-wie-du-bei-compassio-beides-lebst\/#breadcrumb","itemListElement":[{"@type":"ListItem","position":1,"name":"Start","item":"https:\/\/karriere.compassio.de\/magazin\/"},{"@type":"ListItem","position":2,"name":"Pflege und Familie vereinen: Wie du bei compassio beides lebst"}]},{"@type":"WebSite","@id":"https:\/\/karriere.compassio.de\/magazin\/#website","url":"https:\/\/karriere.compassio.de\/magazin\/","name":"compassio Karriere Magazin","description":"","publisher":{"@id":"https:\/\/karriere.compassio.de\/magazin\/#organization"},"potentialAction":[{"@type":"SearchAction","target":{"@type":"EntryPoint","urlTemplate":"https:\/\/karriere.compassio.de\/magazin\/?s={search_term_string}"},"query-input":{"@type":"PropertyValueSpecification","valueRequired":true,"valueName":"search_term_string"}}],"inLanguage":"de"},{"@type":"Organization","@id":"https:\/\/karriere.compassio.de\/magazin\/#organization","name":"compassio Karriere","url":"https:\/\/karriere.compassio.de\/magazin\/","logo":{"@type":"ImageObject","inLanguage":"de","@id":"https:\/\/karriere.compassio.de\/magazin\/#\/schema\/logo\/image\/","url":"https:\/\/karriere.compassio.de\/magazin\/wp-content\/uploads\/2026\/03\/logo.png","contentUrl":"https:\/\/karriere.compassio.de\/magazin\/wp-content\/uploads\/2026\/03\/logo.png","width":952,"height":348,"caption":"compassio Karriere"},"image":{"@id":"https:\/\/karriere.compassio.de\/magazin\/#\/schema\/logo\/image\/"},"sameAs":["https:\/\/www.facebook.com\/compassiokarriere\/"]},{"@type":"Person","@id":"https:\/\/karriere.compassio.de\/magazin\/#\/schema\/person\/f82989bad171edfe2367aab4b6602eff","name":"Vanessa Angrick","image":{"@type":"ImageObject","inLanguage":"de","@id":"https:\/\/secure.gravatar.com\/avatar\/a954875a6c9d925c6a81849d6229350a9ad62f3583dc3627aa42a030b0b2777e?s=96&d=mm&r=g","url":"https:\/\/secure.gravatar.com\/avatar\/a954875a6c9d925c6a81849d6229350a9ad62f3583dc3627aa42a030b0b2777e?s=96&d=mm&r=g","contentUrl":"https:\/\/secure.gravatar.com\/avatar\/a954875a6c9d925c6a81849d6229350a9ad62f3583dc3627aa42a030b0b2777e?s=96&d=mm&r=g","caption":"Vanessa Angrick"}}]}},"_links":{"self":[{"href":"https:\/\/karriere.compassio.de\/magazin\/wp-json\/wp\/v2\/posts\/2105","targetHints":{"allow":["GET"]}}],"collection":[{"href":"https:\/\/karriere.compassio.de\/magazin\/wp-json\/wp\/v2\/posts"}],"about":[{"href":"https:\/\/karriere.compassio.de\/magazin\/wp-json\/wp\/v2\/types\/post"}],"author":[{"embeddable":true,"href":"https:\/\/karriere.compassio.de\/magazin\/wp-json\/wp\/v2\/users\/3"}],"replies":[{"embeddable":true,"href":"https:\/\/karriere.compassio.de\/magazin\/wp-json\/wp\/v2\/comments?post=2105"}],"version-history":[{"count":13,"href":"https:\/\/karriere.compassio.de\/magazin\/wp-json\/wp\/v2\/posts\/2105\/revisions"}],"predecessor-version":[{"id":2382,"href":"https:\/\/karriere.compassio.de\/magazin\/wp-json\/wp\/v2\/posts\/2105\/revisions\/2382"}],"wp:featuredmedia":[{"embeddable":true,"href":"https:\/\/karriere.compassio.de\/magazin\/wp-json\/wp\/v2\/media\/2144"}],"wp:attachment":[{"href":"https:\/\/karriere.compassio.de\/magazin\/wp-json\/wp\/v2\/media?parent=2105"}],"wp:term":[{"taxonomy":"category","embeddable":true,"href":"https:\/\/karriere.compassio.de\/magazin\/wp-json\/wp\/v2\/categories?post=2105"},{"taxonomy":"post_tag","embeddable":true,"href":"https:\/\/karriere.compassio.de\/magazin\/wp-json\/wp\/v2\/tags?post=2105"}],"curies":[{"name":"wp","href":"https:\/\/api.w.org\/{rel}","templated":true}]}}