{"id":2108,"date":"2026-04-01T10:39:00","date_gmt":"2026-04-01T10:39:00","guid":{"rendered":"https:\/\/karriere.compassio.de\/magazin\/?p=2108"},"modified":"2026-04-27T13:47:48","modified_gmt":"2026-04-27T11:47:48","slug":"anerkennung-internationaler-pflegeabschluesse-so-profitierst-du-als-pflegekraft","status":"publish","type":"post","link":"https:\/\/karriere.compassio.de\/magazin\/anerkennung-internationaler-pflegeabschluesse-so-profitierst-du-als-pflegekraft\/","title":{"rendered":"Anerkennung internationaler Pflegeabschl\u00fcsse: So profitierst du als Pflegekraft"},"content":{"rendered":"<div class=\"fusion-fullwidth fullwidth-box fusion-builder-row-1 fusion-flex-container has-pattern-background has-mask-background nonhundred-percent-fullwidth non-hundred-percent-height-scrolling\" style=\"--awb-border-radius-top-left:0px;--awb-border-radius-top-right:0px;--awb-border-radius-bottom-right:0px;--awb-border-radius-bottom-left:0px;--awb-flex-wrap:wrap;\" ><div class=\"fusion-builder-row fusion-row fusion-flex-align-items-flex-start fusion-flex-content-wrap\" style=\"max-width:1302px;margin-left: calc(-5% \/ 2 );margin-right: calc(-5% \/ 2 );\"><div class=\"fusion-layout-column fusion_builder_column fusion-builder-column-0 fusion_builder_column_1_1 1_1 fusion-flex-column\" style=\"--awb-bg-size:cover;--awb-width-large:100%;--awb-margin-top-large:0px;--awb-spacing-right-large:100px;--awb-margin-bottom-large:0px;--awb-spacing-left-large:100px;--awb-width-medium:100%;--awb-order-medium:0;--awb-spacing-right-medium:100px;--awb-spacing-left-medium:100px;--awb-width-small:100%;--awb-order-small:0;--awb-spacing-right-small:2.375%;--awb-spacing-left-small:2.375%;\"><div class=\"fusion-column-wrapper fusion-column-has-shadow fusion-flex-justify-content-flex-start fusion-content-layout-column\"><div class=\"fusion-text fusion-text-1\"><p>Die <strong>Anerkennung internationaler Pflegeabschl\u00fcsse<\/strong> entscheidet dar\u00fcber, ob du in Deutschland als <strong>Pflegefachkraft <\/strong>arbeiten darfst, welche Aufgaben du \u00fcbernehmen kannst und wie dein Gehalt ausf\u00e4llt. Gleichzeitig wirken neue Gesetze, unterschiedliche Zust\u00e4ndigkeiten in den Bundesl\u00e4ndern und Begriffe wie \u201ePflegefachfrau\u201c, \u201ePflegeassistenz\u201c oder \u201eAnerkennungspartnerschaft\u201c oft verwirrend. In diesem Blogbeitrag geben wir dir als Team compassio einen klaren, praxisnahen \u00dcberblick, damit du deinen <strong>Anerkennungsweg sicher planst<\/strong>.<\/p>\n<h2>Anerkennung internationaler Pflegeabschl\u00fcsse: Warum es so wichtig ist<\/h2>\n<p>Wenn du in Deutschland in der Pflege arbeiten m\u00f6chtest, triffst du auf einen gesetzlich gesch\u00fctzten Beruf. Das hei\u00dft: <strong>Ohne Anerkennung deines Pflegeabschlusses aus dem Ausland darfst du nicht als vollwertige Pflegefachkraft arbeiten<\/strong>. Du erh\u00e4ltst sonst nur T\u00e4tigkeiten als Pflegehilfskraft oder Pflegeassistenz \u2013 mit weniger Verantwortung und geringerem Gehalt.<\/p>\n<p>Mit der staatlichen Anerkennung erlangst du das Recht, den gesch\u00fctzten Berufstitel <strong>Pflegefachfrau bzw. Pflegefachmann<\/strong> offiziell zu f\u00fchren, was die Basis f\u00fcr dein professionelles Wirken darstellt. In deinem Arbeitsalltag \u00fcbernimmst du damit die Verantwortung f\u00fcr hochkomplexe pflegerische Aufgaben sowie die Steuerung von Pflegeprozessen und sicherst dir gleichzeitig attraktive <strong>tarifliche Geh\u00e4lter sowie Aufstiegschancen<\/strong> in F\u00fchrungspositionen wie die Pflegedienst- oder Einrichtungsleitung. F\u00fcr uns als Arbeitgeber in der station\u00e4ren Pflege bedeutet die Anerkennung, dass wir dich im Team so einsetzen, wie du ausgebildet bist \u2013 etwa in unseren Einrichtungen, die du \u00fcber <a href=\"https:\/\/karriere.compassio.de\/pflege\/pflegefachkraft\/\">Pflegefachkraft bei compassio<\/a> kennenlernst.<\/p>\n<\/div><div class=\"fusion-image-element \" style=\"--awb-caption-title-font-family:var(--h2_typography-font-family);--awb-caption-title-font-weight:var(--h2_typography-font-weight);--awb-caption-title-font-style:var(--h2_typography-font-style);--awb-caption-title-size:var(--h2_typography-font-size);--awb-caption-title-transform:var(--h2_typography-text-transform);--awb-caption-title-line-height:var(--h2_typography-line-height);--awb-caption-title-letter-spacing:var(--h2_typography-letter-spacing);\"><span class=\" fusion-imageframe imageframe-none imageframe-1 hover-type-none\"><img decoding=\"async\" width=\"800\" height=\"600\" alt=\"Holzfiguren, im Hintergrund ein Schirm und Einblendung mit Symbol.\" title=\"Zuschl\u00e4ge in der Pflege.\" src=\"https:\/\/karriere.compassio.de\/magazin\/wp-content\/uploads\/2026\/04\/19.png\" data-orig-src=\"https:\/\/karriere.compassio.de\/magazin\/wp-content\/uploads\/2026\/04\/19.png\" class=\"lazyload img-responsive wp-image-2141\" srcset=\"data:image\/svg+xml,%3Csvg%20xmlns%3D%27http%3A%2F%2Fwww.w3.org%2F2000%2Fsvg%27%20width%3D%27800%27%20height%3D%27600%27%20viewBox%3D%270%200%20800%20600%27%3E%3Crect%20width%3D%27800%27%20height%3D%27600%27%20fill-opacity%3D%220%22%2F%3E%3C%2Fsvg%3E\" data-srcset=\"https:\/\/karriere.compassio.de\/magazin\/wp-content\/uploads\/2026\/04\/19-200x150.png 200w, https:\/\/karriere.compassio.de\/magazin\/wp-content\/uploads\/2026\/04\/19-400x300.png 400w, https:\/\/karriere.compassio.de\/magazin\/wp-content\/uploads\/2026\/04\/19-600x450.png 600w, https:\/\/karriere.compassio.de\/magazin\/wp-content\/uploads\/2026\/04\/19.png 800w\" data-sizes=\"auto\" data-orig-sizes=\"(max-width: 800px) 100vw, 800px\" \/><\/span><\/div><div class=\"fusion-text fusion-text-2\"><h2>Anerkennung internationaler Pflegeabschl\u00fcsse: Wer ist zust\u00e4ndig in welchem Bundesland?<\/h2>\n<p>Einer der h\u00e4ufigsten Stolpersteine: Die Anerkennung ist in vielen Gesundheitsberufen Sache der L\u00e4nder. Das hei\u00dft, <strong>jede Region hat eigene Ansprechpartner und Abl\u00e4ufe<\/strong>. Die wesentlichen Unterschiede im Anerkennungsprozess zwischen den Bundesl\u00e4ndern liegen prim\u00e4r in den unterschiedlichen <strong>Zust\u00e4ndigkeiten der Beh\u00f6rden<\/strong> sowie in den spezifischen Anforderungen an Formulare, Nachweise und den Umfang erforderlicher \u00dcbersetzungen. Zudem variieren die Verwaltungsabl\u00e4ufe und die Dauer des Verfahrens erheblich, insbesondere im Hinblick darauf, wie <strong>Teilanerkennungen gehandhabt<\/strong> und welche Kooperationen f\u00fcr Anpassungslehrg\u00e4nge angeboten werden. Hier ein kurzer \u00dcberblick zu typischen Zust\u00e4ndigkeiten:<\/p>\n<\/div><ul style=\"--awb-item-padding-top:10px;--awb-item-padding-left:25px;--awb-iconcolor:var(--awb-color4);--awb-line-height:27.2px;--awb-icon-width:27.2px;--awb-icon-height:27.2px;--awb-icon-margin:11.2px;--awb-content-margin:38.4px;--awb-circlecolor:hsla(var(--awb-color4-h),var(--awb-color4-s),var(--awb-color4-l),calc(var(--awb-color4-a) - 90%));--awb-circle-yes-font-size:14.08px;\" class=\"fusion-checklist fusion-checklist-1 type-icons\"><li class=\"fusion-li-item\" style=\"\"><span class=\"icon-wrapper circle-yes\"><i class=\"fusion-li-icon awb-magazine-angle-right-solid\" aria-hidden=\"true\"><\/i><\/span><div class=\"fusion-li-item-content\">\n<p><strong>Bayern<\/strong>: F\u00fcr Pflegeberufe ist das <strong>Bayerische Landesamt f\u00fcr Pflege (LfP)<\/strong> zust\u00e4ndig. Hier laufen Verfahren wie \u201eAnerkennung Pflege Bayern\u201c oder \u201eAnerkennung ausl\u00e4ndischer Abschl\u00fcsse Bayern Pflege\u201c.<\/p>\n<\/div><\/li><li class=\"fusion-li-item\" style=\"\"><span class=\"icon-wrapper circle-yes\"><i class=\"fusion-li-icon awb-magazine-angle-right-solid\" aria-hidden=\"true\"><\/i><\/span><div class=\"fusion-li-item-content\">\n<p><strong>Baden-W\u00fcrttemberg<\/strong>: Die <strong>Regierungspr\u00e4sidien<\/strong> (zum Beispiel Regierungspr\u00e4sidium Stuttgart \u2013 Anerkennung Gesundheitsberufe) pr\u00fcfen Antr\u00e4ge auf \u201eAnerkennung Pflegefachkraft Baden-W\u00fcrttemberg\u201c.<\/p>\n<\/div><\/li><li class=\"fusion-li-item\" style=\"\"><span class=\"icon-wrapper circle-yes\"><i class=\"fusion-li-icon awb-magazine-angle-right-solid\" aria-hidden=\"true\"><\/i><\/span><div class=\"fusion-li-item-content\">\n<p><strong>Hessen<\/strong>: Die Anerkennung als Pflegefachkraft erfolgt \u00fcber das Hessische Landespr\u00fcfungs- und Weiterbildungsamt f\u00fcr Gesundheitsberufe, in vielen Informationen unter \u201eAnerkennung Pflegefachkraft Hessen\u201c zu finden.<\/p>\n<\/div><\/li><li class=\"fusion-li-item\" style=\"\"><span class=\"icon-wrapper circle-yes\"><i class=\"fusion-li-icon awb-magazine-angle-right-solid\" aria-hidden=\"true\"><\/i><\/span><div class=\"fusion-li-item-content\">\n<p><strong>Weitere Bundesl\u00e4nder<\/strong>: Zust\u00e4ndig sind je nach Land Gesundheits\u00e4mter, Landesbeh\u00f6rden oder spezielle Anerkennungsstellen. Einen \u00fcbergreifenden Einstieg bietet das offizielle Portal \u201eAnerkennung in Deutschland\u201c.<\/p>\n<\/div><\/li><\/ul><div class=\"fusion-text fusion-text-3\"><p>Merke dir als Faustregel: <strong>Du stellst deinen Antrag dort, wo du zuk\u00fcnftig arbeiten wirst<\/strong>. Wenn du etwa eine Stelle in einer unserer Einrichtungen in Bayern anstrebst, l\u00e4ufst du \u00fcber das Bayerische Landesamt f\u00fcr Pflege. Interessierst du dich f\u00fcr einen Standort wie Senden, hilft dir ein Blick auf <a href=\"https:\/\/karriere.compassio.de\/standort\/senden\/\">unseren compassio-Standort Senden<\/a>, um deinen regionalen Fokus zu kl\u00e4ren.<\/p>\n<h2>Welche Unterlagen brauchst du f\u00fcr den Antrag auf Anerkennung?<\/h2>\n<p>F\u00fcr die Anerkennung deines Berufsabschlusses fordern nahezu alle Bundesl\u00e4nder ein standardisiertes Paket an Unterlagen, das neben deinem Ausweisdokument vor allem die <strong>Original-Abschlussurkunde sowie eine detaillierte F\u00e4cher- und Stunden\u00fcbersicht<\/strong> deines Curriculums umfasst. Um deine fachliche und sprachliche Eignung zu belegen, sind zudem Nachweise \u00fcber bisherige Berufserfahrungen und ein <strong>Sprachzertifikat auf B2-Niveau<\/strong> erforderlich, wobei s\u00e4mtliche Dokumente als beglaubigte \u00dcbersetzungen von erm\u00e4chtigten \u00dcbersetzern eingereicht werden m\u00fcssen.<\/p>\n<p>Viele Beh\u00f6rden stellen ein <strong>Antragsformular<\/strong> bereit, h\u00e4ufig als \u201eAntrag auf Anerkennung PDF\u201c oder \u201eAntrag f\u00fcr Anerkennung Krankenschwester\u201c. Dieses Formular f\u00fchrt dich Schritt f\u00fcr Schritt durch die ben\u00f6tigten Angaben.<\/p>\n<\/div><div class=\"fusion-image-element \" style=\"--awb-caption-title-font-family:var(--h2_typography-font-family);--awb-caption-title-font-weight:var(--h2_typography-font-weight);--awb-caption-title-font-style:var(--h2_typography-font-style);--awb-caption-title-size:var(--h2_typography-font-size);--awb-caption-title-transform:var(--h2_typography-text-transform);--awb-caption-title-line-height:var(--h2_typography-line-height);--awb-caption-title-letter-spacing:var(--h2_typography-letter-spacing);\"><span class=\" fusion-imageframe imageframe-none imageframe-2 hover-type-none\"><img decoding=\"async\" width=\"800\" height=\"600\" alt=\"Gl\u00fcckliche Menschen.\" title=\"Mitarbeiterinnen-Foto Compassio\" src=\"https:\/\/karriere.compassio.de\/magazin\/wp-content\/uploads\/2026\/04\/12.png\" data-orig-src=\"https:\/\/karriere.compassio.de\/magazin\/wp-content\/uploads\/2026\/04\/12.png\" class=\"lazyload img-responsive wp-image-2124\" srcset=\"data:image\/svg+xml,%3Csvg%20xmlns%3D%27http%3A%2F%2Fwww.w3.org%2F2000%2Fsvg%27%20width%3D%27800%27%20height%3D%27600%27%20viewBox%3D%270%200%20800%20600%27%3E%3Crect%20width%3D%27800%27%20height%3D%27600%27%20fill-opacity%3D%220%22%2F%3E%3C%2Fsvg%3E\" data-srcset=\"https:\/\/karriere.compassio.de\/magazin\/wp-content\/uploads\/2026\/04\/12-200x150.png 200w, https:\/\/karriere.compassio.de\/magazin\/wp-content\/uploads\/2026\/04\/12-400x300.png 400w, https:\/\/karriere.compassio.de\/magazin\/wp-content\/uploads\/2026\/04\/12-600x450.png 600w, https:\/\/karriere.compassio.de\/magazin\/wp-content\/uploads\/2026\/04\/12.png 800w\" data-sizes=\"auto\" data-orig-sizes=\"(max-width: 800px) 100vw, 800px\" \/><\/span><\/div><div class=\"fusion-text fusion-text-4\"><h2><span style=\"font-size: 16px;\">Schritt f\u00fcr Schritt: So l\u00e4uft das Anerkennungsverfahren ab<\/span><\/h2>\n<p>Die Anerkennung internationaler Pflegeabschl\u00fcsse folgt einem klaren Ablauf. Wir fassen die zentralen Schritte f\u00fcr dich zusammen:<\/p>\n<h3>1. Beratung und Zielkl\u00e4rung<\/h3>\n<p>Vor der eigentlichen Antragstellung empfiehlt sich eine fundierte Beratung durch spezialisierte Netzwerke wie das IQ Netzwerk oder das Portal \u201eAnerkennung in Deutschland\u201c, um eine erste Einsch\u00e4tzung zu den Kosten und der Dauer des Verfahrens zu erhalten. In diesem fr\u00fchen Stadium kl\u00e4ren wir bei compassio gemeinsam mit dir, ob ein <strong>direkter Einstieg als Pflegeassistenz<\/strong> sinnvoll ist, w\u00e4hrend parallel die volle Anerkennung als Fachkraft vorbereitet wird, oder ob du den Weg der unmittelbaren Gleichwertigkeitspr\u00fcfung bevorzugst.<\/p>\n<h3>2. Antragstellung im Bundesland deiner Wahl<\/h3>\n<p>Der formale Prozess beginnt mit dem Einreichen aller erforderlichen Dokumente bei der zust\u00e4ndigen Landesbeh\u00f6rde, wobei die Verwendung offizieller Formulare und die absolute <strong>Vollst\u00e4ndigkeit der Unterlagen<\/strong> entscheidend sind, um unn\u00f6tige Verz\u00f6gerungen zu vermeiden. Viele Bundesl\u00e4nder bieten mittlerweile digitale Antragswege \u00fcber zentrale Landes- oder Bundesportale an, was die Einreichung und Verfolgung deines Antrags erheblich vereinfacht und beschleunigt.<\/p>\n<h3>3. Gleichwertigkeitspr\u00fcfung deines Abschlusses<\/h3>\n<p>In der Pr\u00fcfungsphase vergleicht die Beh\u00f6rde die Inhalte und die Dauer deiner ausl\u00e4ndischen Ausbildung detailliert mit der deutschen Referenzqualifikation, wobei insbesondere der Theorieumfang und die <strong>praktischen Eins\u00e4tze sowie Kompetenzprofile<\/strong> unter die Lupe genommen werden. Hierbei wird genau analysiert, ob deine Qualifikation einer spezialisierten Fachrichtung oder der modernen generalistischen Pflegeausbildung entspricht und inwieweit zus\u00e4tzliche Weiterbildungen deine Chancen auf eine volle Anerkennung erh\u00f6hen.<\/p>\n<p>Ergebnis k\u00f6nnen drei Varianten sein:<\/p>\n<ol>\n<li><strong>Vollst\u00e4ndige Anerkennung<\/strong>: Dein Abschluss ist gleichwertig. Du erh\u00e4ltst die Erlaubnis, als Pflegefachfrau\/Pflegefachmann zu arbeiten.<\/li>\n<li><strong>Teilweise Anerkennung<\/strong>: Es gibt wesentliche Unterschiede, oft bei Ausbildungsdauer oder bestimmten Fachinhalten. Du bekommst Auflagen.<\/li>\n<li><strong>Keine Anerkennung<\/strong>: Sehr selten, typischerweise bei massiv abweichender Qualifikation.<\/li>\n<\/ol>\n<h3>4. Ausgleichsma\u00dfnahmen: Anpassungslehrgang oder Kenntnispr\u00fcfung<\/h3>\n<p>Sollten bei der Pr\u00fcfung deines Abschlusses wesentliche Unterschiede zur deutschen Ausbildung festgestellt werden, hast du die Wahl zwischen zwei verschiedenen Wegen, um die volle Anerkennung zu erlangen. Ein <strong>Anpassungslehrgang<\/strong> erm\u00f6glicht es dir, \u00fcber einen festgelegten Zeitraum in einer Pflegeeinrichtung praktische Erfahrungen unter Anleitung zu sammeln und theoretische L\u00fccken gezielt zu schlie\u00dfen. Alternativ kannst du eine <strong>Kenntnispr\u00fcfung<\/strong> ablegen, in der du in einem theoretischen und praktischen Teil nachweist, dass dein Fachwissen dem deutschen Qualifikationsniveau entspricht.<\/p>\n<p>Viele internationale Pflegekr\u00e4fte starten in dieser Phase als Pflegeassistenz in einer Einrichtung und absolvieren parallel die Ausgleichsma\u00dfnahme. In unseren H\u00e4usern legen wir Wert auf <strong>begu\u0308nstigende Einarbeitung, Mentoring und Fortbildungen<\/strong>, damit du die Anerkennung sicher erreichst. Einen Einblick in diese Arbeitswelt erh\u00e4ltst du \u00fcber <a href=\"https:\/\/karriere.compassio.de\/pflege\/auslaendische-fachkraefte\/\">Informationen f\u00fcr ausl\u00e4ndische Fachkr\u00e4fte bei compassio<\/a>.<\/p>\n<h3>5. Abschlussbescheid und Berufserlaubnis<\/h3>\n<p>Sobald du die Kenntnispr\u00fcfung bestanden oder den Anpassungslehrgang erfolgreich abgeschlossen hast, erh\u00e4ltst du deinen offiziellen <strong>Anerkennungsbescheid<\/strong> sowie die staatliche Erlaubnis, die gesch\u00fctzte Berufsbezeichnung zu f\u00fchren. Mit diesem Meilenstein startest du in die volle pflegerische Verantwortung und profitierst von einer attraktiven <strong>tariflichen Verg\u00fctung<\/strong> \u2013 etwa in unseren Teams der <a href=\"https:\/\/karriere.compassio.de\/pflege\/\">Pflege bei compassio<\/a>.<\/p>\n<h2>Dauer des Anerkennungsverfahrens: Womit du realistisch rechnen kannst<\/h2>\n<p>Die Dauer des Anerkennungsprozesses wird ma\u00dfgeblich von der Vollst\u00e4ndigkeit der Unterlagen, dem jeweiligen Bundesland und den erforderlichen Ausgleichsma\u00dfnahmen beeinflusst, wobei gesetzliche Fristen von drei bis vier Monaten aufgrund <strong>hoher Antragszahlen und Nachforderungen<\/strong> in der Praxis oft \u00fcberschritten werden. W\u00e4hrend eine reine Gleichwertigkeitspr\u00fcfung ohne zus\u00e4tzliche Ma\u00dfnahmen meist in drei bis sechs Monaten abgeschlossen ist, kann der Gesamtprozess bei notwendigen <strong>Anpassungslehrg\u00e4ngen oder Kenntnispr\u00fcfungen<\/strong> sowie unter Ber\u00fccksichtigung des Sprachniveaus insgesamt sechs bis 18 Monate in Anspruch nehmen.<\/p>\n<p>Tipp aus unserer Praxis: Reiche deine Unterlagen fr\u00fch ein und halte R\u00fccksprache mit deinem zuk\u00fcnftigen Arbeitgeber. In vielen Bundesl\u00e4ndern greifen inzwischen Instrumente wie <strong>Anerkennungspartnerschaften<\/strong>, bei denen Arbeitgeber und Fachkraft die Anerkennung gemeinsam organisieren.<\/p>\n<\/div><div class=\"fusion-image-element \" style=\"--awb-caption-title-font-family:var(--h2_typography-font-family);--awb-caption-title-font-weight:var(--h2_typography-font-weight);--awb-caption-title-font-style:var(--h2_typography-font-style);--awb-caption-title-size:var(--h2_typography-font-size);--awb-caption-title-transform:var(--h2_typography-text-transform);--awb-caption-title-line-height:var(--h2_typography-line-height);--awb-caption-title-letter-spacing:var(--h2_typography-letter-spacing);\"><span class=\" fusion-imageframe imageframe-none imageframe-3 hover-type-none\"><img decoding=\"async\" width=\"800\" height=\"600\" alt=\"Frau auf Bild und Einblendung mit Symbol.\" title=\"Zuschl\u00e4ge in der Pflege.\" src=\"https:\/\/karriere.compassio.de\/magazin\/wp-content\/uploads\/2026\/04\/17.png\" data-orig-src=\"https:\/\/karriere.compassio.de\/magazin\/wp-content\/uploads\/2026\/04\/17.png\" class=\"lazyload img-responsive wp-image-2139\" srcset=\"data:image\/svg+xml,%3Csvg%20xmlns%3D%27http%3A%2F%2Fwww.w3.org%2F2000%2Fsvg%27%20width%3D%27800%27%20height%3D%27600%27%20viewBox%3D%270%200%20800%20600%27%3E%3Crect%20width%3D%27800%27%20height%3D%27600%27%20fill-opacity%3D%220%22%2F%3E%3C%2Fsvg%3E\" data-srcset=\"https:\/\/karriere.compassio.de\/magazin\/wp-content\/uploads\/2026\/04\/17-200x150.png 200w, https:\/\/karriere.compassio.de\/magazin\/wp-content\/uploads\/2026\/04\/17-400x300.png 400w, https:\/\/karriere.compassio.de\/magazin\/wp-content\/uploads\/2026\/04\/17-600x450.png 600w, https:\/\/karriere.compassio.de\/magazin\/wp-content\/uploads\/2026\/04\/17.png 800w\" data-sizes=\"auto\" data-orig-sizes=\"(max-width: 800px) 100vw, 800px\" \/><\/span><\/div><div class=\"fusion-text fusion-text-5\"><h2>Anerkennung internationaler Pflegeabschl\u00fcsse und deine Karriere bei compassio<\/h2>\n<p>Hinter jeder formalen Anerkennung eines internationalen Abschlusses verbirgt sich ein pers\u00f6nlicher Weg, der durch das Erlernen einer neuen Sprache sowie das Ankommen in einer fremden Kultur gepr\u00e4gt ist. Unsere Erfahrung zeigt, dass ein <strong>klar strukturierter Anerkennungsplan<\/strong> entscheidend ist, um Unsicherheiten abzubauen, w\u00e4hrend eine <strong>feste Begleitung durch Mentoren<\/strong> und eine offene Teamkultur sicherstellen, dass du nicht nur fachlich, sondern auch menschlich in Deutschland ankommst.<\/p>\n<p>Darum legen wir Wert auf:<\/p>\n<\/div><ul style=\"--awb-item-padding-top:10px;--awb-item-padding-left:25px;--awb-iconcolor:var(--awb-color4);--awb-line-height:27.2px;--awb-icon-width:27.2px;--awb-icon-height:27.2px;--awb-icon-margin:11.2px;--awb-content-margin:38.4px;--awb-circlecolor:hsla(var(--awb-color4-h),var(--awb-color4-s),var(--awb-color4-l),calc(var(--awb-color4-a) - 90%));--awb-circle-yes-font-size:14.08px;\" class=\"fusion-checklist fusion-checklist-2 type-icons\"><li class=\"fusion-li-item\" style=\"\"><span class=\"icon-wrapper circle-yes\"><i class=\"fusion-li-icon awb-magazine-angle-right-solid\" aria-hidden=\"true\"><\/i><\/span><div class=\"fusion-li-item-content\">\n<p><strong>Individuelle Einarbeitung<\/strong> und Mentoring f\u00fcr internationale Pflegekr\u00e4fte<\/p>\n<\/div><\/li><li class=\"fusion-li-item\" style=\"\"><span class=\"icon-wrapper circle-yes\"><i class=\"fusion-li-icon awb-magazine-angle-right-solid\" aria-hidden=\"true\"><\/i><\/span><div class=\"fusion-li-item-content\">\n<p><strong>Fort- und Weiterbildungen<\/strong>, zum Beispiel in Gerontopsychiatrie, Qualit\u00e4tsmanagement oder au\u00dferklinischer Intensivpflege. Hier bekommst du <a href=\"https:\/\/karriere.compassio.de\/pflege\/qualitaetsmanagement\/\">Einblicke in das Qualit\u00e4tsmanagement bei compassio<\/a><\/p>\n<\/div><\/li><li class=\"fusion-li-item\" style=\"\"><span class=\"icon-wrapper circle-yes\"><i class=\"fusion-li-icon awb-magazine-angle-right-solid\" aria-hidden=\"true\"><\/i><\/span><div class=\"fusion-li-item-content\">\n<p><strong>Langfristige Karrierewege<\/strong> \u2013 von der Pflegefachkraft \u00fcber Wohnbereichsleitung bis zur Pflegedienstleitung. Bekomme einen \u00dcberblick \u00fcber deinen <a href=\"https:\/\/karriere.compassio.de\/fuehrungskraefte\/pflegedienstleitung-2\/\">Karriereweg in der Pflegedienstleitung<\/a><\/p>\n<\/div><\/li><\/ul><div class=\"fusion-text fusion-text-6\"><p>Wenn du mit uns arbeiten m\u00f6chtest, kannst du dich fr\u00fchzeitig bewerben \u2013 auch w\u00e4hrend deines <strong>Anerkennungsverfahrens<\/strong>. \u00dcber <a href=\"https:\/\/karriere.compassio.de\/bewerbung\/\">Online-Bewerbung bei compassio<\/a> erreichst du uns direkt, damit wir gemeinsam pr\u00fcfen, welcher Weg f\u00fcr dich passt.<\/p>\n<\/div><div class=\"fusion-title title fusion-title-1 fusion-sep-none fusion-title-text fusion-title-size-three\" style=\"--awb-margin-top-small:10px;--awb-margin-right-small:0px;--awb-margin-bottom-small:10px;--awb-margin-left-small:0px;\"><h3 class=\"fusion-title-heading title-heading-left\" style=\"margin:0;\"><\/h3><\/div><\/div><\/div><\/div><\/div>\n","protected":false},"excerpt":{"rendered":"<p>Die Anerkennung internationaler Pflegeabschl\u00fcsse entscheidet dar\u00fcber, ob du in Deutschland als Pflegefachkraft arbeiten darfst, welche Aufgaben du \u00fcbernehmen kannst und wie dein Gehalt ausf\u00e4llt.<\/p>\n","protected":false},"author":3,"featured_media":2138,"comment_status":"open","ping_status":"open","sticky":false,"template":"","format":"standard","meta":{"footnotes":""},"categories":[64],"tags":[76,72,70],"class_list":["post-2108","post","type-post","status-publish","format-standard","has-post-thumbnail","hentry","category-arbeit-in-der-pflege","tag-anerkennung","tag-karriere","tag-pflege"],"yoast_head":"<!-- This site is optimized with the Yoast SEO plugin v27.4 - https:\/\/yoast.com\/product\/yoast-seo-wordpress\/ -->\n<title>Anerkennung internationaler Pflegeabschl\u00fcsse: So profitierst du als Pflegekraft<\/title>\n<meta name=\"description\" content=\"Erfahre, wie die Anerkennung internationaler Pflegeabschl\u00fcsse deine Karriere bei compassio st\u00e4rkt. Faire Verg\u00fctung, moderne Technik und sichere Perspektiven.\" \/>\n<meta name=\"robots\" content=\"index, follow, max-snippet:-1, max-image-preview:large, max-video-preview:-1\" \/>\n<link rel=\"canonical\" href=\"https:\/\/karriere.compassio.de\/magazin\/anerkennung-internationaler-pflegeabschluesse-so-profitierst-du-als-pflegekraft\/\" \/>\n<meta property=\"og:locale\" content=\"de_DE\" \/>\n<meta property=\"og:type\" content=\"article\" \/>\n<meta property=\"og:title\" content=\"Anerkennung internationaler Pflegeabschl\u00fcsse: So profitierst du als Pflegekraft\" \/>\n<meta property=\"og:description\" content=\"Erfahre, wie die Anerkennung internationaler Pflegeabschl\u00fcsse deine Karriere bei compassio st\u00e4rkt. Faire Verg\u00fctung, moderne Technik und sichere Perspektiven.\" \/>\n<meta property=\"og:url\" content=\"https:\/\/karriere.compassio.de\/magazin\/anerkennung-internationaler-pflegeabschluesse-so-profitierst-du-als-pflegekraft\/\" \/>\n<meta property=\"og:site_name\" content=\"Avada Magazine\" \/>\n<meta property=\"article:publisher\" content=\"https:\/\/www.facebook.com\/compassiokarriere\/\" \/>\n<meta property=\"article:published_time\" content=\"2026-04-01T10:39:00+00:00\" \/>\n<meta property=\"article:modified_time\" content=\"2026-04-27T11:47:48+00:00\" \/>\n<meta property=\"og:image\" content=\"https:\/\/karriere.compassio.de\/magazin\/wp-content\/uploads\/2026\/04\/11.png\" \/>\n\t<meta property=\"og:image:width\" content=\"800\" \/>\n\t<meta property=\"og:image:height\" content=\"600\" \/>\n\t<meta property=\"og:image:type\" content=\"image\/png\" \/>\n<meta name=\"author\" content=\"Vanessa Angrick\" \/>\n<meta name=\"twitter:card\" content=\"summary_large_image\" \/>\n<meta name=\"twitter:label1\" content=\"Verfasst von\" \/>\n\t<meta name=\"twitter:data1\" content=\"Vanessa Angrick\" \/>\n\t<meta name=\"twitter:label2\" content=\"Gesch\u00e4tzte Lesezeit\" \/>\n\t<meta name=\"twitter:data2\" content=\"8\u00a0Minuten\" \/>\n<script type=\"application\/ld+json\" class=\"yoast-schema-graph\">{\"@context\":\"https:\\\/\\\/schema.org\",\"@graph\":[{\"@type\":\"Article\",\"@id\":\"https:\\\/\\\/karriere.compassio.de\\\/magazin\\\/anerkennung-internationaler-pflegeabschluesse-so-profitierst-du-als-pflegekraft\\\/#article\",\"isPartOf\":{\"@id\":\"https:\\\/\\\/karriere.compassio.de\\\/magazin\\\/anerkennung-internationaler-pflegeabschluesse-so-profitierst-du-als-pflegekraft\\\/\"},\"author\":{\"name\":\"Vanessa Angrick\",\"@id\":\"https:\\\/\\\/karriere.compassio.de\\\/magazin\\\/#\\\/schema\\\/person\\\/f82989bad171edfe2367aab4b6602eff\"},\"headline\":\"Anerkennung internationaler Pflegeabschl\u00fcsse: So profitierst du als Pflegekraft\",\"datePublished\":\"2026-04-01T10:39:00+00:00\",\"dateModified\":\"2026-04-27T11:47:48+00:00\",\"mainEntityOfPage\":{\"@id\":\"https:\\\/\\\/karriere.compassio.de\\\/magazin\\\/anerkennung-internationaler-pflegeabschluesse-so-profitierst-du-als-pflegekraft\\\/\"},\"wordCount\":3170,\"commentCount\":0,\"publisher\":{\"@id\":\"https:\\\/\\\/karriere.compassio.de\\\/magazin\\\/#organization\"},\"image\":{\"@id\":\"https:\\\/\\\/karriere.compassio.de\\\/magazin\\\/anerkennung-internationaler-pflegeabschluesse-so-profitierst-du-als-pflegekraft\\\/#primaryimage\"},\"thumbnailUrl\":\"https:\\\/\\\/karriere.compassio.de\\\/magazin\\\/wp-content\\\/uploads\\\/2026\\\/04\\\/11.png\",\"keywords\":[\"Anerkennung\",\"Karriere\",\"Pflege\"],\"articleSection\":[\"Arbeit &amp; Leben in der Pflege\"],\"inLanguage\":\"de\",\"potentialAction\":[{\"@type\":\"CommentAction\",\"name\":\"Comment\",\"target\":[\"https:\\\/\\\/karriere.compassio.de\\\/magazin\\\/anerkennung-internationaler-pflegeabschluesse-so-profitierst-du-als-pflegekraft\\\/#respond\"]}]},{\"@type\":\"WebPage\",\"@id\":\"https:\\\/\\\/karriere.compassio.de\\\/magazin\\\/anerkennung-internationaler-pflegeabschluesse-so-profitierst-du-als-pflegekraft\\\/\",\"url\":\"https:\\\/\\\/karriere.compassio.de\\\/magazin\\\/anerkennung-internationaler-pflegeabschluesse-so-profitierst-du-als-pflegekraft\\\/\",\"name\":\"Anerkennung internationaler Pflegeabschl\u00fcsse: So profitierst du als Pflegekraft\",\"isPartOf\":{\"@id\":\"https:\\\/\\\/karriere.compassio.de\\\/magazin\\\/#website\"},\"primaryImageOfPage\":{\"@id\":\"https:\\\/\\\/karriere.compassio.de\\\/magazin\\\/anerkennung-internationaler-pflegeabschluesse-so-profitierst-du-als-pflegekraft\\\/#primaryimage\"},\"image\":{\"@id\":\"https:\\\/\\\/karriere.compassio.de\\\/magazin\\\/anerkennung-internationaler-pflegeabschluesse-so-profitierst-du-als-pflegekraft\\\/#primaryimage\"},\"thumbnailUrl\":\"https:\\\/\\\/karriere.compassio.de\\\/magazin\\\/wp-content\\\/uploads\\\/2026\\\/04\\\/11.png\",\"datePublished\":\"2026-04-01T10:39:00+00:00\",\"dateModified\":\"2026-04-27T11:47:48+00:00\",\"description\":\"Erfahre, wie die Anerkennung internationaler Pflegeabschl\u00fcsse deine Karriere bei compassio st\u00e4rkt. Faire Verg\u00fctung, moderne Technik und sichere Perspektiven.\",\"breadcrumb\":{\"@id\":\"https:\\\/\\\/karriere.compassio.de\\\/magazin\\\/anerkennung-internationaler-pflegeabschluesse-so-profitierst-du-als-pflegekraft\\\/#breadcrumb\"},\"inLanguage\":\"de\",\"potentialAction\":[{\"@type\":\"ReadAction\",\"target\":[\"https:\\\/\\\/karriere.compassio.de\\\/magazin\\\/anerkennung-internationaler-pflegeabschluesse-so-profitierst-du-als-pflegekraft\\\/\"]}]},{\"@type\":\"ImageObject\",\"inLanguage\":\"de\",\"@id\":\"https:\\\/\\\/karriere.compassio.de\\\/magazin\\\/anerkennung-internationaler-pflegeabschluesse-so-profitierst-du-als-pflegekraft\\\/#primaryimage\",\"url\":\"https:\\\/\\\/karriere.compassio.de\\\/magazin\\\/wp-content\\\/uploads\\\/2026\\\/04\\\/11.png\",\"contentUrl\":\"https:\\\/\\\/karriere.compassio.de\\\/magazin\\\/wp-content\\\/uploads\\\/2026\\\/04\\\/11.png\",\"width\":800,\"height\":600,\"caption\":\"Menschen halten Puzzleteile zusammen.\"},{\"@type\":\"BreadcrumbList\",\"@id\":\"https:\\\/\\\/karriere.compassio.de\\\/magazin\\\/anerkennung-internationaler-pflegeabschluesse-so-profitierst-du-als-pflegekraft\\\/#breadcrumb\",\"itemListElement\":[{\"@type\":\"ListItem\",\"position\":1,\"name\":\"Start\",\"item\":\"https:\\\/\\\/karriere.compassio.de\\\/magazin\\\/\"},{\"@type\":\"ListItem\",\"position\":2,\"name\":\"Anerkennung internationaler Pflegeabschl\u00fcsse: So profitierst du als Pflegekraft\"}]},{\"@type\":\"WebSite\",\"@id\":\"https:\\\/\\\/karriere.compassio.de\\\/magazin\\\/#website\",\"url\":\"https:\\\/\\\/karriere.compassio.de\\\/magazin\\\/\",\"name\":\"compassio Karriere Magazin\",\"description\":\"\",\"publisher\":{\"@id\":\"https:\\\/\\\/karriere.compassio.de\\\/magazin\\\/#organization\"},\"potentialAction\":[{\"@type\":\"SearchAction\",\"target\":{\"@type\":\"EntryPoint\",\"urlTemplate\":\"https:\\\/\\\/karriere.compassio.de\\\/magazin\\\/?s={search_term_string}\"},\"query-input\":{\"@type\":\"PropertyValueSpecification\",\"valueRequired\":true,\"valueName\":\"search_term_string\"}}],\"inLanguage\":\"de\"},{\"@type\":\"Organization\",\"@id\":\"https:\\\/\\\/karriere.compassio.de\\\/magazin\\\/#organization\",\"name\":\"compassio Karriere\",\"url\":\"https:\\\/\\\/karriere.compassio.de\\\/magazin\\\/\",\"logo\":{\"@type\":\"ImageObject\",\"inLanguage\":\"de\",\"@id\":\"https:\\\/\\\/karriere.compassio.de\\\/magazin\\\/#\\\/schema\\\/logo\\\/image\\\/\",\"url\":\"https:\\\/\\\/karriere.compassio.de\\\/magazin\\\/wp-content\\\/uploads\\\/2026\\\/03\\\/logo.png\",\"contentUrl\":\"https:\\\/\\\/karriere.compassio.de\\\/magazin\\\/wp-content\\\/uploads\\\/2026\\\/03\\\/logo.png\",\"width\":952,\"height\":348,\"caption\":\"compassio Karriere\"},\"image\":{\"@id\":\"https:\\\/\\\/karriere.compassio.de\\\/magazin\\\/#\\\/schema\\\/logo\\\/image\\\/\"},\"sameAs\":[\"https:\\\/\\\/www.facebook.com\\\/compassiokarriere\\\/\"]},{\"@type\":\"Person\",\"@id\":\"https:\\\/\\\/karriere.compassio.de\\\/magazin\\\/#\\\/schema\\\/person\\\/f82989bad171edfe2367aab4b6602eff\",\"name\":\"Vanessa Angrick\",\"image\":{\"@type\":\"ImageObject\",\"inLanguage\":\"de\",\"@id\":\"https:\\\/\\\/secure.gravatar.com\\\/avatar\\\/a954875a6c9d925c6a81849d6229350a9ad62f3583dc3627aa42a030b0b2777e?s=96&d=mm&r=g\",\"url\":\"https:\\\/\\\/secure.gravatar.com\\\/avatar\\\/a954875a6c9d925c6a81849d6229350a9ad62f3583dc3627aa42a030b0b2777e?s=96&d=mm&r=g\",\"contentUrl\":\"https:\\\/\\\/secure.gravatar.com\\\/avatar\\\/a954875a6c9d925c6a81849d6229350a9ad62f3583dc3627aa42a030b0b2777e?s=96&d=mm&r=g\",\"caption\":\"Vanessa Angrick\"}}]}<\/script>\n<!-- \/ Yoast SEO plugin. -->","yoast_head_json":{"title":"Anerkennung internationaler Pflegeabschl\u00fcsse: So profitierst du als Pflegekraft","description":"Erfahre, wie die Anerkennung internationaler Pflegeabschl\u00fcsse deine Karriere bei compassio st\u00e4rkt. Faire Verg\u00fctung, moderne Technik und sichere Perspektiven.","robots":{"index":"index","follow":"follow","max-snippet":"max-snippet:-1","max-image-preview":"max-image-preview:large","max-video-preview":"max-video-preview:-1"},"canonical":"https:\/\/karriere.compassio.de\/magazin\/anerkennung-internationaler-pflegeabschluesse-so-profitierst-du-als-pflegekraft\/","og_locale":"de_DE","og_type":"article","og_title":"Anerkennung internationaler Pflegeabschl\u00fcsse: So profitierst du als Pflegekraft","og_description":"Erfahre, wie die Anerkennung internationaler Pflegeabschl\u00fcsse deine Karriere bei compassio st\u00e4rkt. Faire Verg\u00fctung, moderne Technik und sichere Perspektiven.","og_url":"https:\/\/karriere.compassio.de\/magazin\/anerkennung-internationaler-pflegeabschluesse-so-profitierst-du-als-pflegekraft\/","og_site_name":"Avada Magazine","article_publisher":"https:\/\/www.facebook.com\/compassiokarriere\/","article_published_time":"2026-04-01T10:39:00+00:00","article_modified_time":"2026-04-27T11:47:48+00:00","og_image":[{"width":800,"height":600,"url":"https:\/\/karriere.compassio.de\/magazin\/wp-content\/uploads\/2026\/04\/11.png","type":"image\/png"}],"author":"Vanessa Angrick","twitter_card":"summary_large_image","twitter_misc":{"Verfasst von":"Vanessa Angrick","Gesch\u00e4tzte Lesezeit":"8\u00a0Minuten"},"schema":{"@context":"https:\/\/schema.org","@graph":[{"@type":"Article","@id":"https:\/\/karriere.compassio.de\/magazin\/anerkennung-internationaler-pflegeabschluesse-so-profitierst-du-als-pflegekraft\/#article","isPartOf":{"@id":"https:\/\/karriere.compassio.de\/magazin\/anerkennung-internationaler-pflegeabschluesse-so-profitierst-du-als-pflegekraft\/"},"author":{"name":"Vanessa Angrick","@id":"https:\/\/karriere.compassio.de\/magazin\/#\/schema\/person\/f82989bad171edfe2367aab4b6602eff"},"headline":"Anerkennung internationaler Pflegeabschl\u00fcsse: So profitierst du als Pflegekraft","datePublished":"2026-04-01T10:39:00+00:00","dateModified":"2026-04-27T11:47:48+00:00","mainEntityOfPage":{"@id":"https:\/\/karriere.compassio.de\/magazin\/anerkennung-internationaler-pflegeabschluesse-so-profitierst-du-als-pflegekraft\/"},"wordCount":3170,"commentCount":0,"publisher":{"@id":"https:\/\/karriere.compassio.de\/magazin\/#organization"},"image":{"@id":"https:\/\/karriere.compassio.de\/magazin\/anerkennung-internationaler-pflegeabschluesse-so-profitierst-du-als-pflegekraft\/#primaryimage"},"thumbnailUrl":"https:\/\/karriere.compassio.de\/magazin\/wp-content\/uploads\/2026\/04\/11.png","keywords":["Anerkennung","Karriere","Pflege"],"articleSection":["Arbeit &amp; Leben in der Pflege"],"inLanguage":"de","potentialAction":[{"@type":"CommentAction","name":"Comment","target":["https:\/\/karriere.compassio.de\/magazin\/anerkennung-internationaler-pflegeabschluesse-so-profitierst-du-als-pflegekraft\/#respond"]}]},{"@type":"WebPage","@id":"https:\/\/karriere.compassio.de\/magazin\/anerkennung-internationaler-pflegeabschluesse-so-profitierst-du-als-pflegekraft\/","url":"https:\/\/karriere.compassio.de\/magazin\/anerkennung-internationaler-pflegeabschluesse-so-profitierst-du-als-pflegekraft\/","name":"Anerkennung internationaler Pflegeabschl\u00fcsse: So profitierst du als Pflegekraft","isPartOf":{"@id":"https:\/\/karriere.compassio.de\/magazin\/#website"},"primaryImageOfPage":{"@id":"https:\/\/karriere.compassio.de\/magazin\/anerkennung-internationaler-pflegeabschluesse-so-profitierst-du-als-pflegekraft\/#primaryimage"},"image":{"@id":"https:\/\/karriere.compassio.de\/magazin\/anerkennung-internationaler-pflegeabschluesse-so-profitierst-du-als-pflegekraft\/#primaryimage"},"thumbnailUrl":"https:\/\/karriere.compassio.de\/magazin\/wp-content\/uploads\/2026\/04\/11.png","datePublished":"2026-04-01T10:39:00+00:00","dateModified":"2026-04-27T11:47:48+00:00","description":"Erfahre, wie die Anerkennung internationaler Pflegeabschl\u00fcsse deine Karriere bei compassio st\u00e4rkt. Faire Verg\u00fctung, moderne Technik und sichere Perspektiven.","breadcrumb":{"@id":"https:\/\/karriere.compassio.de\/magazin\/anerkennung-internationaler-pflegeabschluesse-so-profitierst-du-als-pflegekraft\/#breadcrumb"},"inLanguage":"de","potentialAction":[{"@type":"ReadAction","target":["https:\/\/karriere.compassio.de\/magazin\/anerkennung-internationaler-pflegeabschluesse-so-profitierst-du-als-pflegekraft\/"]}]},{"@type":"ImageObject","inLanguage":"de","@id":"https:\/\/karriere.compassio.de\/magazin\/anerkennung-internationaler-pflegeabschluesse-so-profitierst-du-als-pflegekraft\/#primaryimage","url":"https:\/\/karriere.compassio.de\/magazin\/wp-content\/uploads\/2026\/04\/11.png","contentUrl":"https:\/\/karriere.compassio.de\/magazin\/wp-content\/uploads\/2026\/04\/11.png","width":800,"height":600,"caption":"Menschen halten Puzzleteile zusammen."},{"@type":"BreadcrumbList","@id":"https:\/\/karriere.compassio.de\/magazin\/anerkennung-internationaler-pflegeabschluesse-so-profitierst-du-als-pflegekraft\/#breadcrumb","itemListElement":[{"@type":"ListItem","position":1,"name":"Start","item":"https:\/\/karriere.compassio.de\/magazin\/"},{"@type":"ListItem","position":2,"name":"Anerkennung internationaler Pflegeabschl\u00fcsse: So profitierst du als Pflegekraft"}]},{"@type":"WebSite","@id":"https:\/\/karriere.compassio.de\/magazin\/#website","url":"https:\/\/karriere.compassio.de\/magazin\/","name":"compassio Karriere Magazin","description":"","publisher":{"@id":"https:\/\/karriere.compassio.de\/magazin\/#organization"},"potentialAction":[{"@type":"SearchAction","target":{"@type":"EntryPoint","urlTemplate":"https:\/\/karriere.compassio.de\/magazin\/?s={search_term_string}"},"query-input":{"@type":"PropertyValueSpecification","valueRequired":true,"valueName":"search_term_string"}}],"inLanguage":"de"},{"@type":"Organization","@id":"https:\/\/karriere.compassio.de\/magazin\/#organization","name":"compassio Karriere","url":"https:\/\/karriere.compassio.de\/magazin\/","logo":{"@type":"ImageObject","inLanguage":"de","@id":"https:\/\/karriere.compassio.de\/magazin\/#\/schema\/logo\/image\/","url":"https:\/\/karriere.compassio.de\/magazin\/wp-content\/uploads\/2026\/03\/logo.png","contentUrl":"https:\/\/karriere.compassio.de\/magazin\/wp-content\/uploads\/2026\/03\/logo.png","width":952,"height":348,"caption":"compassio Karriere"},"image":{"@id":"https:\/\/karriere.compassio.de\/magazin\/#\/schema\/logo\/image\/"},"sameAs":["https:\/\/www.facebook.com\/compassiokarriere\/"]},{"@type":"Person","@id":"https:\/\/karriere.compassio.de\/magazin\/#\/schema\/person\/f82989bad171edfe2367aab4b6602eff","name":"Vanessa Angrick","image":{"@type":"ImageObject","inLanguage":"de","@id":"https:\/\/secure.gravatar.com\/avatar\/a954875a6c9d925c6a81849d6229350a9ad62f3583dc3627aa42a030b0b2777e?s=96&d=mm&r=g","url":"https:\/\/secure.gravatar.com\/avatar\/a954875a6c9d925c6a81849d6229350a9ad62f3583dc3627aa42a030b0b2777e?s=96&d=mm&r=g","contentUrl":"https:\/\/secure.gravatar.com\/avatar\/a954875a6c9d925c6a81849d6229350a9ad62f3583dc3627aa42a030b0b2777e?s=96&d=mm&r=g","caption":"Vanessa Angrick"}}]}},"_links":{"self":[{"href":"https:\/\/karriere.compassio.de\/magazin\/wp-json\/wp\/v2\/posts\/2108","targetHints":{"allow":["GET"]}}],"collection":[{"href":"https:\/\/karriere.compassio.de\/magazin\/wp-json\/wp\/v2\/posts"}],"about":[{"href":"https:\/\/karriere.compassio.de\/magazin\/wp-json\/wp\/v2\/types\/post"}],"author":[{"embeddable":true,"href":"https:\/\/karriere.compassio.de\/magazin\/wp-json\/wp\/v2\/users\/3"}],"replies":[{"embeddable":true,"href":"https:\/\/karriere.compassio.de\/magazin\/wp-json\/wp\/v2\/comments?post=2108"}],"version-history":[{"count":9,"href":"https:\/\/karriere.compassio.de\/magazin\/wp-json\/wp\/v2\/posts\/2108\/revisions"}],"predecessor-version":[{"id":2374,"href":"https:\/\/karriere.compassio.de\/magazin\/wp-json\/wp\/v2\/posts\/2108\/revisions\/2374"}],"wp:featuredmedia":[{"embeddable":true,"href":"https:\/\/karriere.compassio.de\/magazin\/wp-json\/wp\/v2\/media\/2138"}],"wp:attachment":[{"href":"https:\/\/karriere.compassio.de\/magazin\/wp-json\/wp\/v2\/media?parent=2108"}],"wp:term":[{"taxonomy":"category","embeddable":true,"href":"https:\/\/karriere.compassio.de\/magazin\/wp-json\/wp\/v2\/categories?post=2108"},{"taxonomy":"post_tag","embeddable":true,"href":"https:\/\/karriere.compassio.de\/magazin\/wp-json\/wp\/v2\/tags?post=2108"}],"curies":[{"name":"wp","href":"https:\/\/api.w.org\/{rel}","templated":true}]}}