{"id":2111,"date":"2026-04-01T10:38:38","date_gmt":"2026-04-01T10:38:38","guid":{"rendered":"https:\/\/karriere.compassio.de\/magazin\/?p=2111"},"modified":"2026-04-27T13:48:43","modified_gmt":"2026-04-27T11:48:43","slug":"nachtdienst-pflege-so-bleibst-du-gesund-motiviert","status":"publish","type":"post","link":"https:\/\/karriere.compassio.de\/magazin\/nachtdienst-pflege-so-bleibst-du-gesund-motiviert\/","title":{"rendered":"Nachtdienst Pflege: So bleibst du gesund &#038; motiviert"},"content":{"rendered":"<div class=\"fusion-fullwidth fullwidth-box fusion-builder-row-1 fusion-flex-container has-pattern-background has-mask-background nonhundred-percent-fullwidth non-hundred-percent-height-scrolling\" style=\"--awb-border-radius-top-left:0px;--awb-border-radius-top-right:0px;--awb-border-radius-bottom-right:0px;--awb-border-radius-bottom-left:0px;--awb-flex-wrap:wrap;\" ><div class=\"fusion-builder-row fusion-row fusion-flex-align-items-flex-start fusion-flex-content-wrap\" style=\"max-width:1302px;margin-left: calc(-5% \/ 2 );margin-right: calc(-5% \/ 2 );\"><div class=\"fusion-layout-column fusion_builder_column fusion-builder-column-0 fusion_builder_column_1_1 1_1 fusion-flex-column\" style=\"--awb-bg-size:cover;--awb-width-large:100%;--awb-margin-top-large:0px;--awb-spacing-right-large:100px;--awb-margin-bottom-large:0px;--awb-spacing-left-large:100px;--awb-width-medium:100%;--awb-order-medium:0;--awb-spacing-right-medium:100px;--awb-spacing-left-medium:100px;--awb-width-small:100%;--awb-order-small:0;--awb-spacing-right-small:2.375%;--awb-spacing-left-small:2.375%;\"><div class=\"fusion-column-wrapper fusion-column-has-shadow fusion-flex-justify-content-flex-start fusion-content-layout-column\"><div class=\"fusion-text fusion-text-1\"><p>Wer in der Pflege arbeitet, kennt das Thema: <strong>Nachtdienst in der Pflege<\/strong> bedeutet Verantwortung, Stress f\u00fcr den K\u00f6rper und oft wenig Familienzeit. Gleichzeitig liebst du deinen Beruf und suchst keinen Ausstieg, sondern ein Arbeitsmodell, das zu deinem Leben passt. In diesem Beitrag zeigen wir dir, welche <strong>Modelle ohne Nachtdienst<\/strong> in der Pflege realistisch sind \u2013 von ambulanter Pflege \u00fcber Tagespflege bis zu Teilzeitl\u00f6sungen in station\u00e4ren Einrichtungen \u2013 und wie wir bei compassio solche Wege er\u00f6ffnen.<\/p>\n<h2>Nachtdienst in der Pflege: Eine gro\u00dfe Herausforderung<\/h2>\n<p>Nachtschichten stellen eine erhebliche Herausforderung f\u00fcr den menschlichen Biorhythmus dar, da sie gegen die nat\u00fcrliche Ruhephase des K\u00f6rpers arbeiten und nachweislich das Risiko f\u00fcr <strong>Herz-Kreislauf-Erkrankungen sowie Schlaf- und Stoffwechselst\u00f6rungen<\/strong> erh\u00f6hen k\u00f6nnen. In der t\u00e4glichen Praxis \u00e4u\u00dfert sich diese Belastung oft durch ein dauerhaftes Ersch\u00f6pfungsgef\u00fchl \u00e4hnlich einem Jetlag, w\u00e4hrend die <strong>Regeneration durch den unruhigen Tagesschlaf<\/strong> und die eingeschr\u00e4nkte Teilhabe am sozialen Leben zus\u00e4tzlich erschwert wird.<\/p>\n<p>Viele <strong>Pflegekr\u00e4fte <\/strong>erz\u00e4hlen, dass sie mit Anfang 20 Nachtdienste noch \u201ewegstecken\u201c, ab 40 oder 50 aber deutlich st\u00e4rker mit gesundheitlichen Folgen ringen. Genau hier setzen alternative Arbeitsmodelle an.<\/p>\n<\/div><div class=\"fusion-image-element \" style=\"--awb-caption-title-font-family:var(--h2_typography-font-family);--awb-caption-title-font-weight:var(--h2_typography-font-weight);--awb-caption-title-font-style:var(--h2_typography-font-style);--awb-caption-title-size:var(--h2_typography-font-size);--awb-caption-title-transform:var(--h2_typography-text-transform);--awb-caption-title-line-height:var(--h2_typography-line-height);--awb-caption-title-letter-spacing:var(--h2_typography-letter-spacing);\"><span class=\" fusion-imageframe imageframe-none imageframe-1 hover-type-none\"><img decoding=\"async\" width=\"800\" height=\"600\" alt=\"Pfleger hilft alter Frau aufzustehen.\" title=\"Hilfe bei jeder Situation im Alltag.\" src=\"https:\/\/karriere.compassio.de\/magazin\/wp-content\/uploads\/2026\/04\/21.png\" data-orig-src=\"https:\/\/karriere.compassio.de\/magazin\/wp-content\/uploads\/2026\/04\/21.png\" class=\"lazyload img-responsive wp-image-2148\" srcset=\"data:image\/svg+xml,%3Csvg%20xmlns%3D%27http%3A%2F%2Fwww.w3.org%2F2000%2Fsvg%27%20width%3D%27800%27%20height%3D%27600%27%20viewBox%3D%270%200%20800%20600%27%3E%3Crect%20width%3D%27800%27%20height%3D%27600%27%20fill-opacity%3D%220%22%2F%3E%3C%2Fsvg%3E\" data-srcset=\"https:\/\/karriere.compassio.de\/magazin\/wp-content\/uploads\/2026\/04\/21-200x150.png 200w, https:\/\/karriere.compassio.de\/magazin\/wp-content\/uploads\/2026\/04\/21-400x300.png 400w, https:\/\/karriere.compassio.de\/magazin\/wp-content\/uploads\/2026\/04\/21-600x450.png 600w, https:\/\/karriere.compassio.de\/magazin\/wp-content\/uploads\/2026\/04\/21.png 800w\" data-sizes=\"auto\" data-orig-sizes=\"(max-width: 800px) 100vw, 800px\" \/><\/span><\/div><div class=\"fusion-text fusion-text-2\"><h2>Arbeiten in der ambulanten Pflege: Pflege ohne Nachtdienst mit viel Flexibilit\u00e4t<\/h2>\n<p>In der ambulanten Pflege konzentriert sich die Versorgung der Klienten auf deren h\u00e4usliches Umfeld, wobei die Eins\u00e4tze in vielen Teams prim\u00e4r zwischen dem fr\u00fchen Morgen und dem sp\u00e4ten Abend stattfinden, da nicht jeder Dienst eine Rund-um-die-Uhr-Versorgung anbietet. Diese Struktur erm\u00f6glicht es dir, den Arbeitstag in <strong>festen Touren planbar zu gestalten<\/strong> und so eine deutlich bessere Vereinbarkeit von Beruf und Privatleben zu erzielen, w\u00e4hrend du gleichzeitig von einer <strong>hohen Eigenst\u00e4ndigkeit und weniger unvorhersehbaren Notf\u00e4llen<\/strong> profitierst.<\/p>\n<p>Bei compassio bieten wir neben station\u00e4ren H\u00e4usern auch <strong>ambulante und teilstation\u00e4re Angebote<\/strong>. Wenn du Pflege liebst, aber keine n\u00e4chtlichen Arbeitszeiten mehr m\u00f6chtest, k\u00f6nnen ambulante Eins\u00e4tze eine tragf\u00e4hige Alternative bilden. Informationen zu Einstiegswegen und Qualifikationsprofilen findest du in unserem Bereich <a href=\"https:\/\/karriere.compassio.de\/pflege\/pflegefachkraft\/\">Pflegefachkraft bei compassio<\/a>.<\/p>\n<h3>F\u00fcr wen passt ambulante Pflege ohne Nachtdienst?<\/h3>\n<p>Die ambulante Pflege ist ideal f\u00fcr Fachkr\u00e4fte, die <strong>Eigenst\u00e4ndigkeit und Mobilit\u00e4t<\/strong> sch\u00e4tzen sowie Wert auf eine verl\u00e4ssliche Zeitplanung f\u00fcr Familie, Hobbys oder Ehrenamt legen. Besonders f\u00fcr erfahrene Pflegekr\u00e4fte ab 50 bietet dieser Bereich die Chance, ihr fundiertes Fachwissen voll einzubringen und gleichzeitig durch den <strong>Wegfall von Nachtdiensten<\/strong> den eigenen K\u00f6rper sp\u00fcrbar zu entlasten. Gerade Pflegekr\u00e4fte ab 50, die ihr berufliches Erfahrungswissen einbringen und ihren K\u00f6rper entlasten wollen, profitieren von diesem Wechsel.<\/p>\n<h2>Tagespflege: Soziale Pflegearbeit im Tagesrhythmus statt Nachtschicht<\/h2>\n<p>Tagespflegeeinrichtungen betreuen G\u00e4ste tags\u00fcber und bringen sie am Nachmittag oder Abend wieder nach Hause. <strong>Nachtdienst Pflege<\/strong> spielt hier keine Rolle \u2013 der Schwerpunkt liegt auf Aktivierung, Alltagsbegleitung und pflegerischer Unterst\u00fctzung im Rahmen fester \u00d6ffnungszeiten.<\/p>\n<p><strong>Was die Arbeit in der Tagespflege ausmacht:<\/strong><\/p>\n<\/div><ul style=\"--awb-item-padding-top:10px;--awb-item-padding-left:25px;--awb-iconcolor:var(--awb-color4);--awb-line-height:27.2px;--awb-icon-width:27.2px;--awb-icon-height:27.2px;--awb-icon-margin:11.2px;--awb-content-margin:38.4px;--awb-circlecolor:hsla(var(--awb-color4-h),var(--awb-color4-s),var(--awb-color4-l),calc(var(--awb-color4-a) - 90%));--awb-circle-yes-font-size:14.08px;\" class=\"fusion-checklist fusion-checklist-1 type-icons\"><li class=\"fusion-li-item\" style=\"\"><span class=\"icon-wrapper circle-yes\"><i class=\"fusion-li-icon awb-magazine-angle-right-solid\" aria-hidden=\"true\"><\/i><\/span><div class=\"fusion-li-item-content\">\n<p>Du arbeitest in der Regel im Zeitfenster zwischen fr\u00fchmorgens und fr\u00fchem Abend.<\/p>\n<\/div><\/li><li class=\"fusion-li-item\" style=\"\"><span class=\"icon-wrapper circle-yes\"><i class=\"fusion-li-icon awb-magazine-angle-right-solid\" aria-hidden=\"true\"><\/i><\/span><div class=\"fusion-li-item-content\">\n<p>Du begleitest Gruppenangebote, f\u00f6rderst Mobilit\u00e4t, kommst mit Angeh\u00f6rigen in Kontakt.<\/p>\n<\/div><\/li><li class=\"fusion-li-item\" style=\"\"><span class=\"icon-wrapper circle-yes\"><i class=\"fusion-li-icon awb-magazine-angle-right-solid\" aria-hidden=\"true\"><\/i><\/span><div class=\"fusion-li-item-content\">\n<p>Du kombinierst pflegerische T\u00e4tigkeiten mit sozialer Betreuung.<\/p>\n<\/div><\/li><\/ul><div class=\"fusion-text fusion-text-3\"><p>F\u00fcr viele Pflegefachkr\u00e4fte f\u00fchlt sich die Tagespflege wie ein \u201ePflegejob mit B\u00fcrozeiten\u201c an, ohne auf die N\u00e4he zu \u00e4lteren Menschen zu verzichten. Wenn du mehr \u00fcber unsere Einstiegsoptionen in der Betreuung und Aktivierung erfahren m\u00f6chtest, lohnt sich ein Blick auf <a href=\"https:\/\/karriere.compassio.de\/pflege\/ergotherapeut-betreuungsassistent\/\">Ergotherapeut &amp; Betreuungsassistent<\/a>.<\/p>\n<h3>Tagespflege als Alternative zum Nachtdienst ab 50<\/h3>\n<p><strong>Pflegekr\u00e4fte <\/strong>ab 50 finden in der Tagespflege eine ideale M\u00f6glichkeit, ihre Gesundheit durch den Verzicht auf Nachtarbeit und unregelm\u00e4\u00dfige Schichtwechsel nachhaltig zu entlasten. In dieser \u201e<strong>zweiten Karrierephase<\/strong>\u201c verlagert sich der pflegerische Fokus weg von der reinen Grundversorgung hin zur Ressourcenf\u00f6rderung und Beziehungsgestaltung, wodurch wieder mehr Raum f\u00fcr Kreativit\u00e4t, Biografiearbeit und <strong>pers\u00f6nlichen Austausch<\/strong> im Berufsalltag entsteht.<\/p>\n<\/div><div class=\"fusion-image-element \" style=\"--awb-caption-title-font-family:var(--h2_typography-font-family);--awb-caption-title-font-weight:var(--h2_typography-font-weight);--awb-caption-title-font-style:var(--h2_typography-font-style);--awb-caption-title-size:var(--h2_typography-font-size);--awb-caption-title-transform:var(--h2_typography-text-transform);--awb-caption-title-line-height:var(--h2_typography-line-height);--awb-caption-title-letter-spacing:var(--h2_typography-letter-spacing);\"><span class=\" fusion-imageframe imageframe-none imageframe-2 hover-type-none\"><img decoding=\"async\" width=\"800\" height=\"600\" alt=\"Gefaltete H\u00e4nde und Einblendungen mit Symbolen.\" title=\"Symbolbild Benefits.\" src=\"https:\/\/karriere.compassio.de\/magazin\/wp-content\/uploads\/2026\/04\/16.png\" data-orig-src=\"https:\/\/karriere.compassio.de\/magazin\/wp-content\/uploads\/2026\/04\/16.png\" class=\"lazyload img-responsive wp-image-2142\" srcset=\"data:image\/svg+xml,%3Csvg%20xmlns%3D%27http%3A%2F%2Fwww.w3.org%2F2000%2Fsvg%27%20width%3D%27800%27%20height%3D%27600%27%20viewBox%3D%270%200%20800%20600%27%3E%3Crect%20width%3D%27800%27%20height%3D%27600%27%20fill-opacity%3D%220%22%2F%3E%3C%2Fsvg%3E\" data-srcset=\"https:\/\/karriere.compassio.de\/magazin\/wp-content\/uploads\/2026\/04\/16-200x150.png 200w, https:\/\/karriere.compassio.de\/magazin\/wp-content\/uploads\/2026\/04\/16-400x300.png 400w, https:\/\/karriere.compassio.de\/magazin\/wp-content\/uploads\/2026\/04\/16-600x450.png 600w, https:\/\/karriere.compassio.de\/magazin\/wp-content\/uploads\/2026\/04\/16.png 800w\" data-sizes=\"auto\" data-orig-sizes=\"(max-width: 800px) 100vw, 800px\" \/><\/span><\/div><div class=\"fusion-text fusion-text-4\"><h2><span style=\"font-size: 16px;\">Teilzeit in station\u00e4ren Einrichtungen: Pflege ohne Nachtdienst im Teammodell<\/span><\/h2>\n<p>Nicht jede Pflegekraft m\u00f6chte die <strong>station\u00e4re Umgebung<\/strong> verlassen. Wohnbereiche, eingespielte Teams, vertraute Bewohner \u2013 all das schafft Bindung. Gleichzeitig f\u00e4llt es schwer, dauerhaft Nachtdienst in der Pflege zu leisten. Hier entstehen Modelle, bei denen <strong>Pflegefachkr\u00e4fte in Teilzeit ohne Nachtdienst<\/strong> arbeiten und Kolleginnen, die N\u00e4chte bevorzugen, mehr Nachtdienste \u00fcbernehmen. Voraussetzung: Eine faire, transparente Dienstplangestaltung.<\/p>\n<p><strong>Typische Teilzeit-Modelle ohne Nachtdienst in station\u00e4ren H\u00e4usern:<\/strong><\/p>\n<\/div><ul style=\"--awb-item-padding-top:10px;--awb-item-padding-left:25px;--awb-iconcolor:var(--awb-color4);--awb-line-height:27.2px;--awb-icon-width:27.2px;--awb-icon-height:27.2px;--awb-icon-margin:11.2px;--awb-content-margin:38.4px;--awb-circlecolor:hsla(var(--awb-color4-h),var(--awb-color4-s),var(--awb-color4-l),calc(var(--awb-color4-a) - 90%));--awb-circle-yes-font-size:14.08px;\" class=\"fusion-checklist fusion-checklist-2 type-icons\"><li class=\"fusion-li-item\" style=\"\"><span class=\"icon-wrapper circle-yes\"><i class=\"fusion-li-icon awb-magazine-angle-right-solid\" aria-hidden=\"true\"><\/i><\/span><div class=\"fusion-li-item-content\">\n<p>Teilzeit mit Schwerpunkt Fr\u00fchdienst<\/p>\n<\/div><\/li><li class=\"fusion-li-item\" style=\"\"><span class=\"icon-wrapper circle-yes\"><i class=\"fusion-li-icon awb-magazine-angle-right-solid\" aria-hidden=\"true\"><\/i><\/span><div class=\"fusion-li-item-content\">\n<p>Teilzeit mit Sp\u00e4tdiensten, aber ohne N\u00e4chte<\/p>\n<\/div><\/li><li class=\"fusion-li-item\" style=\"\"><span class=\"icon-wrapper circle-yes\"><i class=\"fusion-li-icon awb-magazine-angle-right-solid\" aria-hidden=\"true\"><\/i><\/span><div class=\"fusion-li-item-content\">\n<p>Kombinationen mit festen \u201edienstfreien Tagen\u201c f\u00fcr Familie oder Pflege von Angeh\u00f6rigen<\/p>\n<\/div><\/li><\/ul><div class=\"fusion-text fusion-text-5\"><p>Bei compassio legen wir Wert auf individuelle Arbeitszeitmodelle. Im Bereich <a href=\"https:\/\/karriere.compassio.de\/pflege\/pflegehilfskraft\/\">Pflegehilfskraft<\/a> und <a href=\"https:\/\/karriere.compassio.de\/pflege\/\">Pflege Jobs<\/a> zeigen wir dir, wie diese Modelle in verschiedenen Einrichtungen aussehen.<\/p>\n<h3>Pflege ohne Nachtdienst \u2013 wie du deinen Wunsch formulierst<\/h3>\n<p>Ein offener Umgang mit dem Wunsch nach <strong>Verzicht auf Nachtdienste<\/strong> scheitert oft an der Sorge, als weniger belastbar wahrgenommen zu werden, obwohl ein klar begr\u00fcndeter Wunsch tats\u00e4chlich Planungssicherheit f\u00fcr beide Seiten schafft. F\u00fcr ein <strong>erfolgreiches Gespr\u00e4ch<\/strong> mit der Leitung empfiehlt es sich, sachliche Gr\u00fcnde wie Gesundheit oder Familie zu benennen und gleichzeitig<strong> konkrete Vorschl\u00e4ge<\/strong> f\u00fcr alternative Dienstzeiten sowie die Bereitschaft zur Unterst\u00fctzung an Wochenenden einzubringen.<\/p>\n<h2>Modelle im Vergleich: Arbeiten mit und ohne Nachtdienst<\/h2>\n<p>Die <strong>verschiedenen Arbeitsmodelle<\/strong> in der Pflege unterscheiden sich ma\u00dfgeblich durch ihren <strong>Nachtdienst-Anteil<\/strong> und die damit verbundene Work-Life-Balance: W\u00e4hrend die station\u00e4re Vollzeitpflege in Seniorendomizilen oft regelm\u00e4\u00dfige Nachtschichten und eine hohe Belastung bei gleichzeitigen Zuschl\u00e4gen umfasst, bieten Teilzeitmodelle oder die <strong>Tagespflege <\/strong>durch den Verzicht auf N\u00e4chte eine deutlich bessere <strong>Planbarkeit <\/strong>und einen regelm\u00e4\u00dfigen Tagesrhythmus. Die ambulante Pflege stellt hierbei eine flexible Mitte dar, die durch eigenst\u00e4ndige Tourenplanung meist ohne Nachtarbeit auskommt und vor allem in kombinierten Wohnanlagen oder ambulanten Diensten von compassio zum Einsatz kommt.<\/p>\n<\/div><div class=\"fusion-image-element \" style=\"--awb-caption-title-font-family:var(--h2_typography-font-family);--awb-caption-title-font-weight:var(--h2_typography-font-weight);--awb-caption-title-font-style:var(--h2_typography-font-style);--awb-caption-title-size:var(--h2_typography-font-size);--awb-caption-title-transform:var(--h2_typography-text-transform);--awb-caption-title-line-height:var(--h2_typography-line-height);--awb-caption-title-letter-spacing:var(--h2_typography-letter-spacing);\"><span class=\" fusion-imageframe imageframe-none imageframe-3 hover-type-none\"><img decoding=\"async\" width=\"800\" height=\"600\" alt=\"Frau blickt in die Kamera. Im Hintergrund Menschen die lernen.\" title=\"Ausbildung Pflege Compassio.\" src=\"https:\/\/karriere.compassio.de\/magazin\/wp-content\/uploads\/2026\/04\/20.png\" data-orig-src=\"https:\/\/karriere.compassio.de\/magazin\/wp-content\/uploads\/2026\/04\/20.png\" class=\"lazyload img-responsive wp-image-2149\" srcset=\"data:image\/svg+xml,%3Csvg%20xmlns%3D%27http%3A%2F%2Fwww.w3.org%2F2000%2Fsvg%27%20width%3D%27800%27%20height%3D%27600%27%20viewBox%3D%270%200%20800%20600%27%3E%3Crect%20width%3D%27800%27%20height%3D%27600%27%20fill-opacity%3D%220%22%2F%3E%3C%2Fsvg%3E\" data-srcset=\"https:\/\/karriere.compassio.de\/magazin\/wp-content\/uploads\/2026\/04\/20-200x150.png 200w, https:\/\/karriere.compassio.de\/magazin\/wp-content\/uploads\/2026\/04\/20-400x300.png 400w, https:\/\/karriere.compassio.de\/magazin\/wp-content\/uploads\/2026\/04\/20-600x450.png 600w, https:\/\/karriere.compassio.de\/magazin\/wp-content\/uploads\/2026\/04\/20.png 800w\" data-sizes=\"auto\" data-orig-sizes=\"(max-width: 800px) 100vw, 800px\" \/><\/span><\/div><div class=\"fusion-text fusion-text-6\"><h2>Wie du deinen Weg ohne Nachtdienst konkret angehst<\/h2>\n<p>Wenn du sp\u00fcrst, dass <strong>Nachtdienst Pflege<\/strong> f\u00fcr dich nicht mehr passt, helfen dir diese Schritte:<\/p>\n<p><strong>1. Selbstcheck machen<\/strong><br \/>\nWie reagiert dein K\u00f6rper auf Nachtschichten? Wie sehr belasten dich Schlafdefizit, Familienorganisation und gesundheitliche Themen? Halte diese Punkte schriftlich fest.<\/p>\n<p><strong>2. Wunschprofil erstellen<\/strong><br \/>\nFormuliere, wie dein Arbeitsalltag ohne Nachtdienst aussehen soll:<\/p>\n<ul>\n<li>Bevorzugte Schichten (Fr\u00fch, Sp\u00e4t, nur werktags, bestimmte Wochenenden)<\/li>\n<li>Interessensschwerpunkte (Demenz, Rehabilitation, Tagesstruktur, Intensivpflege)<\/li>\n<li>Entwicklungsziele (z.\u202fB. Fachweiterbildung, Leitung kleiner Teams)<\/li>\n<\/ul>\n<p><strong>3. Gespr\u00e4ch im aktuellen Team suchen<\/strong><br \/>\nSprich deine Leitung aktiv an und bringe konkrete Vorschl\u00e4ge ein, wie du ohne Nachtwache Pflege weiterhin verl\u00e4sslich Verantwortung im Team \u00fcbernimmst.<\/p>\n<p><strong>4. Neuorientierung pr\u00fcfen<\/strong><br \/>\nWenn sich intern kein passendes Modell ergibt, lohnt sich der Blick auf unsere <a href=\"https:\/\/karriere.compassio.de\/stellen\/\">aktuellen Stellenangebote bei compassio<\/a>. Dort entdeckst du sowohl klassische <strong>Pflegefachkraft-Jobs<\/strong> als auch Funktionen mit st\u00e4rkerem Fokus auf Tagesstruktur, Qualit\u00e4t oder Koordination.<\/p>\n<h2>Karrierewege in der Pflege ohne Nachtdienst<\/h2>\n<p>Ein Verzicht auf den Nachtdienst bedeutet in der Pflege keineswegs beruflichen Stillstand, da zahlreiche Spezialisierungs- und Aufstiegswege bei compassio prim\u00e4r zu Tageszeiten stattfinden. Ob als <a href=\"https:\/\/karriere.compassio.de\/pflege\/gerontofachkraft\/\"><strong>Gerontofachkraft<\/strong> <\/a>mit Fokus auf Tagesstruktur, im <a href=\"https:\/\/karriere.compassio.de\/pflege\/qualitaetsmanagement\/\"><strong>Qualit\u00e4tsmanagement<\/strong> <\/a>zur Prozessgestaltung oder in <strong>Leitungsfunktionen<\/strong> wie der Wohnbereichsleitung \u2013 diese Rollen erm\u00f6glichen es, tiefe Fachexpertise und F\u00fchrungsverantwortung mit einem stabilen Arbeitsrhythmus zu vereinen. So verkn\u00fcpfst du deine Expertise mit stabileren Arbeitszeiten und gestaltest Pflege aktiv mit \u2013 ohne regelm\u00e4\u00dfigen Nachtdienst.<\/p>\n<\/div><div class=\"fusion-title title fusion-title-1 fusion-sep-none fusion-title-text fusion-title-size-three\" style=\"--awb-margin-top-small:10px;--awb-margin-right-small:0px;--awb-margin-bottom-small:10px;--awb-margin-left-small:0px;\"><h3 class=\"fusion-title-heading title-heading-left\" style=\"margin:0;\"><\/h3><\/div><\/div><\/div><\/div><\/div>\n","protected":false},"excerpt":{"rendered":"<p>In diesem Beitrag zeigen wir dir, welche Modelle ohne Nachtdienst in der Pflege realistisch sind \u2013 von ambulanter Pflege \u00fcber Tagespflege bis zu Teilzeitl\u00f6sungen in station\u00e4ren Einrichtungen \u2013 und wie wir bei compassio solche Wege er\u00f6ffnen.<\/p>\n","protected":false},"author":3,"featured_media":2127,"comment_status":"open","ping_status":"open","sticky":false,"template":"","format":"standard","meta":{"footnotes":""},"categories":[64],"tags":[72,77,70],"class_list":["post-2111","post","type-post","status-publish","format-standard","has-post-thumbnail","hentry","category-arbeit-in-der-pflege","tag-karriere","tag-nachtdienst","tag-pflege"],"yoast_head":"<!-- This site is optimized with the Yoast SEO plugin v27.4 - https:\/\/yoast.com\/product\/yoast-seo-wordpress\/ -->\n<title>Nachtdienst Pflege: So bleibst du gesund &amp; motiviert<\/title>\n<meta name=\"description\" content=\"Entdecke, wie du im Nachtdienst Pflege mit moderner Technik, fairer Verg\u00fctung und starkem Teamgeist entspannter arbeitest und trotzdem Sinn erlebst.\" \/>\n<meta name=\"robots\" content=\"index, follow, max-snippet:-1, max-image-preview:large, max-video-preview:-1\" \/>\n<link rel=\"canonical\" href=\"https:\/\/karriere.compassio.de\/magazin\/nachtdienst-pflege-so-bleibst-du-gesund-motiviert\/\" \/>\n<meta property=\"og:locale\" content=\"de_DE\" \/>\n<meta property=\"og:type\" content=\"article\" \/>\n<meta property=\"og:title\" content=\"Nachtdienst Pflege: So bleibst du gesund &amp; motiviert\" \/>\n<meta property=\"og:description\" content=\"Entdecke, wie du im Nachtdienst Pflege mit moderner Technik, fairer Verg\u00fctung und starkem Teamgeist entspannter arbeitest und trotzdem Sinn erlebst.\" \/>\n<meta property=\"og:url\" content=\"https:\/\/karriere.compassio.de\/magazin\/nachtdienst-pflege-so-bleibst-du-gesund-motiviert\/\" \/>\n<meta property=\"og:site_name\" content=\"Avada Magazine\" \/>\n<meta property=\"article:publisher\" content=\"https:\/\/www.facebook.com\/compassiokarriere\/\" \/>\n<meta property=\"article:published_time\" content=\"2026-04-01T10:38:38+00:00\" \/>\n<meta property=\"article:modified_time\" content=\"2026-04-27T11:48:43+00:00\" \/>\n<meta property=\"og:image\" content=\"https:\/\/karriere.compassio.de\/magazin\/wp-content\/uploads\/2026\/04\/15.png\" \/>\n\t<meta property=\"og:image:width\" content=\"800\" \/>\n\t<meta property=\"og:image:height\" content=\"600\" \/>\n\t<meta property=\"og:image:type\" content=\"image\/png\" \/>\n<meta name=\"author\" content=\"Vanessa Angrick\" \/>\n<meta name=\"twitter:card\" content=\"summary_large_image\" \/>\n<meta name=\"twitter:label1\" content=\"Verfasst von\" \/>\n\t<meta name=\"twitter:data1\" content=\"Vanessa Angrick\" \/>\n\t<meta name=\"twitter:label2\" content=\"Gesch\u00e4tzte Lesezeit\" \/>\n\t<meta name=\"twitter:data2\" content=\"7\u00a0Minuten\" \/>\n<script type=\"application\/ld+json\" class=\"yoast-schema-graph\">{\"@context\":\"https:\\\/\\\/schema.org\",\"@graph\":[{\"@type\":\"Article\",\"@id\":\"https:\\\/\\\/karriere.compassio.de\\\/magazin\\\/nachtdienst-pflege-so-bleibst-du-gesund-motiviert\\\/#article\",\"isPartOf\":{\"@id\":\"https:\\\/\\\/karriere.compassio.de\\\/magazin\\\/nachtdienst-pflege-so-bleibst-du-gesund-motiviert\\\/\"},\"author\":{\"name\":\"Vanessa Angrick\",\"@id\":\"https:\\\/\\\/karriere.compassio.de\\\/magazin\\\/#\\\/schema\\\/person\\\/f82989bad171edfe2367aab4b6602eff\"},\"headline\":\"Nachtdienst Pflege: So bleibst du gesund &#038; motiviert\",\"datePublished\":\"2026-04-01T10:38:38+00:00\",\"dateModified\":\"2026-04-27T11:48:43+00:00\",\"mainEntityOfPage\":{\"@id\":\"https:\\\/\\\/karriere.compassio.de\\\/magazin\\\/nachtdienst-pflege-so-bleibst-du-gesund-motiviert\\\/\"},\"wordCount\":2929,\"commentCount\":0,\"publisher\":{\"@id\":\"https:\\\/\\\/karriere.compassio.de\\\/magazin\\\/#organization\"},\"image\":{\"@id\":\"https:\\\/\\\/karriere.compassio.de\\\/magazin\\\/nachtdienst-pflege-so-bleibst-du-gesund-motiviert\\\/#primaryimage\"},\"thumbnailUrl\":\"https:\\\/\\\/karriere.compassio.de\\\/magazin\\\/wp-content\\\/uploads\\\/2026\\\/04\\\/15.png\",\"keywords\":[\"Karriere\",\"Nachtdienst\",\"Pflege\"],\"articleSection\":[\"Arbeit &amp; Leben in der Pflege\"],\"inLanguage\":\"de\",\"potentialAction\":[{\"@type\":\"CommentAction\",\"name\":\"Comment\",\"target\":[\"https:\\\/\\\/karriere.compassio.de\\\/magazin\\\/nachtdienst-pflege-so-bleibst-du-gesund-motiviert\\\/#respond\"]}]},{\"@type\":\"WebPage\",\"@id\":\"https:\\\/\\\/karriere.compassio.de\\\/magazin\\\/nachtdienst-pflege-so-bleibst-du-gesund-motiviert\\\/\",\"url\":\"https:\\\/\\\/karriere.compassio.de\\\/magazin\\\/nachtdienst-pflege-so-bleibst-du-gesund-motiviert\\\/\",\"name\":\"Nachtdienst Pflege: So bleibst du gesund & motiviert\",\"isPartOf\":{\"@id\":\"https:\\\/\\\/karriere.compassio.de\\\/magazin\\\/#website\"},\"primaryImageOfPage\":{\"@id\":\"https:\\\/\\\/karriere.compassio.de\\\/magazin\\\/nachtdienst-pflege-so-bleibst-du-gesund-motiviert\\\/#primaryimage\"},\"image\":{\"@id\":\"https:\\\/\\\/karriere.compassio.de\\\/magazin\\\/nachtdienst-pflege-so-bleibst-du-gesund-motiviert\\\/#primaryimage\"},\"thumbnailUrl\":\"https:\\\/\\\/karriere.compassio.de\\\/magazin\\\/wp-content\\\/uploads\\\/2026\\\/04\\\/15.png\",\"datePublished\":\"2026-04-01T10:38:38+00:00\",\"dateModified\":\"2026-04-27T11:48:43+00:00\",\"description\":\"Entdecke, wie du im Nachtdienst Pflege mit moderner Technik, fairer Verg\u00fctung und starkem Teamgeist entspannter arbeitest und trotzdem Sinn erlebst.\",\"breadcrumb\":{\"@id\":\"https:\\\/\\\/karriere.compassio.de\\\/magazin\\\/nachtdienst-pflege-so-bleibst-du-gesund-motiviert\\\/#breadcrumb\"},\"inLanguage\":\"de\",\"potentialAction\":[{\"@type\":\"ReadAction\",\"target\":[\"https:\\\/\\\/karriere.compassio.de\\\/magazin\\\/nachtdienst-pflege-so-bleibst-du-gesund-motiviert\\\/\"]}]},{\"@type\":\"ImageObject\",\"inLanguage\":\"de\",\"@id\":\"https:\\\/\\\/karriere.compassio.de\\\/magazin\\\/nachtdienst-pflege-so-bleibst-du-gesund-motiviert\\\/#primaryimage\",\"url\":\"https:\\\/\\\/karriere.compassio.de\\\/magazin\\\/wp-content\\\/uploads\\\/2026\\\/04\\\/15.png\",\"contentUrl\":\"https:\\\/\\\/karriere.compassio.de\\\/magazin\\\/wp-content\\\/uploads\\\/2026\\\/04\\\/15.png\",\"width\":800,\"height\":600,\"caption\":\"Gl\u00fcckliche Menschen lachen zusammen.\"},{\"@type\":\"BreadcrumbList\",\"@id\":\"https:\\\/\\\/karriere.compassio.de\\\/magazin\\\/nachtdienst-pflege-so-bleibst-du-gesund-motiviert\\\/#breadcrumb\",\"itemListElement\":[{\"@type\":\"ListItem\",\"position\":1,\"name\":\"Start\",\"item\":\"https:\\\/\\\/karriere.compassio.de\\\/magazin\\\/\"},{\"@type\":\"ListItem\",\"position\":2,\"name\":\"Nachtdienst Pflege: So bleibst du gesund &#038; motiviert\"}]},{\"@type\":\"WebSite\",\"@id\":\"https:\\\/\\\/karriere.compassio.de\\\/magazin\\\/#website\",\"url\":\"https:\\\/\\\/karriere.compassio.de\\\/magazin\\\/\",\"name\":\"compassio Karriere Magazin\",\"description\":\"\",\"publisher\":{\"@id\":\"https:\\\/\\\/karriere.compassio.de\\\/magazin\\\/#organization\"},\"potentialAction\":[{\"@type\":\"SearchAction\",\"target\":{\"@type\":\"EntryPoint\",\"urlTemplate\":\"https:\\\/\\\/karriere.compassio.de\\\/magazin\\\/?s={search_term_string}\"},\"query-input\":{\"@type\":\"PropertyValueSpecification\",\"valueRequired\":true,\"valueName\":\"search_term_string\"}}],\"inLanguage\":\"de\"},{\"@type\":\"Organization\",\"@id\":\"https:\\\/\\\/karriere.compassio.de\\\/magazin\\\/#organization\",\"name\":\"compassio Karriere\",\"url\":\"https:\\\/\\\/karriere.compassio.de\\\/magazin\\\/\",\"logo\":{\"@type\":\"ImageObject\",\"inLanguage\":\"de\",\"@id\":\"https:\\\/\\\/karriere.compassio.de\\\/magazin\\\/#\\\/schema\\\/logo\\\/image\\\/\",\"url\":\"https:\\\/\\\/karriere.compassio.de\\\/magazin\\\/wp-content\\\/uploads\\\/2026\\\/03\\\/logo.png\",\"contentUrl\":\"https:\\\/\\\/karriere.compassio.de\\\/magazin\\\/wp-content\\\/uploads\\\/2026\\\/03\\\/logo.png\",\"width\":952,\"height\":348,\"caption\":\"compassio Karriere\"},\"image\":{\"@id\":\"https:\\\/\\\/karriere.compassio.de\\\/magazin\\\/#\\\/schema\\\/logo\\\/image\\\/\"},\"sameAs\":[\"https:\\\/\\\/www.facebook.com\\\/compassiokarriere\\\/\"]},{\"@type\":\"Person\",\"@id\":\"https:\\\/\\\/karriere.compassio.de\\\/magazin\\\/#\\\/schema\\\/person\\\/f82989bad171edfe2367aab4b6602eff\",\"name\":\"Vanessa Angrick\",\"image\":{\"@type\":\"ImageObject\",\"inLanguage\":\"de\",\"@id\":\"https:\\\/\\\/secure.gravatar.com\\\/avatar\\\/a954875a6c9d925c6a81849d6229350a9ad62f3583dc3627aa42a030b0b2777e?s=96&d=mm&r=g\",\"url\":\"https:\\\/\\\/secure.gravatar.com\\\/avatar\\\/a954875a6c9d925c6a81849d6229350a9ad62f3583dc3627aa42a030b0b2777e?s=96&d=mm&r=g\",\"contentUrl\":\"https:\\\/\\\/secure.gravatar.com\\\/avatar\\\/a954875a6c9d925c6a81849d6229350a9ad62f3583dc3627aa42a030b0b2777e?s=96&d=mm&r=g\",\"caption\":\"Vanessa Angrick\"}}]}<\/script>\n<!-- \/ Yoast SEO plugin. -->","yoast_head_json":{"title":"Nachtdienst Pflege: So bleibst du gesund & motiviert","description":"Entdecke, wie du im Nachtdienst Pflege mit moderner Technik, fairer Verg\u00fctung und starkem Teamgeist entspannter arbeitest und trotzdem Sinn erlebst.","robots":{"index":"index","follow":"follow","max-snippet":"max-snippet:-1","max-image-preview":"max-image-preview:large","max-video-preview":"max-video-preview:-1"},"canonical":"https:\/\/karriere.compassio.de\/magazin\/nachtdienst-pflege-so-bleibst-du-gesund-motiviert\/","og_locale":"de_DE","og_type":"article","og_title":"Nachtdienst Pflege: So bleibst du gesund & motiviert","og_description":"Entdecke, wie du im Nachtdienst Pflege mit moderner Technik, fairer Verg\u00fctung und starkem Teamgeist entspannter arbeitest und trotzdem Sinn erlebst.","og_url":"https:\/\/karriere.compassio.de\/magazin\/nachtdienst-pflege-so-bleibst-du-gesund-motiviert\/","og_site_name":"Avada Magazine","article_publisher":"https:\/\/www.facebook.com\/compassiokarriere\/","article_published_time":"2026-04-01T10:38:38+00:00","article_modified_time":"2026-04-27T11:48:43+00:00","og_image":[{"width":800,"height":600,"url":"https:\/\/karriere.compassio.de\/magazin\/wp-content\/uploads\/2026\/04\/15.png","type":"image\/png"}],"author":"Vanessa Angrick","twitter_card":"summary_large_image","twitter_misc":{"Verfasst von":"Vanessa Angrick","Gesch\u00e4tzte Lesezeit":"7\u00a0Minuten"},"schema":{"@context":"https:\/\/schema.org","@graph":[{"@type":"Article","@id":"https:\/\/karriere.compassio.de\/magazin\/nachtdienst-pflege-so-bleibst-du-gesund-motiviert\/#article","isPartOf":{"@id":"https:\/\/karriere.compassio.de\/magazin\/nachtdienst-pflege-so-bleibst-du-gesund-motiviert\/"},"author":{"name":"Vanessa Angrick","@id":"https:\/\/karriere.compassio.de\/magazin\/#\/schema\/person\/f82989bad171edfe2367aab4b6602eff"},"headline":"Nachtdienst Pflege: So bleibst du gesund &#038; motiviert","datePublished":"2026-04-01T10:38:38+00:00","dateModified":"2026-04-27T11:48:43+00:00","mainEntityOfPage":{"@id":"https:\/\/karriere.compassio.de\/magazin\/nachtdienst-pflege-so-bleibst-du-gesund-motiviert\/"},"wordCount":2929,"commentCount":0,"publisher":{"@id":"https:\/\/karriere.compassio.de\/magazin\/#organization"},"image":{"@id":"https:\/\/karriere.compassio.de\/magazin\/nachtdienst-pflege-so-bleibst-du-gesund-motiviert\/#primaryimage"},"thumbnailUrl":"https:\/\/karriere.compassio.de\/magazin\/wp-content\/uploads\/2026\/04\/15.png","keywords":["Karriere","Nachtdienst","Pflege"],"articleSection":["Arbeit &amp; Leben in der Pflege"],"inLanguage":"de","potentialAction":[{"@type":"CommentAction","name":"Comment","target":["https:\/\/karriere.compassio.de\/magazin\/nachtdienst-pflege-so-bleibst-du-gesund-motiviert\/#respond"]}]},{"@type":"WebPage","@id":"https:\/\/karriere.compassio.de\/magazin\/nachtdienst-pflege-so-bleibst-du-gesund-motiviert\/","url":"https:\/\/karriere.compassio.de\/magazin\/nachtdienst-pflege-so-bleibst-du-gesund-motiviert\/","name":"Nachtdienst Pflege: So bleibst du gesund & motiviert","isPartOf":{"@id":"https:\/\/karriere.compassio.de\/magazin\/#website"},"primaryImageOfPage":{"@id":"https:\/\/karriere.compassio.de\/magazin\/nachtdienst-pflege-so-bleibst-du-gesund-motiviert\/#primaryimage"},"image":{"@id":"https:\/\/karriere.compassio.de\/magazin\/nachtdienst-pflege-so-bleibst-du-gesund-motiviert\/#primaryimage"},"thumbnailUrl":"https:\/\/karriere.compassio.de\/magazin\/wp-content\/uploads\/2026\/04\/15.png","datePublished":"2026-04-01T10:38:38+00:00","dateModified":"2026-04-27T11:48:43+00:00","description":"Entdecke, wie du im Nachtdienst Pflege mit moderner Technik, fairer Verg\u00fctung und starkem Teamgeist entspannter arbeitest und trotzdem Sinn erlebst.","breadcrumb":{"@id":"https:\/\/karriere.compassio.de\/magazin\/nachtdienst-pflege-so-bleibst-du-gesund-motiviert\/#breadcrumb"},"inLanguage":"de","potentialAction":[{"@type":"ReadAction","target":["https:\/\/karriere.compassio.de\/magazin\/nachtdienst-pflege-so-bleibst-du-gesund-motiviert\/"]}]},{"@type":"ImageObject","inLanguage":"de","@id":"https:\/\/karriere.compassio.de\/magazin\/nachtdienst-pflege-so-bleibst-du-gesund-motiviert\/#primaryimage","url":"https:\/\/karriere.compassio.de\/magazin\/wp-content\/uploads\/2026\/04\/15.png","contentUrl":"https:\/\/karriere.compassio.de\/magazin\/wp-content\/uploads\/2026\/04\/15.png","width":800,"height":600,"caption":"Gl\u00fcckliche Menschen lachen zusammen."},{"@type":"BreadcrumbList","@id":"https:\/\/karriere.compassio.de\/magazin\/nachtdienst-pflege-so-bleibst-du-gesund-motiviert\/#breadcrumb","itemListElement":[{"@type":"ListItem","position":1,"name":"Start","item":"https:\/\/karriere.compassio.de\/magazin\/"},{"@type":"ListItem","position":2,"name":"Nachtdienst Pflege: So bleibst du gesund &#038; motiviert"}]},{"@type":"WebSite","@id":"https:\/\/karriere.compassio.de\/magazin\/#website","url":"https:\/\/karriere.compassio.de\/magazin\/","name":"compassio Karriere Magazin","description":"","publisher":{"@id":"https:\/\/karriere.compassio.de\/magazin\/#organization"},"potentialAction":[{"@type":"SearchAction","target":{"@type":"EntryPoint","urlTemplate":"https:\/\/karriere.compassio.de\/magazin\/?s={search_term_string}"},"query-input":{"@type":"PropertyValueSpecification","valueRequired":true,"valueName":"search_term_string"}}],"inLanguage":"de"},{"@type":"Organization","@id":"https:\/\/karriere.compassio.de\/magazin\/#organization","name":"compassio Karriere","url":"https:\/\/karriere.compassio.de\/magazin\/","logo":{"@type":"ImageObject","inLanguage":"de","@id":"https:\/\/karriere.compassio.de\/magazin\/#\/schema\/logo\/image\/","url":"https:\/\/karriere.compassio.de\/magazin\/wp-content\/uploads\/2026\/03\/logo.png","contentUrl":"https:\/\/karriere.compassio.de\/magazin\/wp-content\/uploads\/2026\/03\/logo.png","width":952,"height":348,"caption":"compassio Karriere"},"image":{"@id":"https:\/\/karriere.compassio.de\/magazin\/#\/schema\/logo\/image\/"},"sameAs":["https:\/\/www.facebook.com\/compassiokarriere\/"]},{"@type":"Person","@id":"https:\/\/karriere.compassio.de\/magazin\/#\/schema\/person\/f82989bad171edfe2367aab4b6602eff","name":"Vanessa Angrick","image":{"@type":"ImageObject","inLanguage":"de","@id":"https:\/\/secure.gravatar.com\/avatar\/a954875a6c9d925c6a81849d6229350a9ad62f3583dc3627aa42a030b0b2777e?s=96&d=mm&r=g","url":"https:\/\/secure.gravatar.com\/avatar\/a954875a6c9d925c6a81849d6229350a9ad62f3583dc3627aa42a030b0b2777e?s=96&d=mm&r=g","contentUrl":"https:\/\/secure.gravatar.com\/avatar\/a954875a6c9d925c6a81849d6229350a9ad62f3583dc3627aa42a030b0b2777e?s=96&d=mm&r=g","caption":"Vanessa Angrick"}}]}},"_links":{"self":[{"href":"https:\/\/karriere.compassio.de\/magazin\/wp-json\/wp\/v2\/posts\/2111","targetHints":{"allow":["GET"]}}],"collection":[{"href":"https:\/\/karriere.compassio.de\/magazin\/wp-json\/wp\/v2\/posts"}],"about":[{"href":"https:\/\/karriere.compassio.de\/magazin\/wp-json\/wp\/v2\/types\/post"}],"author":[{"embeddable":true,"href":"https:\/\/karriere.compassio.de\/magazin\/wp-json\/wp\/v2\/users\/3"}],"replies":[{"embeddable":true,"href":"https:\/\/karriere.compassio.de\/magazin\/wp-json\/wp\/v2\/comments?post=2111"}],"version-history":[{"count":9,"href":"https:\/\/karriere.compassio.de\/magazin\/wp-json\/wp\/v2\/posts\/2111\/revisions"}],"predecessor-version":[{"id":2375,"href":"https:\/\/karriere.compassio.de\/magazin\/wp-json\/wp\/v2\/posts\/2111\/revisions\/2375"}],"wp:featuredmedia":[{"embeddable":true,"href":"https:\/\/karriere.compassio.de\/magazin\/wp-json\/wp\/v2\/media\/2127"}],"wp:attachment":[{"href":"https:\/\/karriere.compassio.de\/magazin\/wp-json\/wp\/v2\/media?parent=2111"}],"wp:term":[{"taxonomy":"category","embeddable":true,"href":"https:\/\/karriere.compassio.de\/magazin\/wp-json\/wp\/v2\/categories?post=2111"},{"taxonomy":"post_tag","embeddable":true,"href":"https:\/\/karriere.compassio.de\/magazin\/wp-json\/wp\/v2\/tags?post=2111"}],"curies":[{"name":"wp","href":"https:\/\/api.w.org\/{rel}","templated":true}]}}