{"id":622,"date":"2023-03-03T17:16:36","date_gmt":"2023-03-03T17:16:36","guid":{"rendered":"https:\/\/karriere.compassio.de\/magazin\/?p=622"},"modified":"2026-04-28T17:11:34","modified_gmt":"2026-04-28T15:11:34","slug":"tarifvertrag-in-der-pflege","status":"publish","type":"post","link":"https:\/\/karriere.compassio.de\/magazin\/tarifvertrag-in-der-pflege\/","title":{"rendered":"Tarifvertrag Pflege: Das bedeutet er f\u00fcr dich bei compassio"},"content":{"rendered":"<div class=\"fusion-fullwidth fullwidth-box fusion-builder-row-1 fusion-flex-container has-pattern-background has-mask-background nonhundred-percent-fullwidth non-hundred-percent-height-scrolling\" style=\"--awb-border-radius-top-left:0px;--awb-border-radius-top-right:0px;--awb-border-radius-bottom-right:0px;--awb-border-radius-bottom-left:0px;--awb-flex-wrap:wrap;\" ><div class=\"fusion-builder-row fusion-row fusion-flex-align-items-flex-start fusion-flex-content-wrap\" style=\"max-width:1302px;margin-left: calc(-5% \/ 2 );margin-right: calc(-5% \/ 2 );\"><div class=\"fusion-layout-column fusion_builder_column fusion-builder-column-0 fusion_builder_column_1_1 1_1 fusion-flex-column\" style=\"--awb-bg-size:cover;--awb-width-large:100%;--awb-margin-top-large:0px;--awb-spacing-right-large:100px;--awb-margin-bottom-large:0px;--awb-spacing-left-large:100px;--awb-width-medium:100%;--awb-order-medium:0;--awb-spacing-right-medium:100px;--awb-spacing-left-medium:100px;--awb-width-small:100%;--awb-order-small:0;--awb-spacing-right-small:2.375%;--awb-spacing-left-small:2.375%;\"><div class=\"fusion-column-wrapper fusion-column-has-shadow fusion-flex-justify-content-flex-start fusion-content-layout-column\"><div class=\"fusion-title title fusion-title-1 fusion-sep-none fusion-title-text fusion-title-size-four\" style=\"--awb-margin-top-small:10px;--awb-margin-right-small:0px;--awb-margin-bottom-small:10px;--awb-margin-left-small:0px;\"><h4 class=\"fusion-title-heading title-heading-left\" style=\"margin:0;\"><h2>\u00dcberblick zu den Tarifvertr\u00e4gen in der Pflege in Deutschland<\/h2><\/h4><\/div><div class=\"fusion-text fusion-text-1\"><p>Wer in der Pflege arbeitet, merkt schnell: Es gibt nicht den einen Tarifvertrag f\u00fcr alle. Welche Verg\u00fctung gilt, h\u00e4ngt stark davon ab, bei welchem Tr\u00e4ger du besch\u00e4ftigt bist. \u00d6ffentliche Einrichtungen orientieren sich meist am <strong>TV\u00f6D-P<\/strong> oder am <strong>TV-L<\/strong>, kirchliche Arbeitgeber arbeiten mit Regelwerken wie den <strong>AVR<\/strong>, und private Tr\u00e4ger setzen h\u00e4ufig auf <strong>Haustarifvertr\u00e4ge oder eigene Verg\u00fctungssysteme<\/strong>. Seit der Tariftreue-Regelung m\u00fcssen sich Pflegeeinrichtungen zudem an tariflichen oder tarif\u00e4hnlichen Entgeltniveaus orientieren. Dadurch ist das Gehalt in der Pflege insgesamt transparenter geworden, auch wenn die Modelle je nach Arbeitgeber unterschiedlich aufgebaut sind.<\/p>\n<p>Gerade f\u00fcr Bewerberinnen und Bewerber ist deshalb wichtig, nicht nur nach dem Stichwort \u201eTarifvertrag Pflege\u201c zu suchen, sondern auch zu verstehen, wie ein Arbeitgeber seine Verg\u00fctung konkret organisiert. Genau hier setzt compassio mit dem Entgeltmodell <strong>ZEITENWENDE<\/strong> an: nicht als klassischer Tarifvertrag, sondern als eigene Entgeltordnung, die sich an tariflichen Strukturen und am regional \u00fcblichen Entgeltniveau orientiert.<\/p>\n<\/div><div class=\"fusion-image-element \" style=\"--awb-caption-title-font-family:var(--h2_typography-font-family);--awb-caption-title-font-weight:var(--h2_typography-font-weight);--awb-caption-title-font-style:var(--h2_typography-font-style);--awb-caption-title-size:var(--h2_typography-font-size);--awb-caption-title-transform:var(--h2_typography-text-transform);--awb-caption-title-line-height:var(--h2_typography-line-height);--awb-caption-title-letter-spacing:var(--h2_typography-letter-spacing);\"><span class=\" fusion-imageframe imageframe-none imageframe-1 hover-type-none\"><img decoding=\"async\" width=\"800\" height=\"600\" alt=\"Frau blickt in die Kamera. Im Hintergrund Menschen die lernen.\" title=\"Ausbildung Pflege Compassio.\" src=\"https:\/\/karriere.compassio.de\/magazin\/wp-content\/uploads\/2026\/04\/20.png\" data-orig-src=\"https:\/\/karriere.compassio.de\/magazin\/wp-content\/uploads\/2026\/04\/20.png\" class=\"lazyload img-responsive wp-image-2149\" srcset=\"data:image\/svg+xml,%3Csvg%20xmlns%3D%27http%3A%2F%2Fwww.w3.org%2F2000%2Fsvg%27%20width%3D%27800%27%20height%3D%27600%27%20viewBox%3D%270%200%20800%20600%27%3E%3Crect%20width%3D%27800%27%20height%3D%27600%27%20fill-opacity%3D%220%22%2F%3E%3C%2Fsvg%3E\" data-srcset=\"https:\/\/karriere.compassio.de\/magazin\/wp-content\/uploads\/2026\/04\/20-200x150.png 200w, https:\/\/karriere.compassio.de\/magazin\/wp-content\/uploads\/2026\/04\/20-400x300.png 400w, https:\/\/karriere.compassio.de\/magazin\/wp-content\/uploads\/2026\/04\/20-600x450.png 600w, https:\/\/karriere.compassio.de\/magazin\/wp-content\/uploads\/2026\/04\/20.png 800w\" data-sizes=\"auto\" data-orig-sizes=\"(max-width: 800px) 100vw, 800px\" \/><\/span><\/div><div class=\"fusion-title title fusion-title-2 fusion-sep-none fusion-title-text fusion-title-size-four\" style=\"--awb-margin-top-small:10px;--awb-margin-right-small:0px;--awb-margin-bottom-small:10px;--awb-margin-left-small:0px;\"><h4 class=\"fusion-title-heading title-heading-left\" style=\"margin:0;\"><h2>Tarifvertrag Pflege und Eingruppierung: Wo du dich wiederfindest<\/h2><\/h4><\/div><div class=\"fusion-text fusion-text-2\"><p>Die Eingruppierung ist einer der wichtigsten Punkte, wenn es um dein Gehalt in der Pflege geht. Sie entscheidet dar\u00fcber, auf welchem Niveau du einsteigst und wie sich dein Einkommen mit Erfahrung und Verantwortung weiterentwickeln kann. In klassischen Tarifvertr\u00e4gen erfolgt die Zuordnung \u00fcber <strong>Entgeltgruppen und Erfahrungsstufen<\/strong>. Ma\u00dfgeblich sind dabei vor allem Qualifikation, Berufspraxis und zus\u00e4tzliche Verantwortung.<\/p>\n<p>Auch in tariforientierten Verg\u00fctungssystemen spielen genau diese Punkte eine zentrale Rolle. Wer als Pflegehilfskraft startet, wird anders eingeordnet als eine examinierte Pflegefachkraft. Wer Aufgaben in der Praxisanleitung \u00fcbernimmt, Fachweiterbildungen absolviert oder F\u00fchrungsverantwortung tr\u00e4gt, kann sich in h\u00f6here Verg\u00fctungsbereiche entwickeln. Das Prinzip ist also \u00e4hnlich: Mehr Verantwortung, mehr Erfahrung und mehr Qualifikation wirken sich direkt auf die Bezahlung aus.<\/p>\n<p>Gerade deshalb legen wir bei compassio Wert auf Transparenz. In Gespr\u00e4chen \u00fcber Einstieg und Karriereentwicklung sprechen wir offen dar\u00fcber, wie sich Vorerfahrung, Aufgabenprofil und Entwicklungsm\u00f6glichkeiten im Rahmen von <strong>ZEITENWENDE<\/strong> auf deine Verg\u00fctung auswirken. Wenn du dich zum Beispiel f\u00fcr den Einstieg als <a href=\"https:\/\/karriere.compassio.de\/pflege\/pflegehilfskraft\/\">Pflegehilfskraft im compassio Team<\/a> interessierst, zeigen wir dir, welche Entwicklungsperspektiven du dir mit Erfahrung und Fortbildung erschlie\u00dfen kannst.<\/p>\n<\/div><div class=\"fusion-title title fusion-title-3 fusion-sep-none fusion-title-text fusion-title-size-four\" style=\"--awb-margin-top-small:10px;--awb-margin-right-small:0px;--awb-margin-bottom-small:10px;--awb-margin-left-small:0px;\"><h4 class=\"fusion-title-heading title-heading-left\" style=\"margin:0;\"><h2>Wie du deinen Tarifvertrag Pflege richtig liest<\/h2><\/h4><\/div><div class=\"fusion-text fusion-text-3\"><p>Viele Pflegekr\u00e4fte f\u00fchlen sich von Tabellen, Paragraphen und Anh\u00e4ngen zun\u00e4chst erschlagen. Mit einem kleinen System erschlie\u00dft du deinen Tarifvertrag Pflege oder ein tariforientiertes Verg\u00fctungssystem deutlich leichter:<\/p>\n<\/div><ul style=\"--awb-item-padding-top:10px;--awb-item-padding-left:25px;--awb-iconcolor:var(--awb-color4);--awb-line-height:27.2px;--awb-icon-width:27.2px;--awb-icon-height:27.2px;--awb-icon-margin:11.2px;--awb-content-margin:38.4px;--awb-circlecolor:hsla(var(--awb-color4-h),var(--awb-color4-s),var(--awb-color4-l),calc(var(--awb-color4-a) - 90%));--awb-circle-yes-font-size:14.08px;\" class=\"fusion-checklist fusion-checklist-1 type-icons\"><li class=\"fusion-li-item\" style=\"\"><span class=\"icon-wrapper circle-yes\"><i class=\"fusion-li-icon awb-magazine-angle-right-solid\" aria-hidden=\"true\"><\/i><\/span><div class=\"fusion-li-item-content\">\n<p><strong>Grundlage kl\u00e4ren:<\/strong> Handelt es sich um TV\u00f6D Pflege, AVR, einen Haustarif oder ein eigenes Verg\u00fctungssystem? Der Hinweis steht in deinem Arbeitsvertrag.<\/p>\n<\/div><\/li><li class=\"fusion-li-item\" style=\"\"><span class=\"icon-wrapper circle-yes\"><i class=\"fusion-li-icon awb-magazine-angle-right-solid\" aria-hidden=\"true\"><\/i><\/span><div class=\"fusion-li-item-content\">\n<p><strong>Einstufung pr\u00fcfen:<\/strong> Schau nach, in welcher Entgeltgruppe oder Verg\u00fctungsstufe du eingestuft wirst.<\/p>\n<\/div><\/li><li class=\"fusion-li-item\" style=\"\"><span class=\"icon-wrapper circle-yes\"><i class=\"fusion-li-icon awb-magazine-angle-right-solid\" aria-hidden=\"true\"><\/i><\/span><div class=\"fusion-li-item-content\">\n<p><strong>Berufserfahrung einordnen:<\/strong> Pr\u00fcfe, ob und wie deine bisherigen Berufsjahre ber\u00fccksichtigt wurden.<\/p>\n<\/div><\/li><li class=\"fusion-li-item\" style=\"\"><span class=\"icon-wrapper circle-yes\"><i class=\"fusion-li-icon awb-magazine-angle-right-solid\" aria-hidden=\"true\"><\/i><\/span><div class=\"fusion-li-item-content\">\n<p><strong>Zulagen nachlesen:<\/strong> Achte auf Schichtzuschl\u00e4ge, Funktionszulagen, Sonderzahlungen oder Zuschl\u00e4ge f\u00fcr Wochenend- und Feiertagsdienste.<\/p>\n<\/div><\/li><li class=\"fusion-li-item\" style=\"\"><span class=\"icon-wrapper circle-yes\"><i class=\"fusion-li-icon awb-magazine-angle-right-solid\" aria-hidden=\"true\"><\/i><\/span><div class=\"fusion-li-item-content\">\n<p><strong>Arbeitsbedingungen verstehen:<\/strong> Arbeitszeit, Urlaub, Ausgleichsregelungen und besondere Zuschl\u00e4ge geh\u00f6ren immer mit in den Blick.<\/p>\n<\/div><\/li><\/ul><div class=\"fusion-text fusion-text-4\"><p>Wenn du bei compassio startest, gehen wir diese Punkte mit dir gemeinsam durch. Uns ist wichtig, dass du nicht nur wei\u00dft, was du verdienst, sondern auch, wie sich deine Verg\u00fctung zusammensetzt und welche Entwicklungsschritte f\u00fcr dich m\u00f6glich sind. Gerade das macht ein transparentes Verg\u00fctungssystem im Pflegealltag wertvoll.<\/p>\n<\/div><div class=\"fusion-image-element \" style=\"--awb-caption-title-font-family:var(--h2_typography-font-family);--awb-caption-title-font-weight:var(--h2_typography-font-weight);--awb-caption-title-font-style:var(--h2_typography-font-style);--awb-caption-title-size:var(--h2_typography-font-size);--awb-caption-title-transform:var(--h2_typography-text-transform);--awb-caption-title-line-height:var(--h2_typography-line-height);--awb-caption-title-letter-spacing:var(--h2_typography-letter-spacing);\"><span class=\" fusion-imageframe imageframe-none imageframe-2 hover-type-none\"><img decoding=\"async\" width=\"800\" height=\"600\" alt=\"Gl\u00fcckliche Mitarbeiter mit Pose.\" title=\"Teamfoto Compassio\" src=\"https:\/\/karriere.compassio.de\/magazin\/wp-content\/uploads\/2026\/04\/1.png\" data-orig-src=\"https:\/\/karriere.compassio.de\/magazin\/wp-content\/uploads\/2026\/04\/1.png\" class=\"lazyload img-responsive wp-image-2128\" srcset=\"data:image\/svg+xml,%3Csvg%20xmlns%3D%27http%3A%2F%2Fwww.w3.org%2F2000%2Fsvg%27%20width%3D%27800%27%20height%3D%27600%27%20viewBox%3D%270%200%20800%20600%27%3E%3Crect%20width%3D%27800%27%20height%3D%27600%27%20fill-opacity%3D%220%22%2F%3E%3C%2Fsvg%3E\" data-srcset=\"https:\/\/karriere.compassio.de\/magazin\/wp-content\/uploads\/2026\/04\/1-200x150.png 200w, https:\/\/karriere.compassio.de\/magazin\/wp-content\/uploads\/2026\/04\/1-400x300.png 400w, https:\/\/karriere.compassio.de\/magazin\/wp-content\/uploads\/2026\/04\/1-600x450.png 600w, https:\/\/karriere.compassio.de\/magazin\/wp-content\/uploads\/2026\/04\/1.png 800w\" data-sizes=\"auto\" data-orig-sizes=\"(max-width: 800px) 100vw, 800px\" \/><\/span><\/div><div class=\"fusion-title title fusion-title-4 fusion-sep-none fusion-title-text fusion-title-size-four\" style=\"--awb-margin-top-small:10px;--awb-margin-right-small:0px;--awb-margin-bottom-small:10px;--awb-margin-left-small:0px;\"><h4 class=\"fusion-title-heading title-heading-left\" style=\"margin:0;\"><h2>Tarifvertrag Pflege in der Praxis: Wie du von klaren Regeln profitierst<\/h2><\/h4><\/div><div class=\"fusion-text fusion-text-5\"><p>Die Frage nach dem Tarifvertrag Pflege ist keine theoretische. Sie betrifft direkt deinen Alltag, deinen Dienstplan und deinen Kontoauszug. Einige typische Situationen zeigen, wie stark klare Verg\u00fctungsregeln in der Praxis wirken:<\/p>\n<p><strong>Beispiel 1: Schichtdienst im station\u00e4ren Bereich<\/strong><br \/>\nDu arbeitest regelm\u00e4\u00dfig im Sp\u00e4tdienst, \u00fcbernimmst Wochenenden oder springst an Feiertagen ein. In einem klar geregelten Verg\u00fctungsmodell siehst du nachvollziehbar, welche Zuschl\u00e4ge f\u00fcr diese Dienste vorgesehen sind. Gerade in der Pflege ist das wichtig, weil belastende Arbeitszeiten fair abgebildet werden m\u00fcssen. Auch im compassio Entgeltmodell <strong>ZEITENWENDE<\/strong> spielen solche Zuschl\u00e4ge eine wichtige Rolle.<\/p>\n<p><strong>Beispiel 2: Entwicklung von der Pflegehilfskraft zur Pflegefachkraft<\/strong><br \/>\nDu startest als Pflegehilfskraft, sammelst Erfahrung und entscheidest dich sp\u00e4ter f\u00fcr die Ausbildung zur Pflegefachkraft. Mit dem erfolgreichen Abschluss ver\u00e4ndert sich auch deine Verg\u00fctung deutlich. Viele Einrichtungen arbeiten hier mit Tarifvertr\u00e4gen oder tariforientierten Verg\u00fctungssystemen, die diesen Entwicklungsschritt klar abbilden. F\u00fcr dich hei\u00dft das: Qualifikation zahlt sich aus.<\/p>\n<p><strong>Beispiel 3: \u00dcbernahme von Verantwortung<\/strong><br \/>\nDu \u00fcbernimmst zus\u00e4tzliche Aufgaben, etwa in der Praxisanleitung, in der Qualit\u00e4tsarbeit oder in einer Leitungsfunktion. Dann steigt in der Regel nicht nur dein Verantwortungsbereich, sondern auch dein Verg\u00fctungsniveau. Genau diese Logik ist f\u00fcr moderne Verg\u00fctungssysteme entscheidend: Wer mehr Verantwortung \u00fcbernimmt, soll dies auch finanziell sp\u00fcren. Auf unserer Seite zur <a href=\"https:\/\/karriere.compassio.de\/fuehrungskraefte\/pflegedienstleitung-2\/\">Pflegedienstleitung bei compassio<\/a> siehst du, wie wir F\u00fchrungsaufgaben und Karrierewege denken.<\/p>\n<\/div><div class=\"fusion-title title fusion-title-5 fusion-sep-none fusion-title-text fusion-title-size-four\" style=\"--awb-margin-top-small:10px;--awb-margin-right-small:0px;--awb-margin-bottom-small:10px;--awb-margin-left-small:0px;\"><h4 class=\"fusion-title-heading title-heading-left\" style=\"margin:0;\"><h2>Tarifvertrag in der Pflege: Mehr als nur ein Gehaltsscheck<\/h2><\/h4><\/div><div class=\"fusion-text fusion-text-6\"><p>Ein guter Tarifvertrag oder ein tariforientiertes Verg\u00fctungssystem ist mehr als eine einfache Entgelttabelle. Er schafft Orientierung und sorgt daf\u00fcr, dass Pflegekr\u00e4fte ihre Arbeit unter verl\u00e4sslichen Bedingungen leisten k\u00f6nnen. Dazu geh\u00f6ren transparente Gehaltsstrukturen, planbare Entwicklungsschritte, Zuschl\u00e4ge f\u00fcr besondere Belastungen und klare Regelungen zu Arbeitszeit und Urlaub.<\/p>\n<p>F\u00fcr viele Pflegekr\u00e4fte ist aber genauso wichtig, dass diese Regeln im Alltag verst\u00e4ndlich bleiben. Es reicht nicht, wenn Zahlen irgendwo in Tabellen stehen. Entscheidend ist, dass Besch\u00e4ftigte nachvollziehen k\u00f6nnen, wie ihr Einkommen zustande kommt und welche Perspektiven sie haben. Genau deshalb erg\u00e4nzen wir bei compassio das Thema Verg\u00fctung durch ein Umfeld, das auf Entwicklung, Wertsch\u00e4tzung und Alltagstauglichkeit setzt. Moderne Technik, Fortbildungsangebote und verl\u00e4ssliche Strukturen geh\u00f6ren f\u00fcr uns genauso dazu wie ein transparentes Entgeltmodell.<\/p>\n<p>Als compassio Team arbeiten wir mit klaren, strukturierten Verg\u00fctungssystemen. F\u00fcr dich bedeutet das: Du startest mit einer nachvollziehbaren Einstufung und entwickelst dich \u00fcber Berufserfahrung, zus\u00e4tzliche Qualifikationen und neue Aufgaben weiter. So entsteht eine Perspektive, die finanzielle Sicherheit und berufliche Entwicklung miteinander verbindet. Einen ersten Eindruck, welche Berufswege du bei uns einschlagen kannst, gibt dir unser \u00dcberblick zu <a href=\"https:\/\/karriere.compassio.de\/pflege\/\">Pflege Jobs bei compassio<\/a>.<\/p>\n<\/div><div class=\"fusion-image-element \" style=\"--awb-caption-title-font-family:var(--h2_typography-font-family);--awb-caption-title-font-weight:var(--h2_typography-font-weight);--awb-caption-title-font-style:var(--h2_typography-font-style);--awb-caption-title-size:var(--h2_typography-font-size);--awb-caption-title-transform:var(--h2_typography-text-transform);--awb-caption-title-line-height:var(--h2_typography-line-height);--awb-caption-title-letter-spacing:var(--h2_typography-letter-spacing);\"><span class=\" fusion-imageframe imageframe-none imageframe-3 hover-type-none\"><img decoding=\"async\" width=\"800\" height=\"600\" alt=\"Gl\u00fcckliche Mitarbeiter mit Pose.\" title=\"Teamfoto Compassio.\" src=\"https:\/\/karriere.compassio.de\/magazin\/wp-content\/uploads\/2026\/04\/2.png\" data-orig-src=\"https:\/\/karriere.compassio.de\/magazin\/wp-content\/uploads\/2026\/04\/2.png\" class=\"lazyload img-responsive wp-image-2129\" srcset=\"data:image\/svg+xml,%3Csvg%20xmlns%3D%27http%3A%2F%2Fwww.w3.org%2F2000%2Fsvg%27%20width%3D%27800%27%20height%3D%27600%27%20viewBox%3D%270%200%20800%20600%27%3E%3Crect%20width%3D%27800%27%20height%3D%27600%27%20fill-opacity%3D%220%22%2F%3E%3C%2Fsvg%3E\" data-srcset=\"https:\/\/karriere.compassio.de\/magazin\/wp-content\/uploads\/2026\/04\/2-200x150.png 200w, https:\/\/karriere.compassio.de\/magazin\/wp-content\/uploads\/2026\/04\/2-400x300.png 400w, https:\/\/karriere.compassio.de\/magazin\/wp-content\/uploads\/2026\/04\/2-600x450.png 600w, https:\/\/karriere.compassio.de\/magazin\/wp-content\/uploads\/2026\/04\/2.png 800w\" data-sizes=\"auto\" data-orig-sizes=\"(max-width: 800px) 100vw, 800px\" \/><\/span><\/div><div class=\"fusion-title title fusion-title-6 fusion-sep-none fusion-title-text fusion-title-size-four\" style=\"--awb-margin-top-small:10px;--awb-margin-right-small:0px;--awb-margin-bottom-small:10px;--awb-margin-left-small:0px;\"><h4 class=\"fusion-title-heading title-heading-left\" style=\"margin:0;\"><h2>Verg\u00fctung bei compassio: das Modell ZEITENWENDE<\/h2><\/h4><\/div><div class=\"fusion-text fusion-text-7\"><p>Bei compassio setzen wir nicht auf einen klassischen Tarifvertrag, sondern auf ein eigenes Verg\u00fctungssystem. Mit dem Modell <strong>ZEITENWENDE<\/strong> hat compassio eine eigene Entgeltordnung entwickelt, die sich am regional \u00fcblichen Entgeltniveau und an tariflichen Strukturen orientiert. Ziel ist eine transparente, wettbewerbsf\u00e4hige und nachvollziehbare Bezahlung im Pflegebereich.<\/p>\n<h3><strong>F\u00fcr dich bedeutet das konkret:<\/strong><\/h3>\n<\/div><ul style=\"--awb-item-padding-top:10px;--awb-item-padding-left:25px;--awb-iconcolor:var(--awb-color4);--awb-line-height:27.2px;--awb-icon-width:27.2px;--awb-icon-height:27.2px;--awb-icon-margin:11.2px;--awb-content-margin:38.4px;--awb-circlecolor:hsla(var(--awb-color4-h),var(--awb-color4-s),var(--awb-color4-l),calc(var(--awb-color4-a) - 90%));--awb-circle-yes-font-size:14.08px;\" class=\"fusion-checklist fusion-checklist-2 type-icons\"><li class=\"fusion-li-item\" style=\"\"><span class=\"icon-wrapper circle-yes\"><i class=\"fusion-li-icon awb-magazine-angle-right-solid\" aria-hidden=\"true\"><\/i><\/span><div class=\"fusion-li-item-content\">\n<p><strong>Attraktives Grundgehalt<\/strong>, das sich an regionalen Tarifniveaus orientiert.<\/p>\n<\/div><\/li><li class=\"fusion-li-item\" style=\"\"><span class=\"icon-wrapper circle-yes\"><i class=\"fusion-li-icon awb-magazine-angle-right-solid\" aria-hidden=\"true\"><\/i><\/span><div class=\"fusion-li-item-content\">\n<p><strong>Leistungs- und Erfahrungsentgelt<\/strong>, das mit wachsender Berufserfahrung steigt.<\/p>\n<\/div><\/li><li class=\"fusion-li-item\" style=\"\"><span class=\"icon-wrapper circle-yes\"><i class=\"fusion-li-icon awb-magazine-angle-right-solid\" aria-hidden=\"true\"><\/i><\/span><div class=\"fusion-li-item-content\">\n<p><strong>Funktionszulagen<\/strong> f\u00fcr zus\u00e4tzliche Verantwortung, zum Beispiel als Praxisanleitung oder in Leitungsfunktionen.<\/p>\n<\/div><\/li><li class=\"fusion-li-item\" style=\"\"><span class=\"icon-wrapper circle-yes\"><i class=\"fusion-li-icon awb-magazine-angle-right-solid\" aria-hidden=\"true\"><\/i><\/span><div class=\"fusion-li-item-content\">\n<p><strong>Schicht- und Funktionszuschl\u00e4ge<\/strong> f\u00fcr Nacht-, Wochenend- oder Feiertagsdienste.<\/p>\n<\/div><\/li><\/ul><div class=\"fusion-text fusion-text-8\"><p>Dieses Modell verbindet die Transparenz tariflicher Verg\u00fctungssysteme mit der Flexibilit\u00e4t eines privaten Tr\u00e4gers. F\u00fcr viele Pflegekr\u00e4fte ist genau das ein entscheidender Vorteil: Sie profitieren von klaren Gehaltsstrukturen, Entwicklungsm\u00f6glichkeiten und zus\u00e4tzlichen Leistungen, ohne dass alles in einem starren System festgelegt ist. Gleichzeitig schafft <strong>ZEITENWENDE<\/strong> Orientierung und Verl\u00e4sslichkeit \u2013 und genau das ist in einer Branche wie der Pflege besonders wichtig.<\/p>\n<p>Wenn du also nicht nur allgemein nach \u201eTarifvertrag Pflege\u201c suchst, sondern wissen m\u00f6chtest, wie Verg\u00fctung in einem modernen privaten Pflegeunternehmen konkret aussehen kann, dann ist <strong>ZEITENWENDE<\/strong> ein gutes Beispiel f\u00fcr ein tariforientiertes Modell mit klarer Struktur und Entwicklungsperspektive. Wenn du diesen Rahmen f\u00fcr dich nutzen m\u00f6chtest, findest du auf unserer \u00dcbersicht zu <a href=\"https:\/\/karriere.compassio.de\/stellen\/\">aktuellen Stellenangeboten bei compassio<\/a> viele Einstiegsm\u00f6glichkeiten in Pflege, Betreuung, Hauswirtschaft und Verwaltung.<\/p>\n<\/div><style type=\"text\/css\">.fusion-faqs-wrapper #accordian-1 .fusion-panel { border-color:var(--awb-color3); }.fusion-faqs-wrapper #accordian-1 .fusion-panel:hover{ border-color: var(--awb-color3); }.fusion-accordian #accordian-1 .panel-title a .fa-fusion-box:before{ font-size: 16px;width: 16px;}.fusion-accordian #accordian-1 .panel-title a .fa-fusion-box{ color: var(--awb-color1);}.fusion-accordian  #accordian-1 .panel-title a{font-family:var(--awb-typography1-font-family);font-weight:var(--awb-typography1-font-weight);font-style:var(--awb-typography1-font-style);}.fusion-accordian  #accordian-1 .panel-title a:not(:hover){}.fusion-accordian  #accordian-1 .toggle-content{font-family:var(--awb-typography4-font-family);font-weight:var(--awb-typography4-font-weight);font-style:var(--awb-typography4-font-style);}.fusion-accordian #accordian-1 .fa-fusion-box { background-color: var(--awb-color7) !important;border-color: var(--awb-color7) !important;}.fusion-accordian #accordian-1 .panel-title a:hover,.fusion-accordian #accordian-1 .panel-title a.hover { color: var(--awb-color4);}.fusion-faq-shortcode .fusion-accordian #accordian-1 .fusion-toggle-boxed-mode:hover .panel-title a { color: var(--awb-color4);}.fusion-accordian #accordian-1 .panel-title .active .fa-fusion-box,.fusion-accordian #accordian-1 .panel-title a:hover .fa-fusion-box,.fusion-accordian #accordian-1 .panel-title a.hover .fa-fusion-box { background-color: var(--awb-color4)!important;border-color: var(--awb-color4)!important;}<\/style><div class=\"fusion-faq-shortcode\" style=\"\"><div class=\"fusion-faqs-wrapper\"><div class=\"accordian fusion-accordian\"><div class=\"panel-group \" id=\"accordian-1\"><div class=\"fusion-panel panel-default fusion-faq-post fusion-faq-post-2120 \"><span class=\"entry-title rich-snippet-hidden\">Welche Arten von Zuschl\u00e4gen gibt es?<\/span><span class=\"vcard rich-snippet-hidden\"><span class=\"fn\"><a href=\"https:\/\/karriere.compassio.de\/magazin\/author\/angrick\/\" title=\"Beitr\u00e4ge von Vanessa Angrick\" rel=\"author\">Vanessa Angrick<\/a><\/span><\/span><span class=\"updated rich-snippet-hidden\">2026-04-23T15:41:39+02:00<\/span><div class=\"panel-heading\"><h4 id=\"faq_1-2120\" class=\"panel-title toggle\"><a data-toggle=\"collapse\" class=\"collapsed\" data-parent=\"#accordian-1\" data-target=\"#collapse-1-2120\" href=\"#collapse-1-2120\" aria-expanded=\"false\"><div class=\"fusion-toggle-icon-wrapper\"><div class=\"fusion-toggle-icon-wrapper-main\"><div class=\"fusion-toggle-icon-wrapper-sub\"><i class=\"fa-fusion-box active-icon awb-icon-minus\" aria-hidden=\"true\"><\/i><i class=\"fa-fusion-box inactive-icon awb-icon-plus\" aria-hidden=\"true\"><\/i><\/div><\/div><\/div><div class=\"fusion-toggle-heading\">Welche Arten von Zuschl\u00e4gen gibt es?<\/div><\/a><\/h4><\/div><div id=\"collapse-1-2120\" aria-labelledby=\"faq_1-2120\" class=\"panel-collapse collapse\"><div class=\"panel-body toggle-content post-content\"><p>In der Pflege begegnen dir vor allem Nachtzuschl\u00e4ge, Sonntagszuschl\u00e4ge, Feiertagszuschl\u00e4ge und Wochenendzuschl\u00e4ge. Zus\u00e4tzlich kommen Schichtzulagen (z.\u202fB. f\u00fcr Wechselschicht), Bereitschaftsdienstzuschl\u00e4ge sowie Funktions- oder T\u00e4tigkeitszulagen vor. Alle diese Zuschl\u00e4ge in der Pflege erg\u00e4nzen dein Grundgehalt und honorieren Arbeit zu belastenden Zeiten oder unter besonderen Bedingungen.<\/p>\n<\/div><\/div><\/div><\/div><\/div><\/div><\/div><\/div><\/div><\/div><\/div>\n","protected":false},"excerpt":{"rendered":"<p>Wer in der Pflege arbeitet, merkt schnell: Es gibt nicht den einen Tarifvertrag f\u00fcr alle. Welche Verg\u00fctung gilt, h\u00e4ngt stark davon ab, bei welchem Tr\u00e4ger du besch\u00e4ftigt bist. \u00d6ffentliche Einrichtungen orientieren sich meist am TV\u00f6D-P oder am TV-L, kirchliche Arbeitgeber arbeiten mit Regelwerken wie den AVR, und private Tr\u00e4ger setzen h\u00e4ufig auf Haustarifvertr\u00e4ge oder eigene Verg\u00fctungssysteme.<\/p>\n","protected":false},"author":3,"featured_media":2140,"comment_status":"open","ping_status":"open","sticky":false,"template":"","format":"standard","meta":{"footnotes":""},"categories":[64],"tags":[70,78],"class_list":["post-622","post","type-post","status-publish","format-standard","has-post-thumbnail","hentry","category-arbeit-in-der-pflege","tag-pflege","tag-tarifvertrag"],"yoast_head":"<!-- This site is optimized with the Yoast SEO plugin v27.4 - https:\/\/yoast.com\/product\/yoast-seo-wordpress\/ -->\n<title>Tarifvertrag Pflege: Das bedeutet er f\u00fcr dich bei compassio<\/title>\n<meta name=\"description\" content=\"Entdecke, wie der Tarifvertrag Pflege bei compassio faire Bezahlung, moderne Benefits und echte Entwicklungschancen f\u00fcr dich im Pflegealltag schafft.\" \/>\n<meta name=\"robots\" content=\"index, follow, max-snippet:-1, max-image-preview:large, max-video-preview:-1\" \/>\n<link rel=\"canonical\" href=\"https:\/\/karriere.compassio.de\/magazin\/tarifvertrag-in-der-pflege\/\" \/>\n<meta property=\"og:locale\" content=\"de_DE\" \/>\n<meta property=\"og:type\" content=\"article\" \/>\n<meta property=\"og:title\" content=\"Tarifvertrag Pflege: Das bedeutet er f\u00fcr dich bei compassio\" \/>\n<meta property=\"og:description\" content=\"Entdecke, wie der Tarifvertrag Pflege bei compassio faire Bezahlung, moderne Benefits und echte Entwicklungschancen f\u00fcr dich im Pflegealltag schafft.\" \/>\n<meta property=\"og:url\" content=\"https:\/\/karriere.compassio.de\/magazin\/tarifvertrag-in-der-pflege\/\" \/>\n<meta property=\"og:site_name\" content=\"Avada Magazine\" \/>\n<meta property=\"article:publisher\" content=\"https:\/\/www.facebook.com\/compassiokarriere\/\" \/>\n<meta property=\"article:published_time\" content=\"2023-03-03T17:16:36+00:00\" \/>\n<meta property=\"article:modified_time\" content=\"2026-04-28T15:11:34+00:00\" \/>\n<meta property=\"og:image\" content=\"https:\/\/karriere.compassio.de\/magazin\/wp-content\/uploads\/2026\/04\/18.png\" \/>\n\t<meta property=\"og:image:width\" content=\"800\" \/>\n\t<meta property=\"og:image:height\" content=\"600\" \/>\n\t<meta property=\"og:image:type\" content=\"image\/png\" \/>\n<meta name=\"author\" content=\"Vanessa Angrick\" \/>\n<meta name=\"twitter:card\" content=\"summary_large_image\" \/>\n<meta name=\"twitter:label1\" content=\"Verfasst von\" \/>\n\t<meta name=\"twitter:data1\" content=\"Vanessa Angrick\" \/>\n\t<meta name=\"twitter:label2\" content=\"Gesch\u00e4tzte Lesezeit\" \/>\n\t<meta name=\"twitter:data2\" content=\"8\u00a0Minuten\" \/>\n<script type=\"application\/ld+json\" class=\"yoast-schema-graph\">{\"@context\":\"https:\\\/\\\/schema.org\",\"@graph\":[{\"@type\":\"Article\",\"@id\":\"https:\\\/\\\/karriere.compassio.de\\\/magazin\\\/tarifvertrag-in-der-pflege\\\/#article\",\"isPartOf\":{\"@id\":\"https:\\\/\\\/karriere.compassio.de\\\/magazin\\\/tarifvertrag-in-der-pflege\\\/\"},\"author\":{\"name\":\"Vanessa Angrick\",\"@id\":\"https:\\\/\\\/karriere.compassio.de\\\/magazin\\\/#\\\/schema\\\/person\\\/f82989bad171edfe2367aab4b6602eff\"},\"headline\":\"Tarifvertrag Pflege: Das bedeutet er f\u00fcr dich bei compassio\",\"datePublished\":\"2023-03-03T17:16:36+00:00\",\"dateModified\":\"2026-04-28T15:11:34+00:00\",\"mainEntityOfPage\":{\"@id\":\"https:\\\/\\\/karriere.compassio.de\\\/magazin\\\/tarifvertrag-in-der-pflege\\\/\"},\"wordCount\":3757,\"commentCount\":0,\"publisher\":{\"@id\":\"https:\\\/\\\/karriere.compassio.de\\\/magazin\\\/#organization\"},\"image\":{\"@id\":\"https:\\\/\\\/karriere.compassio.de\\\/magazin\\\/tarifvertrag-in-der-pflege\\\/#primaryimage\"},\"thumbnailUrl\":\"https:\\\/\\\/karriere.compassio.de\\\/magazin\\\/wp-content\\\/uploads\\\/2026\\\/04\\\/18.png\",\"keywords\":[\"Pflege\",\"Tarifvertrag\"],\"articleSection\":[\"Arbeit &amp; Leben in der Pflege\"],\"inLanguage\":\"de\",\"potentialAction\":[{\"@type\":\"CommentAction\",\"name\":\"Comment\",\"target\":[\"https:\\\/\\\/karriere.compassio.de\\\/magazin\\\/tarifvertrag-in-der-pflege\\\/#respond\"]}]},{\"@type\":\"WebPage\",\"@id\":\"https:\\\/\\\/karriere.compassio.de\\\/magazin\\\/tarifvertrag-in-der-pflege\\\/\",\"url\":\"https:\\\/\\\/karriere.compassio.de\\\/magazin\\\/tarifvertrag-in-der-pflege\\\/\",\"name\":\"Tarifvertrag Pflege: Das bedeutet er f\u00fcr dich bei compassio\",\"isPartOf\":{\"@id\":\"https:\\\/\\\/karriere.compassio.de\\\/magazin\\\/#website\"},\"primaryImageOfPage\":{\"@id\":\"https:\\\/\\\/karriere.compassio.de\\\/magazin\\\/tarifvertrag-in-der-pflege\\\/#primaryimage\"},\"image\":{\"@id\":\"https:\\\/\\\/karriere.compassio.de\\\/magazin\\\/tarifvertrag-in-der-pflege\\\/#primaryimage\"},\"thumbnailUrl\":\"https:\\\/\\\/karriere.compassio.de\\\/magazin\\\/wp-content\\\/uploads\\\/2026\\\/04\\\/18.png\",\"datePublished\":\"2023-03-03T17:16:36+00:00\",\"dateModified\":\"2026-04-28T15:11:34+00:00\",\"description\":\"Entdecke, wie der Tarifvertrag Pflege bei compassio faire Bezahlung, moderne Benefits und echte Entwicklungschancen f\u00fcr dich im Pflegealltag schafft.\",\"breadcrumb\":{\"@id\":\"https:\\\/\\\/karriere.compassio.de\\\/magazin\\\/tarifvertrag-in-der-pflege\\\/#breadcrumb\"},\"inLanguage\":\"de\",\"potentialAction\":[{\"@type\":\"ReadAction\",\"target\":[\"https:\\\/\\\/karriere.compassio.de\\\/magazin\\\/tarifvertrag-in-der-pflege\\\/\"]}]},{\"@type\":\"ImageObject\",\"inLanguage\":\"de\",\"@id\":\"https:\\\/\\\/karriere.compassio.de\\\/magazin\\\/tarifvertrag-in-der-pflege\\\/#primaryimage\",\"url\":\"https:\\\/\\\/karriere.compassio.de\\\/magazin\\\/wp-content\\\/uploads\\\/2026\\\/04\\\/18.png\",\"contentUrl\":\"https:\\\/\\\/karriere.compassio.de\\\/magazin\\\/wp-content\\\/uploads\\\/2026\\\/04\\\/18.png\",\"width\":800,\"height\":600,\"caption\":\"Frau mit Blumenstrau\u00df und Einblendung mit Symbol.\"},{\"@type\":\"BreadcrumbList\",\"@id\":\"https:\\\/\\\/karriere.compassio.de\\\/magazin\\\/tarifvertrag-in-der-pflege\\\/#breadcrumb\",\"itemListElement\":[{\"@type\":\"ListItem\",\"position\":1,\"name\":\"Start\",\"item\":\"https:\\\/\\\/karriere.compassio.de\\\/magazin\\\/\"},{\"@type\":\"ListItem\",\"position\":2,\"name\":\"Tarifvertrag Pflege: Das bedeutet er f\u00fcr dich bei compassio\"}]},{\"@type\":\"WebSite\",\"@id\":\"https:\\\/\\\/karriere.compassio.de\\\/magazin\\\/#website\",\"url\":\"https:\\\/\\\/karriere.compassio.de\\\/magazin\\\/\",\"name\":\"compassio Karriere Magazin\",\"description\":\"\",\"publisher\":{\"@id\":\"https:\\\/\\\/karriere.compassio.de\\\/magazin\\\/#organization\"},\"potentialAction\":[{\"@type\":\"SearchAction\",\"target\":{\"@type\":\"EntryPoint\",\"urlTemplate\":\"https:\\\/\\\/karriere.compassio.de\\\/magazin\\\/?s={search_term_string}\"},\"query-input\":{\"@type\":\"PropertyValueSpecification\",\"valueRequired\":true,\"valueName\":\"search_term_string\"}}],\"inLanguage\":\"de\"},{\"@type\":\"Organization\",\"@id\":\"https:\\\/\\\/karriere.compassio.de\\\/magazin\\\/#organization\",\"name\":\"compassio Karriere\",\"url\":\"https:\\\/\\\/karriere.compassio.de\\\/magazin\\\/\",\"logo\":{\"@type\":\"ImageObject\",\"inLanguage\":\"de\",\"@id\":\"https:\\\/\\\/karriere.compassio.de\\\/magazin\\\/#\\\/schema\\\/logo\\\/image\\\/\",\"url\":\"https:\\\/\\\/karriere.compassio.de\\\/magazin\\\/wp-content\\\/uploads\\\/2026\\\/03\\\/logo.png\",\"contentUrl\":\"https:\\\/\\\/karriere.compassio.de\\\/magazin\\\/wp-content\\\/uploads\\\/2026\\\/03\\\/logo.png\",\"width\":952,\"height\":348,\"caption\":\"compassio Karriere\"},\"image\":{\"@id\":\"https:\\\/\\\/karriere.compassio.de\\\/magazin\\\/#\\\/schema\\\/logo\\\/image\\\/\"},\"sameAs\":[\"https:\\\/\\\/www.facebook.com\\\/compassiokarriere\\\/\"]},{\"@type\":\"Person\",\"@id\":\"https:\\\/\\\/karriere.compassio.de\\\/magazin\\\/#\\\/schema\\\/person\\\/f82989bad171edfe2367aab4b6602eff\",\"name\":\"Vanessa Angrick\",\"image\":{\"@type\":\"ImageObject\",\"inLanguage\":\"de\",\"@id\":\"https:\\\/\\\/secure.gravatar.com\\\/avatar\\\/a954875a6c9d925c6a81849d6229350a9ad62f3583dc3627aa42a030b0b2777e?s=96&d=mm&r=g\",\"url\":\"https:\\\/\\\/secure.gravatar.com\\\/avatar\\\/a954875a6c9d925c6a81849d6229350a9ad62f3583dc3627aa42a030b0b2777e?s=96&d=mm&r=g\",\"contentUrl\":\"https:\\\/\\\/secure.gravatar.com\\\/avatar\\\/a954875a6c9d925c6a81849d6229350a9ad62f3583dc3627aa42a030b0b2777e?s=96&d=mm&r=g\",\"caption\":\"Vanessa Angrick\"}}]}<\/script>\n<!-- \/ Yoast SEO plugin. -->","yoast_head_json":{"title":"Tarifvertrag Pflege: Das bedeutet er f\u00fcr dich bei compassio","description":"Entdecke, wie der Tarifvertrag Pflege bei compassio faire Bezahlung, moderne Benefits und echte Entwicklungschancen f\u00fcr dich im Pflegealltag schafft.","robots":{"index":"index","follow":"follow","max-snippet":"max-snippet:-1","max-image-preview":"max-image-preview:large","max-video-preview":"max-video-preview:-1"},"canonical":"https:\/\/karriere.compassio.de\/magazin\/tarifvertrag-in-der-pflege\/","og_locale":"de_DE","og_type":"article","og_title":"Tarifvertrag Pflege: Das bedeutet er f\u00fcr dich bei compassio","og_description":"Entdecke, wie der Tarifvertrag Pflege bei compassio faire Bezahlung, moderne Benefits und echte Entwicklungschancen f\u00fcr dich im Pflegealltag schafft.","og_url":"https:\/\/karriere.compassio.de\/magazin\/tarifvertrag-in-der-pflege\/","og_site_name":"Avada Magazine","article_publisher":"https:\/\/www.facebook.com\/compassiokarriere\/","article_published_time":"2023-03-03T17:16:36+00:00","article_modified_time":"2026-04-28T15:11:34+00:00","og_image":[{"width":800,"height":600,"url":"https:\/\/karriere.compassio.de\/magazin\/wp-content\/uploads\/2026\/04\/18.png","type":"image\/png"}],"author":"Vanessa Angrick","twitter_card":"summary_large_image","twitter_misc":{"Verfasst von":"Vanessa Angrick","Gesch\u00e4tzte Lesezeit":"8\u00a0Minuten"},"schema":{"@context":"https:\/\/schema.org","@graph":[{"@type":"Article","@id":"https:\/\/karriere.compassio.de\/magazin\/tarifvertrag-in-der-pflege\/#article","isPartOf":{"@id":"https:\/\/karriere.compassio.de\/magazin\/tarifvertrag-in-der-pflege\/"},"author":{"name":"Vanessa Angrick","@id":"https:\/\/karriere.compassio.de\/magazin\/#\/schema\/person\/f82989bad171edfe2367aab4b6602eff"},"headline":"Tarifvertrag Pflege: Das bedeutet er f\u00fcr dich bei compassio","datePublished":"2023-03-03T17:16:36+00:00","dateModified":"2026-04-28T15:11:34+00:00","mainEntityOfPage":{"@id":"https:\/\/karriere.compassio.de\/magazin\/tarifvertrag-in-der-pflege\/"},"wordCount":3757,"commentCount":0,"publisher":{"@id":"https:\/\/karriere.compassio.de\/magazin\/#organization"},"image":{"@id":"https:\/\/karriere.compassio.de\/magazin\/tarifvertrag-in-der-pflege\/#primaryimage"},"thumbnailUrl":"https:\/\/karriere.compassio.de\/magazin\/wp-content\/uploads\/2026\/04\/18.png","keywords":["Pflege","Tarifvertrag"],"articleSection":["Arbeit &amp; Leben in der Pflege"],"inLanguage":"de","potentialAction":[{"@type":"CommentAction","name":"Comment","target":["https:\/\/karriere.compassio.de\/magazin\/tarifvertrag-in-der-pflege\/#respond"]}]},{"@type":"WebPage","@id":"https:\/\/karriere.compassio.de\/magazin\/tarifvertrag-in-der-pflege\/","url":"https:\/\/karriere.compassio.de\/magazin\/tarifvertrag-in-der-pflege\/","name":"Tarifvertrag Pflege: Das bedeutet er f\u00fcr dich bei compassio","isPartOf":{"@id":"https:\/\/karriere.compassio.de\/magazin\/#website"},"primaryImageOfPage":{"@id":"https:\/\/karriere.compassio.de\/magazin\/tarifvertrag-in-der-pflege\/#primaryimage"},"image":{"@id":"https:\/\/karriere.compassio.de\/magazin\/tarifvertrag-in-der-pflege\/#primaryimage"},"thumbnailUrl":"https:\/\/karriere.compassio.de\/magazin\/wp-content\/uploads\/2026\/04\/18.png","datePublished":"2023-03-03T17:16:36+00:00","dateModified":"2026-04-28T15:11:34+00:00","description":"Entdecke, wie der Tarifvertrag Pflege bei compassio faire Bezahlung, moderne Benefits und echte Entwicklungschancen f\u00fcr dich im Pflegealltag schafft.","breadcrumb":{"@id":"https:\/\/karriere.compassio.de\/magazin\/tarifvertrag-in-der-pflege\/#breadcrumb"},"inLanguage":"de","potentialAction":[{"@type":"ReadAction","target":["https:\/\/karriere.compassio.de\/magazin\/tarifvertrag-in-der-pflege\/"]}]},{"@type":"ImageObject","inLanguage":"de","@id":"https:\/\/karriere.compassio.de\/magazin\/tarifvertrag-in-der-pflege\/#primaryimage","url":"https:\/\/karriere.compassio.de\/magazin\/wp-content\/uploads\/2026\/04\/18.png","contentUrl":"https:\/\/karriere.compassio.de\/magazin\/wp-content\/uploads\/2026\/04\/18.png","width":800,"height":600,"caption":"Frau mit Blumenstrau\u00df und Einblendung mit Symbol."},{"@type":"BreadcrumbList","@id":"https:\/\/karriere.compassio.de\/magazin\/tarifvertrag-in-der-pflege\/#breadcrumb","itemListElement":[{"@type":"ListItem","position":1,"name":"Start","item":"https:\/\/karriere.compassio.de\/magazin\/"},{"@type":"ListItem","position":2,"name":"Tarifvertrag Pflege: Das bedeutet er f\u00fcr dich bei compassio"}]},{"@type":"WebSite","@id":"https:\/\/karriere.compassio.de\/magazin\/#website","url":"https:\/\/karriere.compassio.de\/magazin\/","name":"compassio Karriere Magazin","description":"","publisher":{"@id":"https:\/\/karriere.compassio.de\/magazin\/#organization"},"potentialAction":[{"@type":"SearchAction","target":{"@type":"EntryPoint","urlTemplate":"https:\/\/karriere.compassio.de\/magazin\/?s={search_term_string}"},"query-input":{"@type":"PropertyValueSpecification","valueRequired":true,"valueName":"search_term_string"}}],"inLanguage":"de"},{"@type":"Organization","@id":"https:\/\/karriere.compassio.de\/magazin\/#organization","name":"compassio Karriere","url":"https:\/\/karriere.compassio.de\/magazin\/","logo":{"@type":"ImageObject","inLanguage":"de","@id":"https:\/\/karriere.compassio.de\/magazin\/#\/schema\/logo\/image\/","url":"https:\/\/karriere.compassio.de\/magazin\/wp-content\/uploads\/2026\/03\/logo.png","contentUrl":"https:\/\/karriere.compassio.de\/magazin\/wp-content\/uploads\/2026\/03\/logo.png","width":952,"height":348,"caption":"compassio Karriere"},"image":{"@id":"https:\/\/karriere.compassio.de\/magazin\/#\/schema\/logo\/image\/"},"sameAs":["https:\/\/www.facebook.com\/compassiokarriere\/"]},{"@type":"Person","@id":"https:\/\/karriere.compassio.de\/magazin\/#\/schema\/person\/f82989bad171edfe2367aab4b6602eff","name":"Vanessa Angrick","image":{"@type":"ImageObject","inLanguage":"de","@id":"https:\/\/secure.gravatar.com\/avatar\/a954875a6c9d925c6a81849d6229350a9ad62f3583dc3627aa42a030b0b2777e?s=96&d=mm&r=g","url":"https:\/\/secure.gravatar.com\/avatar\/a954875a6c9d925c6a81849d6229350a9ad62f3583dc3627aa42a030b0b2777e?s=96&d=mm&r=g","contentUrl":"https:\/\/secure.gravatar.com\/avatar\/a954875a6c9d925c6a81849d6229350a9ad62f3583dc3627aa42a030b0b2777e?s=96&d=mm&r=g","caption":"Vanessa Angrick"}}]}},"_links":{"self":[{"href":"https:\/\/karriere.compassio.de\/magazin\/wp-json\/wp\/v2\/posts\/622","targetHints":{"allow":["GET"]}}],"collection":[{"href":"https:\/\/karriere.compassio.de\/magazin\/wp-json\/wp\/v2\/posts"}],"about":[{"href":"https:\/\/karriere.compassio.de\/magazin\/wp-json\/wp\/v2\/types\/post"}],"author":[{"embeddable":true,"href":"https:\/\/karriere.compassio.de\/magazin\/wp-json\/wp\/v2\/users\/3"}],"replies":[{"embeddable":true,"href":"https:\/\/karriere.compassio.de\/magazin\/wp-json\/wp\/v2\/comments?post=622"}],"version-history":[{"count":14,"href":"https:\/\/karriere.compassio.de\/magazin\/wp-json\/wp\/v2\/posts\/622\/revisions"}],"predecessor-version":[{"id":2384,"href":"https:\/\/karriere.compassio.de\/magazin\/wp-json\/wp\/v2\/posts\/622\/revisions\/2384"}],"wp:featuredmedia":[{"embeddable":true,"href":"https:\/\/karriere.compassio.de\/magazin\/wp-json\/wp\/v2\/media\/2140"}],"wp:attachment":[{"href":"https:\/\/karriere.compassio.de\/magazin\/wp-json\/wp\/v2\/media?parent=622"}],"wp:term":[{"taxonomy":"category","embeddable":true,"href":"https:\/\/karriere.compassio.de\/magazin\/wp-json\/wp\/v2\/categories?post=622"},{"taxonomy":"post_tag","embeddable":true,"href":"https:\/\/karriere.compassio.de\/magazin\/wp-json\/wp\/v2\/tags?post=622"}],"curies":[{"name":"wp","href":"https:\/\/api.w.org\/{rel}","templated":true}]}}